{"id":218900,"date":"2016-04-08T15:25:05","date_gmt":"2016-04-08T15:25:05","guid":{"rendered":"http:\/\/diariodominicano.ddns.net\/?p=218900"},"modified":"2016-04-08T15:25:05","modified_gmt":"2016-04-08T15:25:05","slug":"bienes-nacionales-intensifica-programa-titulacion-en-el-dn-y-el-gran-santo-domingo","status":"publish","type":"post","link":"https:\/\/diariodominicano.com\/?p=218900","title":{"rendered":"Bienes Nacionales intensifica  programa titulaci\u00f3n en el DN y El Gran  Santo Domingo"},"content":{"rendered":"<p><body><\/p>\n<p><img decoding=\"async\" src=\"img3\/DSC_0052 copy.jpg\" \/>  <\/p>\n<p><span class=\"text1noticias\">Santo Domingo, R. D., 8 de abril.- El Director General de Bienes Nacionales, Doctor Emilio C\u00e9sar Rivas Rodr\u00edguez, contin\u00faa impulsando  el Programa de Titulaci\u00f3n de Terrenos y Viviendas del Estado, para que miles de dominicanos puedan formalizar la<\/span><\/p>\n<p><span class=\"text1noticias\">propiedad de sus bienes inmuebles en todo el territorio nacional.<\/span><\/p>\n<\/p>\n<p><span class=\"text1noticias\">El programa, dise\u00f1ado por el Presidente Constitucional de la Rep\u00fablica,<\/span><\/p>\n<p><span class=\"text1noticias\">Licenciado Danilo Medina, busca eliminar las trabas que obstaculizan el desarrollo econ\u00f3mico y la preservaci\u00f3n de la paz social, por la falta de titulaci\u00f3n y el registro actualizado de la propiedad inmobiliaria del Estado.<\/span><\/p>\n<p><span class=\"text1noticias\"> <\/span><\/p>\n<p><span class=\"text1noticias\">El Doctor Rivas Rodr\u00edguez desarrolla en barrios del Distrito Nacional<\/span><\/p>\n<p><span class=\"text1noticias\">y la provincia de Santo Domingo encuentros con l\u00edderes comunitarios y<\/span><\/p>\n<p><span class=\"text1noticias\">religiosos, que buscan una soluci\u00f3n definitiva al problema de la falta<\/span><\/p>\n<p><span class=\"text1noticias\">de titulaci\u00f3n de sus propiedades. En esos encuentros escucha, con<\/span><\/p>\n<p><span class=\"text1noticias\">esp\u00edritu de colaboraci\u00f3n y servicio, las peticiones de los mun\u00edcipes.<\/span><\/p>\n<\/p>\n<p><span class=\"text1noticias\">Para tales fines ha promovido reuniones en los sectores 16 de Agosto,<\/span><\/p>\n<p><span class=\"text1noticias\">Luz y Consuelo y San Jos\u00e9, en el Distrito Nacional y en Los Coquitos<\/span><\/p>\n<p><span class=\"text1noticias\">del Municipio Santo Domingo Este, donde funcionarios y otros empleados<\/span><\/p>\n<p><span class=\"text1noticias\">de la Direcci\u00f3n General de Bienes Nacionales realizan un censo entre<\/span><\/p>\n<p><span class=\"text1noticias\">sus residentes.<\/span><\/p>\n<p><span class=\"text1noticias\"> <\/span><\/p>\n<p><span class=\"text1noticias\">El Director General de Bienes Nacionales, Doctor Emilio C\u00e9sar Rivas<\/span><\/p>\n<p><span class=\"text1noticias\">Rodr\u00edguez, resalt\u00f3 el inter\u00e9s del Presidente de la Rep\u00fablica,<\/span><\/p>\n<p><span class=\"text1noticias\">Licenciado Danilo Medina, de dotar de T\u00edtulos de Propiedad a todo<\/span><\/p>\n<p><span class=\"text1noticias\">ciudadano que haya adquirido una vivienda dentro de los planes<\/span><\/p>\n<p><span class=\"text1noticias\">sociales del gobierno, o quienes hayan construido una mejora en<\/span><\/p>\n<p><span class=\"text1noticias\">terrenos del Estad<\/span>o.<\/p>\n<\/p>\n<h6> 2016-04-08 15:25:05 <\/h6>\n<p><!--\n<link rel=\"stylesheet\" href=\"css\/bootstrap.min.css\">\n\n\n<ul class=\"pagination\">\n\t    \n\t\n\n<li >\n\t<a href='?page_no=13275'>Previous<\/a>\n\t<\/li>\n\n\n       \n    \n\n<li><a href='?page_no=1'>1<\/a><\/li>\n\n\n\n<li><a href='?page_no=2'>2<\/a><\/li>\n\n\n\n<li><a>...<\/a><\/li>\n\n\n\n<li><a href='?page_no=13274'>13274<\/a><\/li>\n\n\n\n<li><a href='?page_no=13275'>13275<\/a><\/li>\n\n\n\n<li class='active'><a>13276<\/a><\/li>\n\n\n\n<li><a href='?page_no=13277'>13277<\/a><\/li>\n\n\n\n<li><a href='?page_no=13278'>13278<\/a><\/li>\n\n\n\n<li><a>...<\/a><\/li>\n\n\n\n<li><a href='?page_no=56169'>56169<\/a><\/li>\n\n\n\n<li><a href='?page_no=56170'>56170<\/a><\/li>\n\n    \n\t\n\n<li >\n\t<a href='?page_no=13277'>Next<\/a>\n\t<\/li>\n\n\n    \n\n<li><a href='?page_no=56170'>Last &rsaquo;&rsaquo;<\/a><\/li>\n\n<\/ul>\n\n\n--><br \/>\n<\/body><\/p>\n","protected":false},"excerpt":{"rendered":"<p>Santo Domingo, R. D., 8 de abril.- El Director General de Bienes Nacionales, Doctor Emilio C\u00e9sar Rivas Rodr\u00edguez, contin\u00faa impulsando el Programa de Titulaci\u00f3n de Terrenos y Viviendas del Estado, para que miles de dominicanos puedan formalizar la propiedad de sus bienes inmuebles en todo el territorio nacional. El programa, dise\u00f1ado por el Presidente Constitucional [&hellip;]<\/p>\n","protected":false},"author":3,"featured_media":0,"comment_status":"open","ping_status":"open","sticky":false,"template":"","format":"standard","meta":{"footnotes":""},"categories":[20],"tags":[],"class_list":["post-218900","post","type-post","status-publish","format-standard","hentry","category-dominicana-hoy"],"_links":{"self":[{"href":"https:\/\/diariodominicano.com\/index.php?rest_route=\/wp\/v2\/posts\/218900","targetHints":{"allow":["GET"]}}],"collection":[{"href":"https:\/\/diariodominicano.com\/index.php?rest_route=\/wp\/v2\/posts"}],"about":[{"href":"https:\/\/diariodominicano.com\/index.php?rest_route=\/wp\/v2\/types\/post"}],"author":[{"embeddable":true,"href":"https:\/\/diariodominicano.com\/index.php?rest_route=\/wp\/v2\/users\/3"}],"replies":[{"embeddable":true,"href":"https:\/\/diariodominicano.com\/index.php?rest_route=%2Fwp%2Fv2%2Fcomments&post=218900"}],"version-history":[{"count":0,"href":"https:\/\/diariodominicano.com\/index.php?rest_route=\/wp\/v2\/posts\/218900\/revisions"}],"wp:attachment":[{"href":"https:\/\/diariodominicano.com\/index.php?rest_route=%2Fwp%2Fv2%2Fmedia&parent=218900"}],"wp:term":[{"taxonomy":"category","embeddable":true,"href":"https:\/\/diariodominicano.com\/index.php?rest_route=%2Fwp%2Fv2%2Fcategories&post=218900"},{"taxonomy":"post_tag","embeddable":true,"href":"https:\/\/diariodominicano.com\/index.php?rest_route=%2Fwp%2Fv2%2Ftags&post=218900"}],"curies":[{"name":"wp","href":"https:\/\/api.w.org\/{rel}","templated":true}]}}