{"id":218898,"date":"2016-04-08T16:16:35","date_gmt":"2016-04-08T16:16:35","guid":{"rendered":"http:\/\/diariodominicano.ddns.net\/?p=218898"},"modified":"2016-04-08T16:16:35","modified_gmt":"2016-04-08T16:16:35","slug":"gobierno-inicia-construccion-centro-diagnostico-y-atencion-primaria","status":"publish","type":"post","link":"https:\/\/diariodominicano.com\/?p=218898","title":{"rendered":"Gobierno  inicia construcci\u00f3n Centro Diagn\u00f3stico y Atenci\u00f3n Primaria"},"content":{"rendered":"<p><body><\/p>\n<p><img decoding=\"async\" src=\"img3\/Foto Cienaga.jpg\" \/>  <\/p>\n<p><span class=\"text1noticias\">Santo Domingo, R. D., 8 abril.- Dentro del proceso de transformaci\u00f3n social y urbana prometido por el presidente Danilo Medina en el sector  La Ci\u00e9naga de esta capital, el Servicio Nacional de Salud inici\u00f3 el proceso de demolici\u00f3n  del local que albergaba el Centro de Atenci\u00f3n Primaria para dar paso a la construcci\u00f3n de un moderno Centro Cl\u00ednico y Diagn\u00f3stico, levantado a un costo de ocho millones de pesos.<\/span><\/p>\n<p><span class=\"text1noticias\"> <\/span><\/p>\n<p><span class=\"text1noticias\">El nuevo centro contribuir\u00e1 a descongestionar la Cuidad Sanitaria Luis Eduardo Aybar o Morgan y su construcci\u00f3n est\u00e1 enmarcada dentro del Plan Estrat\u00e9gico entregado al primer mandatario de la naci\u00f3n durante una visita a la comunidad y que busca no s\u00f3lo recuperar los r\u00edos Ozama e Isabela, sino tambi\u00e9n a la gente que vive en sus cuencas.<\/span><\/p>\n<p><span class=\"text1noticias\"> <\/span><\/p>\n<p><span class=\"text1noticias\">El acto congreg\u00f3 a los doctores Ram\u00f3n Alvarado Mendoza,  director  Nacional de Salud; F\u00e9lix Hern\u00e1ndez, director Metropolitano de Salud y Onofre Rojas, quien dirige la Comisi\u00f3n Presidencial Ozama Isabela, instituciones que unidas al SeNaSa se encargar\u00e1n de hacer realidad el nuevo centro. <\/span><\/p>\n<p><span class=\"text1noticias\"> <\/span><\/p>\n<p><span class=\"text1noticias\">Al dirigirse a los comunitarios que acudieron al encuentro, el titular del SNS destac\u00f3 que las entidades comprometidas con el nuevo centro, se  asegurar\u00e1n que los servicios sean integrales para beneficio de los m\u00e1s de quince mil residentes del sector. <\/span><\/p>\n<p><span class=\"text1noticias\"> <\/span><\/p>\n<p><span class=\"text1noticias\">\u00abLo que estamos es cumpliendo con la palabra del presidente de la Rep\u00fablica, que ha dicho que la inversi\u00f3n en la gente es lo primero en su gobierno y que en el \u00e1rea de la salud tienen que encontrar servicios humanizados\u00bb, plante\u00f3 el titular.<\/span><\/p>\n<p><span class=\"text1noticias\"> <\/span><\/p>\n<p><span class=\"text1noticias\">\u00abEl SNS con el apoyo de la Regional Metropolitana que dirige el doctor F\u00e9lix Hern\u00e1ndez y con SeNaSa, estamos aqu\u00ed para cumplir con esa palabra\u00bb, indic\u00f3 el doctor Alvarado y agreg\u00f3 que \u00abaqu\u00ed le vamos a dar calidad de vida a los pacientes\u00bb.<\/span><\/p>\n<p><span class=\"text1noticias\"> <\/span><\/p>\n<p><span class=\"text1noticias\">Anunci\u00f3 que ser\u00e1n ampliados los servicios de Ginecolog\u00eda y Obstetricia y se incorporar\u00e1 el de Salud Mental para que las familias que registren cualquier tipo de maltrato o violencia puedan recibir ayuda psicol\u00f3gica.<\/span><\/p>\n<p><span class=\"text1noticias\"> <\/span><\/p>\n<p><span class=\"text1noticias\">Sostuvo que como se ha ido estableciendo, el nuevo Centro Diagn\u00f3stico y Atenci\u00f3n Primaria dispondr\u00e1 de dos sillones de Odontolog\u00eda como una muestra de los esfuerzos del SNS para enfrentar los problemas de la salud bucal de la poblaci\u00f3n dominicana.<\/span><\/p>\n<p><span class=\"text1noticias\"> <\/span><\/p>\n<p><span class=\"text1noticias\">Asegur\u00f3 que los residentes de La Ci\u00e9naga s\u00f3lo tendr\u00e1n que acudir a la Ciudad Sanitaria Luis E. Aybar, en casos de referimientos para hospitalizaci\u00f3n.<\/span><\/p>\n<p><span class=\"text1noticias\"> <\/span><\/p>\n<p><span class=\"text1noticias\">Finalmente puntualiz\u00f3 que \u00abaqu\u00ed van a tener todo lo que vayan a buscar a un hospital, hablamos del 80 u 85 por ciento de los servicios, lo que se traduce en una conquista comunitaria en materia de salud\u00bb.  <\/span><\/p>\n<p><span class=\"text1noticias\"> <\/span><\/p>\n<p><span class=\"text1noticias\">En nombre de los comunitarios habl\u00f3 el se\u00f1or F\u00e9lix Quiroz quien expres\u00f3 la satisfacci\u00f3n de la comunidad la cual dijo que se siente feliz porque el presidente atendi\u00f3 su <\/span>reclamo.  <\/p>\n<h6> 2016-04-08 16:16:35 <\/h6>\n<p><!--\n<link rel=\"stylesheet\" href=\"css\/bootstrap.min.css\">\n\n\n<ul class=\"pagination\">\n\t    \n\t\n\n<li >\n\t<a href='?page_no=13273'>Previous<\/a>\n\t<\/li>\n\n\n       \n    \n\n<li><a href='?page_no=1'>1<\/a><\/li>\n\n\n\n<li><a href='?page_no=2'>2<\/a><\/li>\n\n\n\n<li><a>...<\/a><\/li>\n\n\n\n<li><a href='?page_no=13272'>13272<\/a><\/li>\n\n\n\n<li><a href='?page_no=13273'>13273<\/a><\/li>\n\n\n\n<li class='active'><a>13274<\/a><\/li>\n\n\n\n<li><a href='?page_no=13275'>13275<\/a><\/li>\n\n\n\n<li><a href='?page_no=13276'>13276<\/a><\/li>\n\n\n\n<li><a>...<\/a><\/li>\n\n\n\n<li><a href='?page_no=56169'>56169<\/a><\/li>\n\n\n\n<li><a href='?page_no=56170'>56170<\/a><\/li>\n\n    \n\t\n\n<li >\n\t<a href='?page_no=13275'>Next<\/a>\n\t<\/li>\n\n\n    \n\n<li><a href='?page_no=56170'>Last &rsaquo;&rsaquo;<\/a><\/li>\n\n<\/ul>\n\n\n--><br \/>\n<\/body><\/p>\n","protected":false},"excerpt":{"rendered":"<p>Santo Domingo, R. D., 8 abril.- Dentro del proceso de transformaci\u00f3n social y urbana prometido por el presidente Danilo Medina en el sector La Ci\u00e9naga de esta capital, el Servicio Nacional de Salud inici\u00f3 el proceso de demolici\u00f3n del local que albergaba el Centro de Atenci\u00f3n Primaria para dar paso a la construcci\u00f3n de un [&hellip;]<\/p>\n","protected":false},"author":3,"featured_media":0,"comment_status":"open","ping_status":"open","sticky":false,"template":"","format":"standard","meta":{"footnotes":""},"categories":[20],"tags":[],"class_list":["post-218898","post","type-post","status-publish","format-standard","hentry","category-dominicana-hoy"],"_links":{"self":[{"href":"https:\/\/diariodominicano.com\/index.php?rest_route=\/wp\/v2\/posts\/218898","targetHints":{"allow":["GET"]}}],"collection":[{"href":"https:\/\/diariodominicano.com\/index.php?rest_route=\/wp\/v2\/posts"}],"about":[{"href":"https:\/\/diariodominicano.com\/index.php?rest_route=\/wp\/v2\/types\/post"}],"author":[{"embeddable":true,"href":"https:\/\/diariodominicano.com\/index.php?rest_route=\/wp\/v2\/users\/3"}],"replies":[{"embeddable":true,"href":"https:\/\/diariodominicano.com\/index.php?rest_route=%2Fwp%2Fv2%2Fcomments&post=218898"}],"version-history":[{"count":0,"href":"https:\/\/diariodominicano.com\/index.php?rest_route=\/wp\/v2\/posts\/218898\/revisions"}],"wp:attachment":[{"href":"https:\/\/diariodominicano.com\/index.php?rest_route=%2Fwp%2Fv2%2Fmedia&parent=218898"}],"wp:term":[{"taxonomy":"category","embeddable":true,"href":"https:\/\/diariodominicano.com\/index.php?rest_route=%2Fwp%2Fv2%2Fcategories&post=218898"},{"taxonomy":"post_tag","embeddable":true,"href":"https:\/\/diariodominicano.com\/index.php?rest_route=%2Fwp%2Fv2%2Ftags&post=218898"}],"curies":[{"name":"wp","href":"https:\/\/api.w.org\/{rel}","templated":true}]}}