{"id":218897,"date":"2016-04-08T16:29:52","date_gmt":"2016-04-08T16:29:52","guid":{"rendered":"http:\/\/diariodominicano.ddns.net\/?p=218897"},"modified":"2016-04-08T16:29:52","modified_gmt":"2016-04-08T16:29:52","slug":"indotel-condena-brecha-digital-en-america-latina","status":"publish","type":"post","link":"https:\/\/diariodominicano.com\/?p=218897","title":{"rendered":"Indotel condena brecha digital en Am\u00e9rica Latina"},"content":{"rendered":"<p><body><\/p>\n<p><img decoding=\"async\" src=\"img3\/IMG_4253.JPG\" \/>  <\/p>\n<p><span class=\"text1noticias\">PUNTA CANA, La Altagracia, 8 de abril.-El director del Instituto Dominicano de las Telecomunicaciones (Indotel), calific\u00f3 como \u00abuna verg\u00fcenza\u00bb que en pleno siglo XXI haya tanta pobreza y brecha digital en Rep\u00fablica Dominicana.<\/span><\/p>\n<\/p>\n<p><span class=\"text1noticias\">Gede\u00f3n Santos critic\u00f3, adem\u00e1s, el poco alcance de las fibras \u00f3pticas, al se\u00f1alar que el territorio posee s\u00f3lo un 40%, los equipos tecnol\u00f3gicos son costosos y la carga impositiva es muy elevada.<\/span><\/p>\n<\/p>\n<p><span class=\"text1noticias\">Santos emiti\u00f3 esas consideraciones en el marco del seminario \u00abNovedades tecnol\u00f3gicas y negocios extra informativos\u00bb, durante la Reuni\u00f3n de Medio A\u00f1o de la Sociedad Interamericana de Prensa (SIP), que se realiza en Punta Cana.<\/span><\/p>\n<\/p>\n<p><span class=\"text1noticias\">El funcionario tambi\u00e9n se refiri\u00f3 a las limitaciones tecnol\u00f3gicas que afectan la regi\u00f3n de Am\u00e9rica Latina.<\/span><\/p>\n<\/p>\n<p><span class=\"text1noticias\">Asimismo, expres\u00f3 que existen tres brechas: limitaci\u00f3n en el acceso, falta de ingreso y brecha cultural. Tambi\u00e9n, conden\u00f3 el poco alcance de las fibras \u00f3pticas, ya que el territorio posee s\u00f3lo un 40%, los equipos tecnol\u00f3gicos son costosos y la carga impositiva es muy elevada.<\/span><\/p>\n<p><span class=\"text1noticias\">\u00abNecesitamos precios accesibles en el mercado, para m\u00ed es una verg\u00fcenza que en pleno siglo XXI haya tanta brecha y pobreza en toda Latinoam\u00e9rica\u00bb, indic\u00f3 Santos. <\/span><\/p>\n<\/p>\n<p><span class=\"text1noticias\">Por otro lado, los experto Ben Shaw, director de Global Advisory WAN-IFRA y Antonio Pe\u00f1a de Overboot, Argentina, exhortaron utilizar y vivir la experiencia de las innovaciones tecnol\u00f3gicas y prevenir ante la posibilidad que existe de que el internet se convierta en contenidos bloqueados y que la gente no tenga acceso.<\/span><\/p>\n<\/p>\n<p><span class=\"text1noticias\">Durante este seminario los especialistas se concentraron en el mercado y las oportunidades de negocios. El mundo digital ofrece productos y servicios que satisfacen muchas necesidades de monetizaci\u00f3n, es decir de generar dinero a trav\u00e9s de la publicidad en la web.  <\/span><\/p>\n<h6> 2016-04-08 16:29:52 <\/h6>\n<p><!--\n<link rel=\"stylesheet\" href=\"css\/bootstrap.min.css\">\n\n\n<ul class=\"pagination\">\n\t    \n\t\n\n<li >\n\t<a href='?page_no=13272'>Previous<\/a>\n\t<\/li>\n\n\n       \n    \n\n<li><a href='?page_no=1'>1<\/a><\/li>\n\n\n\n<li><a href='?page_no=2'>2<\/a><\/li>\n\n\n\n<li><a>...<\/a><\/li>\n\n\n\n<li><a href='?page_no=13271'>13271<\/a><\/li>\n\n\n\n<li><a href='?page_no=13272'>13272<\/a><\/li>\n\n\n\n<li class='active'><a>13273<\/a><\/li>\n\n\n\n<li><a href='?page_no=13274'>13274<\/a><\/li>\n\n\n\n<li><a href='?page_no=13275'>13275<\/a><\/li>\n\n\n\n<li><a>...<\/a><\/li>\n\n\n\n<li><a href='?page_no=56169'>56169<\/a><\/li>\n\n\n\n<li><a href='?page_no=56170'>56170<\/a><\/li>\n\n    \n\t\n\n<li >\n\t<a href='?page_no=13274'>Next<\/a>\n\t<\/li>\n\n\n    \n\n<li><a href='?page_no=56170'>Last &rsaquo;&rsaquo;<\/a><\/li>\n\n<\/ul>\n\n\n--><br \/>\n<\/body><\/p>\n","protected":false},"excerpt":{"rendered":"<p>PUNTA CANA, La Altagracia, 8 de abril.-El director del Instituto Dominicano de las Telecomunicaciones (Indotel), calific\u00f3 como \u00abuna verg\u00fcenza\u00bb que en pleno siglo XXI haya tanta pobreza y brecha digital en Rep\u00fablica Dominicana. Gede\u00f3n Santos critic\u00f3, adem\u00e1s, el poco alcance de las fibras \u00f3pticas, al se\u00f1alar que el territorio posee s\u00f3lo un 40%, los equipos [&hellip;]<\/p>\n","protected":false},"author":3,"featured_media":0,"comment_status":"open","ping_status":"open","sticky":false,"template":"","format":"standard","meta":{"footnotes":""},"categories":[20],"tags":[],"class_list":["post-218897","post","type-post","status-publish","format-standard","hentry","category-dominicana-hoy"],"_links":{"self":[{"href":"https:\/\/diariodominicano.com\/index.php?rest_route=\/wp\/v2\/posts\/218897","targetHints":{"allow":["GET"]}}],"collection":[{"href":"https:\/\/diariodominicano.com\/index.php?rest_route=\/wp\/v2\/posts"}],"about":[{"href":"https:\/\/diariodominicano.com\/index.php?rest_route=\/wp\/v2\/types\/post"}],"author":[{"embeddable":true,"href":"https:\/\/diariodominicano.com\/index.php?rest_route=\/wp\/v2\/users\/3"}],"replies":[{"embeddable":true,"href":"https:\/\/diariodominicano.com\/index.php?rest_route=%2Fwp%2Fv2%2Fcomments&post=218897"}],"version-history":[{"count":0,"href":"https:\/\/diariodominicano.com\/index.php?rest_route=\/wp\/v2\/posts\/218897\/revisions"}],"wp:attachment":[{"href":"https:\/\/diariodominicano.com\/index.php?rest_route=%2Fwp%2Fv2%2Fmedia&parent=218897"}],"wp:term":[{"taxonomy":"category","embeddable":true,"href":"https:\/\/diariodominicano.com\/index.php?rest_route=%2Fwp%2Fv2%2Fcategories&post=218897"},{"taxonomy":"post_tag","embeddable":true,"href":"https:\/\/diariodominicano.com\/index.php?rest_route=%2Fwp%2Fv2%2Ftags&post=218897"}],"curies":[{"name":"wp","href":"https:\/\/api.w.org\/{rel}","templated":true}]}}