{"id":218895,"date":"2016-04-08T17:32:05","date_gmt":"2016-04-08T17:32:05","guid":{"rendered":"http:\/\/diariodominicano.ddns.net\/?p=218895"},"modified":"2016-04-08T17:32:05","modified_gmt":"2016-04-08T17:32:05","slug":"acusan-invasion-terreno","status":"publish","type":"post","link":"https:\/\/diariodominicano.com\/?p=218895","title":{"rendered":"Acusan invasi\u00f3n terreno"},"content":{"rendered":"<p><body><\/p>\n<p><img decoding=\"async\" src=\"img3\/IMG_3278.JPG\" \/>  <\/p>\n<p><strong><span class=\"text1noticias\">San Crist\u00f3bal. RD., 8 de abril.- <\/span><\/strong><span class=\"text1noticias\">Los directivos de la junta de vecinos de la Urbanizaci\u00f3n Montas, denunciaron que el presidente y otros directivos de la Asociaci\u00f3n de personas con discapacidad, han invadido y han distribuidos los terrenos de \u00e1reas verdes.<\/span><\/p>\n<\/p>\n<p><span class=\"text1noticias\">Aracelis de los Santos, presidenta de la junta de vecinos y Lessep de Le\u00f3n, ex presidente de la c\u00e1mara de comercio y producci\u00f3n, manifestaron que la invasi\u00f3n a los terrenos es encabezada por Leonardo<\/span><\/p>\n<p><span class=\"text1noticias\">D\u00edaz, presidente de la asociaci\u00f3n de discapacitado, quien alega que en los mismos se contempla construir un centro para la formaci\u00f3n y capacitaci\u00f3n de las personas con discapacidad para esta zona.<\/span><\/p>\n<\/p>\n<p><span class=\"text1noticias\">\u00abColocaron un letrero tomando el emblema y escudo de la Presidencia de la Rep\u00fablica\u00bb, manifestaron.<\/span><\/p>\n<\/p>\n<p><span class=\"text1noticias\">Agregaron que el \u00e1rea verde pertenece a las familias que residen en el ensanche \u00abMontas\u00bb y de estaba siendo conservada para la construcci\u00f3n de un parque infantil.<\/span><\/p>\n<\/p>\n<p><span class=\"text1noticias\">Manifestaron, que si los directivos de la asociaci\u00f3n de minusv\u00e1lido siguen molestando o invadiendo los terrenos, el caso ser\u00e1 llevado a los tribunales en vista de ellos tienen los t\u00edtulos y otros documentos<\/span><\/p>\n<p><span class=\"text1noticias\">que lo acreditan como propietario de dicho predios.<\/span><\/p>\n<\/p>\n<p><span class=\"text1noticias\">Se\u00f1alan los directivos de la Junta de Vecinos de la urbanizaci\u00f3n \u00abMontas\u00bb, que Leonardo D\u00edaz invade los terrenos del \u00e1rea verde, lo est\u00e1n haciendo aprovech\u00e1ndose de que estamos en campa\u00f1a. <\/span><\/p>\n<h6> 2016-04-08 17:32:05 <\/h6>\n<p><!--\n<link rel=\"stylesheet\" href=\"css\/bootstrap.min.css\">\n\n\n<ul class=\"pagination\">\n\t    \n\t\n\n<li >\n\t<a href='?page_no=13270'>Previous<\/a>\n\t<\/li>\n\n\n       \n    \n\n<li><a href='?page_no=1'>1<\/a><\/li>\n\n\n\n<li><a href='?page_no=2'>2<\/a><\/li>\n\n\n\n<li><a>...<\/a><\/li>\n\n\n\n<li><a href='?page_no=13269'>13269<\/a><\/li>\n\n\n\n<li><a href='?page_no=13270'>13270<\/a><\/li>\n\n\n\n<li class='active'><a>13271<\/a><\/li>\n\n\n\n<li><a href='?page_no=13272'>13272<\/a><\/li>\n\n\n\n<li><a href='?page_no=13273'>13273<\/a><\/li>\n\n\n\n<li><a>...<\/a><\/li>\n\n\n\n<li><a href='?page_no=56169'>56169<\/a><\/li>\n\n\n\n<li><a href='?page_no=56170'>56170<\/a><\/li>\n\n    \n\t\n\n<li >\n\t<a href='?page_no=13272'>Next<\/a>\n\t<\/li>\n\n\n    \n\n<li><a href='?page_no=56170'>Last &rsaquo;&rsaquo;<\/a><\/li>\n\n<\/ul>\n\n\n--><br \/>\n<\/body><\/p>\n","protected":false},"excerpt":{"rendered":"<p>San Crist\u00f3bal. RD., 8 de abril.- Los directivos de la junta de vecinos de la Urbanizaci\u00f3n Montas, denunciaron que el presidente y otros directivos de la Asociaci\u00f3n de personas con discapacidad, han invadido y han distribuidos los terrenos de \u00e1reas verdes. Aracelis de los Santos, presidenta de la junta de vecinos y Lessep de Le\u00f3n, [&hellip;]<\/p>\n","protected":false},"author":3,"featured_media":0,"comment_status":"open","ping_status":"open","sticky":false,"template":"","format":"standard","meta":{"footnotes":""},"categories":[20],"tags":[],"class_list":["post-218895","post","type-post","status-publish","format-standard","hentry","category-dominicana-hoy"],"_links":{"self":[{"href":"https:\/\/diariodominicano.com\/index.php?rest_route=\/wp\/v2\/posts\/218895","targetHints":{"allow":["GET"]}}],"collection":[{"href":"https:\/\/diariodominicano.com\/index.php?rest_route=\/wp\/v2\/posts"}],"about":[{"href":"https:\/\/diariodominicano.com\/index.php?rest_route=\/wp\/v2\/types\/post"}],"author":[{"embeddable":true,"href":"https:\/\/diariodominicano.com\/index.php?rest_route=\/wp\/v2\/users\/3"}],"replies":[{"embeddable":true,"href":"https:\/\/diariodominicano.com\/index.php?rest_route=%2Fwp%2Fv2%2Fcomments&post=218895"}],"version-history":[{"count":0,"href":"https:\/\/diariodominicano.com\/index.php?rest_route=\/wp\/v2\/posts\/218895\/revisions"}],"wp:attachment":[{"href":"https:\/\/diariodominicano.com\/index.php?rest_route=%2Fwp%2Fv2%2Fmedia&parent=218895"}],"wp:term":[{"taxonomy":"category","embeddable":true,"href":"https:\/\/diariodominicano.com\/index.php?rest_route=%2Fwp%2Fv2%2Fcategories&post=218895"},{"taxonomy":"post_tag","embeddable":true,"href":"https:\/\/diariodominicano.com\/index.php?rest_route=%2Fwp%2Fv2%2Ftags&post=218895"}],"curies":[{"name":"wp","href":"https:\/\/api.w.org\/{rel}","templated":true}]}}