{"id":218894,"date":"2016-04-08T18:41:42","date_gmt":"2016-04-08T18:41:42","guid":{"rendered":"http:\/\/diariodominicano.ddns.net\/?p=218894"},"modified":"2016-04-08T18:41:42","modified_gmt":"2016-04-08T18:41:42","slug":"rafael-bonelly-plantea-los-medios-de-comunicacion-deben-cambiar-el-modelo-de-negocio","status":"publish","type":"post","link":"https:\/\/diariodominicano.com\/?p=218894","title":{"rendered":"Rafael Bonelly plantea los medios de comunicaci\u00f3n deben cambiar el modelo de negocio&#13;"},"content":{"rendered":"<p><body><\/p>\n<p><img decoding=\"async\" src=\"img3\/Bonnelly.jpg\" \/><br \/><img decoding=\"async\" src=\"img3\/3 (1).JPG\" \/>  <\/p>\n<p><strong>Rafael Bonelly, presidente de ClicLogix.<\/strong><\/p>\n<\/p>\n<p><strong><span class=\"text1noticias\">PUNTA CANA, La Altagracia, 8 de Abril de 2016.- <\/span><\/strong><span class=\"text1noticias\">. El presidente de ClicLogix, Rafael Bonelly, dijo que en el proceso de transformaci\u00f3n de los medios de comunicaci\u00f3n hay tres pasos b\u00e1sicos que se deben tomar en cuenta, como el diagn\u00f3stico y determinaci\u00f3n de oportunidades, aceleraci\u00f3n sin perder el tiempo y la medici\u00f3n de todo.<\/span><\/p>\n<\/p>\n<p><span class=\"text1noticias\">Expres\u00f3 que los medios de comunicaci\u00f3n siempre han estado en constante transformaci\u00f3n y que las crisis de los mismos no est\u00e1n ajenas a los diferentes per\u00edodos de cambio.<\/span><\/p>\n<\/p>\n<p><strong>Parte de los periodistas y directores de medios de comunicaci\u00f3n que asisten a la Reuni\u00f3n de Medio A\u00f1o de la SIP, en Punta Cana.<\/strong><\/p>\n<\/p>\n<p><span class=\"text1noticias\">Durante el seminario Audiencia y Transformaci\u00f3n Digital, impartido en la Reuni\u00f3n de Medio A\u00f1o de la Sociedad Interamericana de Prensa (SIP), en Punta Cana, Bonelly explic\u00f3 que 20 a\u00f1os atr\u00e1s las empresas period\u00edsticas ense\u00f1aban hacer las mismas cosas, por lo que la transformaci\u00f3n de los medios era \u00abcosm\u00e9tica\u00bb, ya que s\u00f3lo cambiaban los formatos de las p\u00e1ginas, como ponerlas a color o agregarles secciones.<\/span><\/p>\n<\/p>\n<p><span class=\"text1noticias\">\u00abHoy tenemos que cambiar la manera en que hacemos las cosas. Ya no es suficiente el cambio cosm\u00e9tico, hoy en d\u00eda hay que cambiar el modelo de negocio\u00bb, dijo Bonelly.<\/span><\/p>\n<\/p>\n<p><span class=\"text1noticias\">Tambi\u00e9n se\u00f1al\u00f3 que los medios de comunicaci\u00f3n no han perdido su rol principal, ser intermediario en el mercado de oferta y demanda de las personas que se informan y de los que hacen negocio. <\/span><\/p>\n<\/p>\n<p><span class=\"text1noticias\">Agreg\u00f3 que en las \u00faltimas dos d\u00e9cadas la oferta que ofrecen los medios de comunicaci\u00f3n no es consumida por el mismo p\u00fablico porque cambiaron los consumidores, quienes ahora son llamados \u00abSO-LO-MO\u00bb, Social, Local Mo. Esto as\u00ed, porque la mayor cantidad de los lectores se informan del contenido de los medios a trav\u00e9s de las redes sociales y luego leen los medios tradicionales.<\/span><\/p>\n<\/p>\n<p><span class=\"text1noticias\">\u00abCambiaron los soportes, los competidores y los clientes, porque hoy los clientes tiene la capacidad de llegar a los consumidores directamente. A trav\u00e9s de las segmentaciones se pueden identifican en grupo la tipolog\u00eda de usuarios que tienen los medios de comunicaci\u00f3n en la web y llegar a ellos\u00bb, indic\u00f3 Bonelly. <\/span><\/p>\n<\/p>\n<\/p>\n<h6> 2016-04-08 18:41:42 <\/h6>\n<p><!--\n<link rel=\"stylesheet\" href=\"css\/bootstrap.min.css\">\n\n\n<ul class=\"pagination\">\n\t    \n\t\n\n<li >\n\t<a href='?page_no=13269'>Previous<\/a>\n\t<\/li>\n\n\n       \n    \n\n<li><a href='?page_no=1'>1<\/a><\/li>\n\n\n\n<li><a href='?page_no=2'>2<\/a><\/li>\n\n\n\n<li><a>...<\/a><\/li>\n\n\n\n<li><a href='?page_no=13268'>13268<\/a><\/li>\n\n\n\n<li><a href='?page_no=13269'>13269<\/a><\/li>\n\n\n\n<li class='active'><a>13270<\/a><\/li>\n\n\n\n<li><a href='?page_no=13271'>13271<\/a><\/li>\n\n\n\n<li><a href='?page_no=13272'>13272<\/a><\/li>\n\n\n\n<li><a>...<\/a><\/li>\n\n\n\n<li><a href='?page_no=56169'>56169<\/a><\/li>\n\n\n\n<li><a href='?page_no=56170'>56170<\/a><\/li>\n\n    \n\t\n\n<li >\n\t<a href='?page_no=13271'>Next<\/a>\n\t<\/li>\n\n\n    \n\n<li><a href='?page_no=56170'>Last &rsaquo;&rsaquo;<\/a><\/li>\n\n<\/ul>\n\n\n--><br \/>\n<\/body><\/p>\n","protected":false},"excerpt":{"rendered":"<p>Rafael Bonelly, presidente de ClicLogix. PUNTA CANA, La Altagracia, 8 de Abril de 2016.- . El presidente de ClicLogix, Rafael Bonelly, dijo que en el proceso de transformaci\u00f3n de los medios de comunicaci\u00f3n hay tres pasos b\u00e1sicos que se deben tomar en cuenta, como el diagn\u00f3stico y determinaci\u00f3n de oportunidades, aceleraci\u00f3n sin perder el tiempo [&hellip;]<\/p>\n","protected":false},"author":3,"featured_media":0,"comment_status":"open","ping_status":"open","sticky":false,"template":"","format":"standard","meta":{"footnotes":""},"categories":[20],"tags":[],"class_list":["post-218894","post","type-post","status-publish","format-standard","hentry","category-dominicana-hoy"],"_links":{"self":[{"href":"https:\/\/diariodominicano.com\/index.php?rest_route=\/wp\/v2\/posts\/218894","targetHints":{"allow":["GET"]}}],"collection":[{"href":"https:\/\/diariodominicano.com\/index.php?rest_route=\/wp\/v2\/posts"}],"about":[{"href":"https:\/\/diariodominicano.com\/index.php?rest_route=\/wp\/v2\/types\/post"}],"author":[{"embeddable":true,"href":"https:\/\/diariodominicano.com\/index.php?rest_route=\/wp\/v2\/users\/3"}],"replies":[{"embeddable":true,"href":"https:\/\/diariodominicano.com\/index.php?rest_route=%2Fwp%2Fv2%2Fcomments&post=218894"}],"version-history":[{"count":0,"href":"https:\/\/diariodominicano.com\/index.php?rest_route=\/wp\/v2\/posts\/218894\/revisions"}],"wp:attachment":[{"href":"https:\/\/diariodominicano.com\/index.php?rest_route=%2Fwp%2Fv2%2Fmedia&parent=218894"}],"wp:term":[{"taxonomy":"category","embeddable":true,"href":"https:\/\/diariodominicano.com\/index.php?rest_route=%2Fwp%2Fv2%2Fcategories&post=218894"},{"taxonomy":"post_tag","embeddable":true,"href":"https:\/\/diariodominicano.com\/index.php?rest_route=%2Fwp%2Fv2%2Ftags&post=218894"}],"curies":[{"name":"wp","href":"https:\/\/api.w.org\/{rel}","templated":true}]}}