{"id":218892,"date":"2016-04-09T08:08:47","date_gmt":"2016-04-09T08:08:47","guid":{"rendered":"http:\/\/diariodominicano.ddns.net\/?p=218892"},"modified":"2016-04-09T08:08:47","modified_gmt":"2016-04-09T08:08:47","slug":"millennials-y-redes-sociales-nuevo-punto-de-enfoque-para-los-medios-de-comunicacion","status":"publish","type":"post","link":"https:\/\/diariodominicano.com\/?p=218892","title":{"rendered":"Millennials y redes sociales: Nuevo punto de enfoque para los medios de comunicaci\u00f3n"},"content":{"rendered":"<p><body><\/p>\n<p><img decoding=\"async\" src=\"img3\/IMG_4475.JPG\" \/><br \/><img decoding=\"async\" src=\"img3\/af7f474d-40d2-4176-a46b-fe52c31b1994.jpg\" \/><br \/><img decoding=\"async\" src=\"img3\/IMG_4558.JPG\" \/>  <\/p>\n<p><strong>Sa\u00fal Leal, Fabricio Altamirro y Ra\u00fal L\u00f3pez Valerio, durante el seminario sobre \u00abRedes sociales y Millennials\u00bb.<\/strong><\/p>\n<p><strong> <\/strong><\/p>\n<p><strong> <\/strong><\/p>\n<p><strong>PUNTA CANA, La Altagracia, 8 DE ABRIL.- <\/strong>Las redes sociales transforman radicalmente la forma en que vivimos, trabajamos, consumimos objetos y noticias, nos cultivamos y nos entretenemos. Para los Millennials las redes son el veh\u00edculo preferido para identificarse, reconocerse y comunicarse.<\/p>\n<\/p>\n<p>As\u00ed lo explicaron los panelistas Sa\u00fal Leal, de Desere Digital Media y Arturo L\u00f3pez Valerio, de Tabuga Santo Domingo, quienes hablaron sobre las nuevas tendencias y comportamientos de los diferentes usuarios de las redes sociales.<\/p>\n<\/p>\n<p><strong>Arturo L\u00f3pez Valerio, de Tabuga, Santo Domingo.<\/strong><\/p>\n<\/p>\n<\/p>\n<p>\u00abHay tres fases que son fundamentales en la relaci\u00f3n red social-cliente. Estas son: Modelo del producto, donde se debe crear un contenido eficiente que seduzca a la generaci\u00f3n Millennials; un modelo de distribuci\u00f3n, en el cual se da una interacci\u00f3n entre autores de contenidos y la audiencia; y una tercera fase que es el Modelo de Negocio\u00bb, explic\u00f3 Sa\u00fal Leal, creador de la p\u00e1gina Family Share Network, quien tiene m\u00e1s de 100 millones de seguidores en Facebook.<\/p>\n<\/p>\n<p><strong>Sa\u00fal Leal, de Deseret Digital Media, Utah, Estados Unidos.<\/strong><\/p>\n<\/p>\n<p>De su lado, el mercad\u00f3logo Arturo L\u00f3pez Valerio resalt\u00f3 que lom\u00e1s importante para los medios de comunicaci\u00f3n es medir el comportamiento de su audiencia y que en los \u00faltimos a\u00f1os se han desarrollado m\u00faltiples programas y aplicaciones para tales fines.<\/p>\n<p>\u00abSeg\u00fan una medici\u00f3n, el 40 % de los usuarios de Facebook miran el contenido e interact\u00faan en la plataforma digital: solo un 60 % solo mira el contenido. Esto significa, que al usuario entrar, salir y volver a visitor el contenido mostro un comportamiento y eso es lo que el medio debe aprovechar y medir\u00bb, sostuvo L\u00f3pez.<\/p>\n<p>El seminario titulado Redes Sociales y Millennials fue impartido en el marco de la celebraci\u00f3n de la Asamblea de Medio A\u00f1o de la Sociedad Interamericana de Prensa (SIP), realizada en las instalaciones del hotel Westin Puntacana Resort &amp; Club.<\/p>\n<\/p>\n<h6> 2016-04-09 08:08:47 <\/h6>\n<p><!--\n<link rel=\"stylesheet\" href=\"css\/bootstrap.min.css\">\n\n\n<ul class=\"pagination\">\n\t    \n\t\n\n<li >\n\t<a href='?page_no=13268'>Previous<\/a>\n\t<\/li>\n\n\n       \n    \n\n<li><a href='?page_no=1'>1<\/a><\/li>\n\n\n\n<li><a href='?page_no=2'>2<\/a><\/li>\n\n\n\n<li><a>...<\/a><\/li>\n\n\n\n<li><a href='?page_no=13267'>13267<\/a><\/li>\n\n\n\n<li><a href='?page_no=13268'>13268<\/a><\/li>\n\n\n\n<li class='active'><a>13269<\/a><\/li>\n\n\n\n<li><a href='?page_no=13270'>13270<\/a><\/li>\n\n\n\n<li><a href='?page_no=13271'>13271<\/a><\/li>\n\n\n\n<li><a>...<\/a><\/li>\n\n\n\n<li><a href='?page_no=56169'>56169<\/a><\/li>\n\n\n\n<li><a href='?page_no=56170'>56170<\/a><\/li>\n\n    \n\t\n\n<li >\n\t<a href='?page_no=13270'>Next<\/a>\n\t<\/li>\n\n\n    \n\n<li><a href='?page_no=56170'>Last &rsaquo;&rsaquo;<\/a><\/li>\n\n<\/ul>\n\n\n--><br \/>\n<\/body><\/p>\n","protected":false},"excerpt":{"rendered":"<p>Sa\u00fal Leal, Fabricio Altamirro y Ra\u00fal L\u00f3pez Valerio, durante el seminario sobre \u00abRedes sociales y Millennials\u00bb. PUNTA CANA, La Altagracia, 8 DE ABRIL.- Las redes sociales transforman radicalmente la forma en que vivimos, trabajamos, consumimos objetos y noticias, nos cultivamos y nos entretenemos. Para los Millennials las redes son el veh\u00edculo preferido para identificarse, reconocerse [&hellip;]<\/p>\n","protected":false},"author":3,"featured_media":0,"comment_status":"open","ping_status":"open","sticky":false,"template":"","format":"standard","meta":{"footnotes":""},"categories":[20],"tags":[],"class_list":["post-218892","post","type-post","status-publish","format-standard","hentry","category-dominicana-hoy"],"_links":{"self":[{"href":"https:\/\/diariodominicano.com\/index.php?rest_route=\/wp\/v2\/posts\/218892","targetHints":{"allow":["GET"]}}],"collection":[{"href":"https:\/\/diariodominicano.com\/index.php?rest_route=\/wp\/v2\/posts"}],"about":[{"href":"https:\/\/diariodominicano.com\/index.php?rest_route=\/wp\/v2\/types\/post"}],"author":[{"embeddable":true,"href":"https:\/\/diariodominicano.com\/index.php?rest_route=\/wp\/v2\/users\/3"}],"replies":[{"embeddable":true,"href":"https:\/\/diariodominicano.com\/index.php?rest_route=%2Fwp%2Fv2%2Fcomments&post=218892"}],"version-history":[{"count":0,"href":"https:\/\/diariodominicano.com\/index.php?rest_route=\/wp\/v2\/posts\/218892\/revisions"}],"wp:attachment":[{"href":"https:\/\/diariodominicano.com\/index.php?rest_route=%2Fwp%2Fv2%2Fmedia&parent=218892"}],"wp:term":[{"taxonomy":"category","embeddable":true,"href":"https:\/\/diariodominicano.com\/index.php?rest_route=%2Fwp%2Fv2%2Fcategories&post=218892"},{"taxonomy":"post_tag","embeddable":true,"href":"https:\/\/diariodominicano.com\/index.php?rest_route=%2Fwp%2Fv2%2Ftags&post=218892"}],"curies":[{"name":"wp","href":"https:\/\/api.w.org\/{rel}","templated":true}]}}