{"id":218891,"date":"2016-04-09T10:26:12","date_gmt":"2016-04-09T10:26:12","guid":{"rendered":"http:\/\/diariodominicano.ddns.net\/?p=218891"},"modified":"2016-04-09T10:26:12","modified_gmt":"2016-04-09T10:26:12","slug":"presidente-consejo-regional-de-desarrollo-propone-tareas-para-el-desarrollo-cibao-central","status":"publish","type":"post","link":"https:\/\/diariodominicano.com\/?p=218891","title":{"rendered":"Presidente Consejo Regional de Desarrollo propone tareas para el desarrollo Cibao Central"},"content":{"rendered":"<p><body><\/p>\n<p><img decoding=\"async\" src=\"img3\/Dr.  Abraham Abukarma Cabrera.jpg\" \/>  <\/p>\n<p><span class=\"text1noticias\">Santo Domingo. RD., 9 de abril.- Las estrategias del Consejo Regional de Desarrollo, Inc. (CRD), con relaci\u00f3n al per\u00edodo gubernamental 2016-2020, proponen como tareas primordiales de la responsabilidad del pr\u00f3ximo gobierno y los partidos, la priorizaci\u00f3n de pol\u00edticas y proyectos que han venido requiriendo las provincias de la Regi\u00f3n Nordeste, el Cibao Central y las dem\u00e1s subregiones del pa\u00eds,  para enrumbar su poblaci\u00f3n  y sus estructuras productivas,  hacia un desarrollo palpable.<\/span><\/p>\n<\/p>\n<p><span class=\"text1noticias\">Objetivos que procura su concretizaci\u00f3n, por medio de las transformaciones que requieren sus zonas rurales y urbanas, para posibilitar a sus fuerzas y estructuras productivas,  proveerse de las plataformas que ameritan, para asumir un mejor rol,  en la soluci\u00f3n de los problemas alimenticios y atraso social que afectan a  la poblaci\u00f3n local y mundial, adem\u00e1s, para una eficaz inserci\u00f3n del  pa\u00eds en el comercio internacional.<\/span><\/p>\n<\/p>\n<p><span class=\"text1noticias\">Respecto a lo cual, traza  imponernos como gu\u00eda, la necesidad de que se implante un cambio de visi\u00f3n y mentalidad, que adem\u00e1s de motorizar el surgimiento de un sistema de producci\u00f3n y comercio eficiente, garantice a los productores y obreros agr\u00edcolas junto a sus familias, cambios profundos en sus niveles educativos  y un mejoramiento sustancial del h\u00e1bitat en el que viven.<\/span><\/p>\n<\/p>\n<p><span class=\"text1noticias\">Columnas que viabiliza, sustentando su \u00e9xito, en pol\u00edticas e iniciativas que posibiliten en las zonas rurales y urbanas de nuestras regiones, la engendraci\u00f3n de una revoluci\u00f3n social, tecnol\u00f3gica e industrial, as\u00ed como  tambi\u00e9n, lograr la detenci\u00f3n en ellas, de la acelerada destrucci\u00f3n de los valiosos recursos acu\u00edferos y forestales que a\u00fan conservan, como garant\u00eda de la preservaci\u00f3n de las vidas y del progreso socioecon\u00f3mico que aspiran  los dominicanos y dominicanas.<\/span><\/p>\n<p><span class=\"text1noticias\">Plataforma para el desarrollo regional:<\/span><\/p>\n<\/p>\n<p><span class=\"text1noticias\">El CRD, como parte de la plataforma de desarrollo,  sugiere, dar paso al Ferrocarril Internacional Nordeste-Dominicana-Hait\u00ed y el Aer\u00f3dromo M\u00faltiple del Nordeste,  complementado con la conversi\u00f3n de las regionales del Ministerio de Agricultura en Viceministerio de Producci\u00f3n  y de Biotecnolog\u00edas, junto a la implementaci\u00f3n de iniciativas que transformen el h\u00e1bitat de nuestros campos y las zonas urbanas de sus entornos, para hacerlos vivibles.<\/span><\/p>\n<\/p>\n<p><span class=\"text1noticias\">Adem\u00e1s,  la edificaci\u00f3n  de un muelle en la provincia Mar\u00eda Trinidad S\u00e1nchez y la optimizaci\u00f3n del Puerto de Arroyo Barril con la puesta  operaci\u00f3n en el mismo de una  Flota Mercante, a lo cual, deben  unirse el establecimiento de flotas mercantes en los puertos de Puerto Plata y Manzanillo., as\u00ed como, centros de acopios locales y el establecimiento de megas mercados regionales.<\/span><\/p>\n<\/p>\n<p><span class=\"text1noticias\">Asimismo, la conversi\u00f3n de las diversas zonas francas en plantas agroindustriales y centros biotecnol\u00f3gicos, teniendo como soporte un corredor vial conformado por la avenida de circunvalaci\u00f3n de San Francisco de Macor\u00eds, la carretera comercial y ecotur\u00edstica Cotui-San Francisco- R\u00edo San Juan y  una v\u00eda expresa Nagua- San Francisco-Salcedo-Moca.<\/span><\/p>\n<\/p>\n<p><span class=\"text1noticias\">Estima  relevante,  el levantamiento de la Presa del Alto Yuna,  el proyecto agr\u00edcola e hidroel\u00e9ctrico de la presa de los r\u00edos Boba y Bagui y la plena ejecuci\u00f3n en el bajo Yuna del Proyecto Agr\u00edcola Aglipo,  para hacer del pa\u00eds uno de los principales graneros de Am\u00e9rica Latina.<\/span><\/p>\n<p><span class=\"text1noticias\">Tambi\u00e9n, dar  soluci\u00f3n a los graves problemas sanitarios y de tratamiento de sus aguas negras y cloacales, que padecen sus comunidades rurales y urbanas,  propulsando mejores sistemas sanitarios.<\/span><\/p>\n<\/p>\n<p><span class=\"text1noticias\">Iniciativas  para las provincias del Nordeste:<\/span><\/p>\n<\/p>\n<p><span class=\"text1noticias\">En la Provincia Duarte: Dar paso al Aer\u00f3dromo M\u00faltiple del Nordeste, la edificaci\u00f3n de una Plaza Regional de Especialidades M\u00e9dicas, dotada de las m\u00e1s altas tecnolog\u00edas. La avenida de Circunvalaci\u00f3n de San Francisco, convertir a cuatro v\u00edas la carretera San Francisco-Autopista Duarte ,  la modificaci\u00f3n estructural y funcional de la Direcci\u00f3n Regional de Agricultura, con su conversi\u00f3n en un Viceministerio de Producci\u00f3n y de Biotecnolog\u00eda y la edificaci\u00f3n de un Mega Mercado Regional. Tambi\u00e9n le resulta important\u00edsimo,  la construcci\u00f3n del Centro Regional de la Cultura y un Centro Regional de concentraci\u00f3n de Atletas de alto rendimiento.<\/span><\/p>\n<\/p>\n<p><span class=\"text1noticias\">En la Provincia S\u00e1nchez Ram\u00edrez: Un proyecto importante consiste en transformar el actual parque de Zona Franca en un Centro de   desarrollo de las Mipymes, dotando al mismo de una escuela vocacional de alta tecnolog\u00eda. Asimismo, construir la avenida del entorno de la presa de Hatillo, soluci\u00f3n a sus graves problemas sanitarios, as\u00ed como,  el levantamiento de un acueducto m\u00faltiple, por la grave falta de agua potable que padece,  pese a la existencia de la presa de Hatillo.<\/span><\/p>\n<\/p>\n<p><span class=\"text1noticias\">En la Provincia Mar\u00eda Trinidad S\u00e1nchez: El CRD est\u00e1 planteando utilizar la inmensa riqueza natural de la zona por medio de la industrializaci\u00f3n del coco, apoyo a los pescadores de Matancita y Boba, como tambi\u00e9n,  el rescate y la rehabilitaci\u00f3n del Consorcio Cooperativo El Pozo para producir los cereales que requiere el pa\u00eds y otras naciones adyacentes, adem\u00e1s, considera de vital importancia el levantamiento del Proyecto Agr\u00edcola e Hidroel\u00e9ctrico de la Presa de los r\u00edos Boba-Bagui y del Malec\u00f3n de Nagua, al ser  iniciativas necesarias para relanzar el aparato productivo de la regi\u00f3n.<\/span><\/p>\n<\/p>\n<p><span class=\"text1noticias\">En la Provincia Saman\u00e1: La optimizaci\u00f3n del Puerto de Arroyo Barril con la puesta en operaci\u00f3n en el mismo de una flota mercante y profundizar su uso en el turismo de crucero, la industrializaci\u00f3n del coco, apoyo a los pescadores de S\u00e1nchez, Las Terrenas y Saman\u00e1,  para su incrustaci\u00f3n en un proceso industrial y tecnol\u00f3gico, y adem\u00e1s, la construcci\u00f3n a cuatro v\u00edas de la carretera Saman\u00e1- Nagua- San Francisco-Tenares-Salcedo- Moca-Santiago.<\/span><\/p>\n<\/p>\n<p><span class=\"text1noticias\">En la Provincia Hermanas Mirabal: La soluci\u00f3n a sus graves problemas sanitarios y de suministro de agua mediante un acueducto M\u00faltiple eficiente  y un adecuado sistema cloacal, eficientizar su conexi\u00f3n vial con el Nordeste y el Cibao Central,  adem\u00e1s,  impulsar cambios profundos en sus zonas francas y  en sus centros agr\u00edcolas, af\u00edn  de convertirlas en plantas agroindustriales y de altas tecnolog\u00edas.<\/span><\/p>\n<\/p>\n<p><span class=\"text1noticias\">Lineamiento sugerido por el CRD:<\/span><\/p>\n<\/p>\n<p><span class=\"text1noticias\">El  Consejo Regional de Desarrollo, Inc. (CRD), quien aglutina  las provincias de la Regi\u00f3n Nordeste y el Cibao Central de la Rep\u00fablica Dominicana, entiende  que se debe asumir las iniciativas que propone en el  c,.de la propuesta del gobierno hecha por el Presidente Danilo medina S a su vez, dar paso  al cuatrenio presidencial 2016-2020, no s\u00f3lo por ser compromisos contra\u00eddos por los diversos partidos con el pa\u00eds en sus programas de gobierno, sino tambi\u00e9n, para conducir nuestra naci\u00f3n hacia mejores horizontes que le garanticen asegurar el bienestar, la paz y la justicia  social, que anhelan  todos los que componentes de la sociedad dominicana.<\/span><\/p>\n<\/p>\n<\/p>\n<h6> 2016-04-09 10:26:12 <\/h6>\n<p><!--\n<link rel=\"stylesheet\" href=\"css\/bootstrap.min.css\">\n\n\n<ul class=\"pagination\">\n\t    \n\t\n\n<li >\n\t<a href='?page_no=13267'>Previous<\/a>\n\t<\/li>\n\n\n       \n    \n\n<li><a href='?page_no=1'>1<\/a><\/li>\n\n\n\n<li><a href='?page_no=2'>2<\/a><\/li>\n\n\n\n<li><a>...<\/a><\/li>\n\n\n\n<li><a href='?page_no=13266'>13266<\/a><\/li>\n\n\n\n<li><a href='?page_no=13267'>13267<\/a><\/li>\n\n\n\n<li class='active'><a>13268<\/a><\/li>\n\n\n\n<li><a href='?page_no=13269'>13269<\/a><\/li>\n\n\n\n<li><a href='?page_no=13270'>13270<\/a><\/li>\n\n\n\n<li><a>...<\/a><\/li>\n\n\n\n<li><a href='?page_no=56169'>56169<\/a><\/li>\n\n\n\n<li><a href='?page_no=56170'>56170<\/a><\/li>\n\n    \n\t\n\n<li >\n\t<a href='?page_no=13269'>Next<\/a>\n\t<\/li>\n\n\n    \n\n<li><a href='?page_no=56170'>Last &rsaquo;&rsaquo;<\/a><\/li>\n\n<\/ul>\n\n\n--><br \/>\n<\/body><\/p>\n","protected":false},"excerpt":{"rendered":"<p>Santo Domingo. RD., 9 de abril.- Las estrategias del Consejo Regional de Desarrollo, Inc. (CRD), con relaci\u00f3n al per\u00edodo gubernamental 2016-2020, proponen como tareas primordiales de la responsabilidad del pr\u00f3ximo gobierno y los partidos, la priorizaci\u00f3n de pol\u00edticas y proyectos que han venido requiriendo las provincias de la Regi\u00f3n Nordeste, el Cibao Central y las [&hellip;]<\/p>\n","protected":false},"author":3,"featured_media":0,"comment_status":"open","ping_status":"open","sticky":false,"template":"","format":"standard","meta":{"footnotes":""},"categories":[20],"tags":[],"class_list":["post-218891","post","type-post","status-publish","format-standard","hentry","category-dominicana-hoy"],"_links":{"self":[{"href":"https:\/\/diariodominicano.com\/index.php?rest_route=\/wp\/v2\/posts\/218891","targetHints":{"allow":["GET"]}}],"collection":[{"href":"https:\/\/diariodominicano.com\/index.php?rest_route=\/wp\/v2\/posts"}],"about":[{"href":"https:\/\/diariodominicano.com\/index.php?rest_route=\/wp\/v2\/types\/post"}],"author":[{"embeddable":true,"href":"https:\/\/diariodominicano.com\/index.php?rest_route=\/wp\/v2\/users\/3"}],"replies":[{"embeddable":true,"href":"https:\/\/diariodominicano.com\/index.php?rest_route=%2Fwp%2Fv2%2Fcomments&post=218891"}],"version-history":[{"count":0,"href":"https:\/\/diariodominicano.com\/index.php?rest_route=\/wp\/v2\/posts\/218891\/revisions"}],"wp:attachment":[{"href":"https:\/\/diariodominicano.com\/index.php?rest_route=%2Fwp%2Fv2%2Fmedia&parent=218891"}],"wp:term":[{"taxonomy":"category","embeddable":true,"href":"https:\/\/diariodominicano.com\/index.php?rest_route=%2Fwp%2Fv2%2Fcategories&post=218891"},{"taxonomy":"post_tag","embeddable":true,"href":"https:\/\/diariodominicano.com\/index.php?rest_route=%2Fwp%2Fv2%2Ftags&post=218891"}],"curies":[{"name":"wp","href":"https:\/\/api.w.org\/{rel}","templated":true}]}}