{"id":218890,"date":"2016-04-09T11:24:23","date_gmt":"2016-04-09T11:24:23","guid":{"rendered":"http:\/\/diariodominicano.ddns.net\/?p=218890"},"modified":"2016-04-09T11:24:23","modified_gmt":"2016-04-09T11:24:23","slug":"gobierno-de-taiwan-aporta-1-4-millones-de-dolares-a-la-cancilleria","status":"publish","type":"post","link":"https:\/\/diariodominicano.com\/?p=218890","title":{"rendered":"Gobierno de Taiw\u00e1n aporta 1.4 Millones de d\u00f3lares a la canciller\u00eda"},"content":{"rendered":"<p><body><\/p>\n<p><img decoding=\"async\" src=\"img3\/_VMV6027 - copia.JPG\" \/>  <\/p>\n<p><span class=\"text1noticias\">Santo Domingo. R. D., 9 de abril.- El Ministerio de Relaciones Exteriores (MIREX) inici\u00f3 un concurso nacional de ideas entre 11 escuelas de arquitectura del pa\u00eds, para la escogencia de la propuesta de dise\u00f1o para  la construcci\u00f3n de un moderno edificio que alojar\u00e1 el Centro de Tecnolog\u00edas de la Informaci\u00f3n y Comunicaci\u00f3n (TIC) de esta instituci\u00f3n, con asesor\u00eda t\u00e9cnica y un aporte econ\u00f3mico de 1.4 millones de d\u00f3lares del gobierno de la Rep\u00fablica de China-Taiw\u00e1n.<\/span><\/p>\n<p><span class=\"text1noticias\"> <\/span><\/p>\n<p><span class=\"text1noticias\">La iniciativa, que forma parte del prop\u00f3sito de la instituci\u00f3n de darle participaci\u00f3n a la sociedad civil en la nueva pol\u00edtica exterior, otorgar\u00e1 premios a los estudiantes y a las escuelas de arquitectura que presenten las tres mejores propuestas de dise\u00f1o, participantes del concurso, adem\u00e1s de que se abrir\u00e1 una exposici\u00f3n al p\u00fablico de todas las propuestas recibidas.<\/span><\/p>\n<p><span class=\"text1noticias\"> <\/span><\/p>\n<p><span class=\"text1noticias\">\u00abEl Gobierno de Taiw\u00e1n nos ha donado el edificio de tecnolog\u00eda, en el marco de un fondo de fortalecimiento institucional de las Canciller\u00edas de pa\u00edses miembros del SICA, y lo primero que hemos considerado ha sido poner el proyecto en manos de nuestras escuelas de arquitectura como parte del compromiso asumido en la nueva pol\u00edtica exterior de darle participaci\u00f3n a la sociedad civil en las gestiones de la instituci\u00f3n\u00bb, afirm\u00f3 el canciller Andr\u00e9s Navarro, al momento de iniciar el proceso de recepci\u00f3n de las propuestas en el Sal\u00f3n de Conferencias de la Canciller\u00eda.<\/span><\/p>\n<p><span class=\"text1noticias\"> <\/span><\/p>\n<p><span class=\"text1noticias\">Navarro destac\u00f3 que el concurso es parte de la pol\u00edtica de transparencia y participaci\u00f3n ciudadana que encamina la Canciller\u00eda por instrucciones  del presidente Danilo Medina,  \u00abcon el prop\u00f3sito de  lograr la integraci\u00f3n de la academia en el quehacer de la instituci\u00f3n, pero tan importante como eso, difundir un mensaje en la juventud dominicana del valioso rol que est\u00e1 jugando ese gran pa\u00eds que es Taiw\u00e1n, en el desarrollo de nuestra Rep\u00fablica Dominicana\u00bb.<\/span><\/p>\n<p><span class=\"text1noticias\"> <\/span><\/p>\n<p><span class=\"text1noticias\">Consider\u00f3 que el concurso con las academias de arquitectura debe verse como una primera puerta para un v\u00ednculo m\u00e1s estrecho, amplio y productivo entre el Ministerio de Relaciones Exteriores y las academias de ciencias del pa\u00eds, lo que redundar\u00e1 en beneficio de toda la sociedad\u00bb.<\/span><\/p>\n<p><span class=\"text1noticias\"> <\/span><\/p>\n<p><span class=\"text1noticias\">Precis\u00f3 que el edificio, cuyo dise\u00f1o estar\u00e1 llamado a reflejar los valores institucionales en materia de derechos humanos, albergar\u00e1, adem\u00e1s, un moderna \u00e1rea de recepci\u00f3n, oficinas para la Direcci\u00f3n de Acceso a la Informaci\u00f3n P\u00fablica, con un personal que incluya personas con discapacidades, de conformidad a lo que establece la ley en la materia.<\/span><\/p>\n<p><span class=\"text1noticias\"> <\/span><\/p>\n<p><span class=\"text1noticias\">\u00abEste concurso crea un precedente en el pa\u00eds como est\u00edmulo a la buena pr\u00e1ctica arquitect\u00f3nica, la transparencia del proceso, novedad del contenido y la democracia participativa de los futuros profesionales de la arquitectura\u00bb, refiri\u00f3 Navarro.<\/span><\/p>\n<p><span class=\"text1noticias\"> <\/span><\/p>\n<p><span class=\"text1noticias\">Las propuestas presentadas contemplan aspectos como: respeto y adaptaci\u00f3n a edificios existentes; innovaci\u00f3n, flexibilidad espacial, cumplimiento de las normas para la creaci\u00f3n de centros de data; apego a las normas de dise\u00f1o del Ministerio de Obras P\u00fablicas, funcionabilidad y accesibilidad universal; aportaci\u00f3n de criterios de sostenibilidad y eficiencia energ\u00e9tica, entre otros requerimientos.<\/span><\/p>\n<p><span class=\"text1noticias\"> <\/span><\/p>\n<p><span class=\"text1noticias\">El jurado que escoger\u00e1 el dise\u00f1o ganador est\u00e1 conformado por profesionales de la arquitectura, representantes de instituciones y organismos vinculados, el patrimonio y la tecnolog\u00eda, mientras que la selecci\u00f3n se conocer\u00e1 el 21 de julio pr\u00f3ximo.<\/span><\/p>\n<p><span class=\"text1noticias\"> <\/span><\/p>\n<p><span class=\"text1noticias\">En el concurso participan m\u00e1s de 250 estudiantes y profesores de las 11 escuelas de arquitectura del pa\u00eds, a saber: Universidad Pedro Henr\u00edquez Ure\u00f1a (UNPHU), Universidad Aut\u00f3noma de Santo Domingo; O&amp;M; Instituto Nacional de Ciencias Exactas (INCE); Universidad Iberoamericana, UNIBE; Universidad Tecnol\u00f3gica de Santiago (UTESA); Universidad Cat\u00f3lica Tecnol\u00f3gica del Cibao; Universidad Cat\u00f3lica Nordestana y Universidad Central del Este (UC<\/span>E).<\/p>\n<\/p>\n<h6> 2016-04-09 11:24:23 <\/h6>\n<p><!--\n<link rel=\"stylesheet\" href=\"css\/bootstrap.min.css\">\n\n\n<ul class=\"pagination\">\n\t    \n\t\n\n<li >\n\t<a href='?page_no=13266'>Previous<\/a>\n\t<\/li>\n\n\n       \n    \n\n<li><a href='?page_no=1'>1<\/a><\/li>\n\n\n\n<li><a href='?page_no=2'>2<\/a><\/li>\n\n\n\n<li><a>...<\/a><\/li>\n\n\n\n<li><a href='?page_no=13265'>13265<\/a><\/li>\n\n\n\n<li><a href='?page_no=13266'>13266<\/a><\/li>\n\n\n\n<li class='active'><a>13267<\/a><\/li>\n\n\n\n<li><a href='?page_no=13268'>13268<\/a><\/li>\n\n\n\n<li><a href='?page_no=13269'>13269<\/a><\/li>\n\n\n\n<li><a>...<\/a><\/li>\n\n\n\n<li><a href='?page_no=56169'>56169<\/a><\/li>\n\n\n\n<li><a href='?page_no=56170'>56170<\/a><\/li>\n\n    \n\t\n\n<li >\n\t<a href='?page_no=13268'>Next<\/a>\n\t<\/li>\n\n\n    \n\n<li><a href='?page_no=56170'>Last &rsaquo;&rsaquo;<\/a><\/li>\n\n<\/ul>\n\n\n--><br \/>\n<\/body><\/p>\n","protected":false},"excerpt":{"rendered":"<p>Santo Domingo. R. D., 9 de abril.- El Ministerio de Relaciones Exteriores (MIREX) inici\u00f3 un concurso nacional de ideas entre 11 escuelas de arquitectura del pa\u00eds, para la escogencia de la propuesta de dise\u00f1o para la construcci\u00f3n de un moderno edificio que alojar\u00e1 el Centro de Tecnolog\u00edas de la Informaci\u00f3n y Comunicaci\u00f3n (TIC) de esta [&hellip;]<\/p>\n","protected":false},"author":3,"featured_media":0,"comment_status":"open","ping_status":"open","sticky":false,"template":"","format":"standard","meta":{"footnotes":""},"categories":[20],"tags":[],"class_list":["post-218890","post","type-post","status-publish","format-standard","hentry","category-dominicana-hoy"],"_links":{"self":[{"href":"https:\/\/diariodominicano.com\/index.php?rest_route=\/wp\/v2\/posts\/218890","targetHints":{"allow":["GET"]}}],"collection":[{"href":"https:\/\/diariodominicano.com\/index.php?rest_route=\/wp\/v2\/posts"}],"about":[{"href":"https:\/\/diariodominicano.com\/index.php?rest_route=\/wp\/v2\/types\/post"}],"author":[{"embeddable":true,"href":"https:\/\/diariodominicano.com\/index.php?rest_route=\/wp\/v2\/users\/3"}],"replies":[{"embeddable":true,"href":"https:\/\/diariodominicano.com\/index.php?rest_route=%2Fwp%2Fv2%2Fcomments&post=218890"}],"version-history":[{"count":0,"href":"https:\/\/diariodominicano.com\/index.php?rest_route=\/wp\/v2\/posts\/218890\/revisions"}],"wp:attachment":[{"href":"https:\/\/diariodominicano.com\/index.php?rest_route=%2Fwp%2Fv2%2Fmedia&parent=218890"}],"wp:term":[{"taxonomy":"category","embeddable":true,"href":"https:\/\/diariodominicano.com\/index.php?rest_route=%2Fwp%2Fv2%2Fcategories&post=218890"},{"taxonomy":"post_tag","embeddable":true,"href":"https:\/\/diariodominicano.com\/index.php?rest_route=%2Fwp%2Fv2%2Ftags&post=218890"}],"curies":[{"name":"wp","href":"https:\/\/api.w.org\/{rel}","templated":true}]}}