{"id":218889,"date":"2016-04-09T11:27:18","date_gmt":"2016-04-09T11:27:18","guid":{"rendered":"http:\/\/diariodominicano.ddns.net\/?p=218889"},"modified":"2016-04-09T11:27:18","modified_gmt":"2016-04-09T11:27:18","slug":"claudio-paolillo-exige-la-imprescriptibilidad-crimen-contra-periodistas","status":"publish","type":"post","link":"https:\/\/diariodominicano.com\/?p=218889","title":{"rendered":"Claudio Paolillo exige la imprescriptibilidad crimen contra periodistas"},"content":{"rendered":"<p><body><\/p>\n<p><img decoding=\"async\" src=\"img3\/1.JPG\" \/>  <\/p>\n<p><span class=\"text1noticias\">Punta Cana, La Altagracia, R. D., 9 de abril.- El crimen organizado y la corrupci\u00f3n pol\u00edtica son los principales enemigos de los periodistas y la libertad de prensa en Am\u00e9rica Latina, tal y como lo revela el informe de la Comisi\u00f3n de Libertad de Expresi\u00f3n de la Sociedad Interamericana de Prensa (SIP).<\/span><\/p>\n<p><span class=\"text1noticias\"> <\/span><\/p>\n<p><span class=\"text1noticias\">El informe le\u00eddo por el presidente de la Comisi\u00f3n, Claudio Paolillo (Uruguay), denunci\u00f3 que en los \u00faltimos seis meses 12 periodistas fueron asesinados en el \u00e1rea, al tiempo que se han incrementado los actos de violencia contra las mujeres con 84 casos en el 2015.<\/span><\/p>\n<p><span class=\"text1noticias\"> <\/span><\/p>\n<p><span class=\"text1noticias\">\u00abHa llegado el momento de exigir la imprescriptibilidad de los cr\u00edmenes contra los periodistas y que los mismos sean considerados delitos de lesa humanidad\u00bb, afirm\u00f3 Paolillo a presentar su discurso.<\/span><\/p>\n<p><span class=\"text1noticias\"> <\/span><\/p>\n<p><span class=\"text1noticias\">El informe presentado en la Reuni\u00f3n de Medio A\u00f1o de la SIP, celebrada en Punta Cana, Rep\u00fablica Dominicana, lament\u00f3 que los gobiernos se limiten a realizar promesas incumplidas de que la polic\u00eda, los fiscales y los jueces har\u00e1n su trabajo y plantea la posibilidad de que la prensa denuncie a los estados donde estos asesinatos tienen lugar como c\u00f3mplices de los delincuentes.<\/span><\/p>\n<p><span class=\"text1noticias\"> <\/span><\/p>\n<p><span class=\"text1noticias\">Cit\u00f3 los  casos de M\u00e9xico, donde desde el 1987 a la fecha han sido asesinados 128 periodista. Mientras que, en El Salvador el ejercicio profesional period\u00edstico se lleva a cabo en comunidades con la presencia de pandillas, y en Honduras las agresiones y la impunidad a los cr\u00edmenes contin\u00faan generando autocensura.<\/span><\/p>\n<p><span class=\"text1noticias\"> <\/span><\/p>\n<p><span class=\"text1noticias\">En Per\u00fa y en Rep\u00fablica Dominicana se\u00f1ala que han persistido los ataques y amenazas e intimidaciones contra periodistas. En Ecuador se impusieron 78 medidas disciplinarias contra los medios a trav\u00e9s de la Superintendencia de la Informaci\u00f3n de Comunicaci\u00f3n (CORDICOM).<\/span><\/p>\n<p><span class=\"text1noticias\"> <\/span><\/p>\n<p><span class=\"text1noticias\">En Nicaragua persiste la censura gubernamental y la publicidad oficial s\u00f3lo llega a medios oficiales y \u00abneutralizados\u00bb, en Hait\u00ed contin\u00faa la atm\u00f3sfera de acoso y amenazas contra periodistas.<\/span><\/p>\n<p><span class=\"text1noticias\"> <\/span><\/p>\n<p><span class=\"text1noticias\">Otra de las dificultades que se denunci<\/span>an es lo relativo a la falta de acceso a la informaci\u00f3n p\u00fablica y la iniciativa de legislaciones en contra de la libertad de expresi\u00f3n.<\/p>\n<h6> 2016-04-09 11:27:18 <\/h6>\n<p><!--\n<link rel=\"stylesheet\" href=\"css\/bootstrap.min.css\">\n\n\n<ul class=\"pagination\">\n\t    \n\t\n\n<li >\n\t<a href='?page_no=13265'>Previous<\/a>\n\t<\/li>\n\n\n       \n    \n\n<li><a href='?page_no=1'>1<\/a><\/li>\n\n\n\n<li><a href='?page_no=2'>2<\/a><\/li>\n\n\n\n<li><a>...<\/a><\/li>\n\n\n\n<li><a href='?page_no=13264'>13264<\/a><\/li>\n\n\n\n<li><a href='?page_no=13265'>13265<\/a><\/li>\n\n\n\n<li class='active'><a>13266<\/a><\/li>\n\n\n\n<li><a href='?page_no=13267'>13267<\/a><\/li>\n\n\n\n<li><a href='?page_no=13268'>13268<\/a><\/li>\n\n\n\n<li><a>...<\/a><\/li>\n\n\n\n<li><a href='?page_no=56169'>56169<\/a><\/li>\n\n\n\n<li><a href='?page_no=56170'>56170<\/a><\/li>\n\n    \n\t\n\n<li >\n\t<a href='?page_no=13267'>Next<\/a>\n\t<\/li>\n\n\n    \n\n<li><a href='?page_no=56170'>Last &rsaquo;&rsaquo;<\/a><\/li>\n\n<\/ul>\n\n\n--><br \/>\n<\/body><\/p>\n","protected":false},"excerpt":{"rendered":"<p>Punta Cana, La Altagracia, R. D., 9 de abril.- El crimen organizado y la corrupci\u00f3n pol\u00edtica son los principales enemigos de los periodistas y la libertad de prensa en Am\u00e9rica Latina, tal y como lo revela el informe de la Comisi\u00f3n de Libertad de Expresi\u00f3n de la Sociedad Interamericana de Prensa (SIP). El informe le\u00eddo [&hellip;]<\/p>\n","protected":false},"author":3,"featured_media":0,"comment_status":"open","ping_status":"open","sticky":false,"template":"","format":"standard","meta":{"footnotes":""},"categories":[20],"tags":[],"class_list":["post-218889","post","type-post","status-publish","format-standard","hentry","category-dominicana-hoy"],"_links":{"self":[{"href":"https:\/\/diariodominicano.com\/index.php?rest_route=\/wp\/v2\/posts\/218889","targetHints":{"allow":["GET"]}}],"collection":[{"href":"https:\/\/diariodominicano.com\/index.php?rest_route=\/wp\/v2\/posts"}],"about":[{"href":"https:\/\/diariodominicano.com\/index.php?rest_route=\/wp\/v2\/types\/post"}],"author":[{"embeddable":true,"href":"https:\/\/diariodominicano.com\/index.php?rest_route=\/wp\/v2\/users\/3"}],"replies":[{"embeddable":true,"href":"https:\/\/diariodominicano.com\/index.php?rest_route=%2Fwp%2Fv2%2Fcomments&post=218889"}],"version-history":[{"count":0,"href":"https:\/\/diariodominicano.com\/index.php?rest_route=\/wp\/v2\/posts\/218889\/revisions"}],"wp:attachment":[{"href":"https:\/\/diariodominicano.com\/index.php?rest_route=%2Fwp%2Fv2%2Fmedia&parent=218889"}],"wp:term":[{"taxonomy":"category","embeddable":true,"href":"https:\/\/diariodominicano.com\/index.php?rest_route=%2Fwp%2Fv2%2Fcategories&post=218889"},{"taxonomy":"post_tag","embeddable":true,"href":"https:\/\/diariodominicano.com\/index.php?rest_route=%2Fwp%2Fv2%2Ftags&post=218889"}],"curies":[{"name":"wp","href":"https:\/\/api.w.org\/{rel}","templated":true}]}}