{"id":218888,"date":"2016-04-09T11:45:59","date_gmt":"2016-04-09T11:45:59","guid":{"rendered":"http:\/\/diariodominicano.ddns.net\/?p=218888"},"modified":"2016-04-09T11:45:59","modified_gmt":"2016-04-09T11:45:59","slug":"vicepresidenta-comparte-con-exsiamesas-en-sexto-cumpleanos","status":"publish","type":"post","link":"https:\/\/diariodominicano.com\/?p=218888","title":{"rendered":"Vicepresidenta comparte con  exsiamesas en sexto cumplea\u00f1os"},"content":{"rendered":"<p><body><\/p>\n<p><img decoding=\"async\" src=\"img3\/Vice3.jpg\" \/><br \/><img decoding=\"async\" src=\"img3\/Vice1.JPG\" \/><br \/><img decoding=\"async\" src=\"img3\/Vice2.JPG\" \/>  <\/p>\n<p><span class=\"text1noticias\">Santo Domingo. R. D., 9 de abril.- La vicepresidenta de la Rep\u00fablica, doctora Margarita Cede\u00f1o, dijo presente una vez m\u00e1s en la vida de las gemelas Mar\u00eda Teresa y Teresa Mar\u00eda, al celebrarse este ayer (8 de abril) el sexto aniversario de su natalicio.<\/span><\/p>\n<p><span class=\"text1noticias\"> <\/span><\/p>\n<p><span class=\"text1noticias\">Mar\u00eda Teresa y Teresa Mar\u00eda recibieron felices la llegada de un a\u00f1o m\u00e1s de vida. Las exsiamesas disfrutaron junto a su madre, hermanos, familiares y amiguitos, la fiesta por cumplir sus seis a\u00f1os, organizada por la doctora Cede\u00f1o, en un centro de diversi\u00f3n infantil de esta capital, donde reparti\u00f3 golosinas, bail\u00f3 y comparti\u00f3 de manera amena con todos los presentes.<\/span><\/p>\n<p><span class=\"text1noticias\"> <\/span><\/p>\n<p><span class=\"text1noticias\">De su lado, la madre de las ni\u00f1as, se\u00f1ora Lisandra Sanatis, manifest\u00f3 su satisfacci\u00f3n y felicidad por compartir con todos sus hijos en un d\u00eda tan especial junto a Margarita Cede\u00f1o y su hija Yolanda Am\u00e9rica, a quien defini\u00f3 como una luz que lleg\u00f3 a iluminar el camino de su familia, especialmente el de las gemelas.<\/span><\/p>\n<p><span class=\"text1noticias\"> <\/span><\/p>\n<p><span class=\"text1noticias\">Se recuerda que Margarita Cede\u00f1o, siendo primera dama de la Rep\u00fablica, tuvo una participaci\u00f3n activa para que, las entonces siamesas, fueran sometidas a una cirug\u00eda luego de un proceso de tratamientos que incluy\u00f3 la implantaci\u00f3n de un bal\u00f3n que permiti\u00f3 completar el proceso de expansi\u00f3n de tejido fino. El globo fue colocado debajo del lado derecho del t\u00f3rax y cada cierto tiempo se le introduc\u00eda un l\u00edquido para ampliarles gradualmente el tejido.<\/span><\/p>\n<p><span class=\"text1noticias\"> <\/span><\/p>\n<p><span class=\"text1noticias\">Las ni\u00f1as viajaron junto a su madre y una t\u00eda en agosto de 2011 al Children&#8217;s Hospital de Virginia, Estados Unidos, y el 8 de noviembre del mismo a\u00f1o fueron separadas por un equipo de 45 m\u00e9dicos, cuya operaci\u00f3n dur\u00f3 m\u00e1s de 24 horas.<\/span><\/p>\n<p><span class=\"text1noticias\"> <\/span><\/p>\n<p><span class=\"text1noticias\">En esa ocasi\u00f3n, Margarita Cede\u00f1o comparti\u00f3 y esper\u00f3 durante varias horas con la madre de las peque\u00f1as, Lisandra Sanatis y la t\u00eda Mary Sanatis, quienes en todo el proceso recibieron su apoyo y del equipo de colaboradores de la entonces primera dama.<\/span><\/p>\n<\/p>\n<p><span class=\"text1noticias\">Las ni\u00f1as estaban unidas por el t\u00f3rax, el abdomen y  compart\u00edan el mismo h\u00edgado y parte de su sistema gastrointestinal, raz\u00f3n por la cual Mar\u00eda Teresa no recib\u00eda la nutrici\u00f3n necesaria para crecer y desarrollarse. Hoy disfrutan sus vidas de forma normal.<\/span><\/p>\n<\/p>\n<h6> 2016-04-09 11:45:59 <\/h6>\n<p><!--\n<link rel=\"stylesheet\" href=\"css\/bootstrap.min.css\">\n\n\n<ul class=\"pagination\">\n\t    \n\t\n\n<li >\n\t<a href='?page_no=13264'>Previous<\/a>\n\t<\/li>\n\n\n       \n    \n\n<li><a href='?page_no=1'>1<\/a><\/li>\n\n\n\n<li><a href='?page_no=2'>2<\/a><\/li>\n\n\n\n<li><a>...<\/a><\/li>\n\n\n\n<li><a href='?page_no=13263'>13263<\/a><\/li>\n\n\n\n<li><a href='?page_no=13264'>13264<\/a><\/li>\n\n\n\n<li class='active'><a>13265<\/a><\/li>\n\n\n\n<li><a href='?page_no=13266'>13266<\/a><\/li>\n\n\n\n<li><a href='?page_no=13267'>13267<\/a><\/li>\n\n\n\n<li><a>...<\/a><\/li>\n\n\n\n<li><a href='?page_no=56169'>56169<\/a><\/li>\n\n\n\n<li><a href='?page_no=56170'>56170<\/a><\/li>\n\n    \n\t\n\n<li >\n\t<a href='?page_no=13266'>Next<\/a>\n\t<\/li>\n\n\n    \n\n<li><a href='?page_no=56170'>Last &rsaquo;&rsaquo;<\/a><\/li>\n\n<\/ul>\n\n\n--><br \/>\n<\/body><\/p>\n","protected":false},"excerpt":{"rendered":"<p>Santo Domingo. R. D., 9 de abril.- La vicepresidenta de la Rep\u00fablica, doctora Margarita Cede\u00f1o, dijo presente una vez m\u00e1s en la vida de las gemelas Mar\u00eda Teresa y Teresa Mar\u00eda, al celebrarse este ayer (8 de abril) el sexto aniversario de su natalicio. Mar\u00eda Teresa y Teresa Mar\u00eda recibieron felices la llegada de un [&hellip;]<\/p>\n","protected":false},"author":3,"featured_media":0,"comment_status":"open","ping_status":"open","sticky":false,"template":"","format":"standard","meta":{"footnotes":""},"categories":[20],"tags":[],"class_list":["post-218888","post","type-post","status-publish","format-standard","hentry","category-dominicana-hoy"],"_links":{"self":[{"href":"https:\/\/diariodominicano.com\/index.php?rest_route=\/wp\/v2\/posts\/218888","targetHints":{"allow":["GET"]}}],"collection":[{"href":"https:\/\/diariodominicano.com\/index.php?rest_route=\/wp\/v2\/posts"}],"about":[{"href":"https:\/\/diariodominicano.com\/index.php?rest_route=\/wp\/v2\/types\/post"}],"author":[{"embeddable":true,"href":"https:\/\/diariodominicano.com\/index.php?rest_route=\/wp\/v2\/users\/3"}],"replies":[{"embeddable":true,"href":"https:\/\/diariodominicano.com\/index.php?rest_route=%2Fwp%2Fv2%2Fcomments&post=218888"}],"version-history":[{"count":0,"href":"https:\/\/diariodominicano.com\/index.php?rest_route=\/wp\/v2\/posts\/218888\/revisions"}],"wp:attachment":[{"href":"https:\/\/diariodominicano.com\/index.php?rest_route=%2Fwp%2Fv2%2Fmedia&parent=218888"}],"wp:term":[{"taxonomy":"category","embeddable":true,"href":"https:\/\/diariodominicano.com\/index.php?rest_route=%2Fwp%2Fv2%2Fcategories&post=218888"},{"taxonomy":"post_tag","embeddable":true,"href":"https:\/\/diariodominicano.com\/index.php?rest_route=%2Fwp%2Fv2%2Ftags&post=218888"}],"curies":[{"name":"wp","href":"https:\/\/api.w.org\/{rel}","templated":true}]}}