{"id":218887,"date":"2016-04-10T01:55:13","date_gmt":"2016-04-10T01:55:13","guid":{"rendered":"http:\/\/diariodominicano.ddns.net\/?p=218887"},"modified":"2016-04-10T01:55:13","modified_gmt":"2016-04-10T01:55:13","slug":"canciller-navarro-llama-a-sectores-a-apoyar-agenda-internacional-de-la-republica-dominicana","status":"publish","type":"post","link":"https:\/\/diariodominicano.com\/?p=218887","title":{"rendered":"Canciller Navarro llama a sectores a apoyar agenda internacional de la Rep\u00fablica Dominicana"},"content":{"rendered":"<p><body><\/p>\n<p><img decoding=\"async\" src=\"img3\/NAVARRO SIP 1.jpg\" \/><br \/><img decoding=\"async\" src=\"img3\/NAVARRO SIP 2.jpg\" \/>  <\/p>\n<p><strong><span class=\"text1noticias\">PUNTA CANA, La Altagracia, RD, 9 de Abril de 2016.-<\/span><\/strong><span class=\"text1noticias\"> El ministro de Relaciones Exteriores, arquitecto Andr\u00e9s Navarro, llam\u00f3 a todos los sectores sociales a sumarse al gobierno central en la ardua tarea de conducir eficientemente la amplia agenda internacional que tiene por delante la Rep\u00fablica Dominicana, al asumir la Presidencia Pro Tempore de la Comunidad de Estados Latinoamericanos y Caribe\u00f1os (PPT-CELAC), as\u00ed como la celebraci\u00f3n de la Cuadrag\u00e9simo-Sexta Asamblea General de la Organizaci\u00f3n de Estados Americanos (OEA), ya que el \u00e9xito alcanzado en ambos compromisos, reposicionar\u00e1 la imagen del pa\u00eds en niveles sin precedentes en el contexto regional y multilateral.<\/span><\/p>\n<\/p>\n<p><span class=\"text1noticias\">\u00abLa efectividad de la conducci\u00f3n de la CELAC no solo depender\u00e1 del adecuado rol del Gobierno dominicano a trav\u00e9s de la Canciller\u00eda, sino tambi\u00e9n de la efectiva participaci\u00f3n de las diversas entidades del Estado y de la sociedad involucradas en los temas a trabajar en los diferentes eventos regionales. <\/span><\/p>\n<\/p>\n<p><span class=\"text1noticias\">Dio que partiendo de este entendimiento fue desarrollado un proceso de informaci\u00f3n y coordinaci\u00f3n con ministerios e instituciones sectoriales del Estado, con comisiones del Congreso Nacional, con organismos de control interno, con los cuerpos castrenses y de seguridad, con universidades y academias, con organizaciones de la sociedad civil, con los medios de prensa, entre otras entidades\u00bb, enfatiz\u00f3.<\/span><\/p>\n<p><span class=\"text1noticias\">  <\/span><\/p>\n<p><span class=\"text1noticias\">Al pronunciar un discurso ante la Sesi\u00f3n Plenaria de la Sociedad Interamericana de Prensa (SIP) celebrada en el hotel Westin Punta Cana, en esta provincia del Este al pa\u00eds, Navarro plante\u00f3 que las tareas son complejas por la diversidad de actividades dirigidas al di\u00e1logo y la concertaci\u00f3n pol\u00edtica en la regi\u00f3n, \u00abpero con la integraci\u00f3n de todos los entes sociales podremos salir airosos y colocar a la Rep\u00fablica Dominicana como la capital de Latinoam\u00e9rica y Caribe en el per\u00edodo 2016-2017, con los ojos del mundo puestos sobre nuestra nueva realidad internacional\u00bb.<\/span><\/p>\n<\/p>\n<p><span class=\"text1noticias\">Navarro refiri\u00f3  que dada la importancia estrat\u00e9gica de esos eventos internacionales  para la Rep\u00fablica  Dominicana y la necesidad de que la poblaci\u00f3n est\u00e9 debidamente informada y orientada de todo cuanto ocurra, la Canciller\u00eda imparti\u00f3 dos seminarios dirigido a comunicadores sociales de distintos medios, en los cuales participaron m\u00e1s de 100 profesionales de la comunicaci\u00f3n.<\/span><\/p>\n<\/p>\n<p><span class=\"text1noticias\">\u00abA esos amigos periodistas de diferentes medios de comunicaci\u00f3n se les explic\u00f3 el conjunto de aspectos que componen toda la agenda de la CELAC, mientras que  los especialistas del Instituto de Educaci\u00f3n Superior en Formaci\u00f3n Diplom\u00e1tica y Consular \u00abDr. Eduardo Latorre\u00bb (INESDYC) introdujeron a los comunicadores en los conceptos b\u00e1sicos de la Diplomacia y de la actual Pol\u00edtica Exterior del pa\u00eds\u00bb.<\/span><\/p>\n<\/p>\n<p><span class=\"text1noticias\">Record\u00f3 que s\u00f3lo en la PPT-CELAC, la Rep\u00fablica Dominicana ya ha realizado con \u00e9xito algunas de las m\u00e1s de 20 actividades internacionales para el di\u00e1logo y la coordinaci\u00f3n multilateral, como una reciente reuni\u00f3n sectorial de drogas y una cumbre de cancilleres , teniendo pendientes otros encuentros t\u00e9cnicos, reuniones ministeriales, foros interregionales y una Cumbre de Jefes de Estado y de Gobierno.<\/span><\/p>\n<p><span class=\"text1noticias\"> <\/span><\/p>\n<p><span class=\"text1noticias\">\u00abEs por esto que podemos asegurar que con la integraci\u00f3n de toda la sociedad, la Rep\u00fablica Dominicana ser\u00e1 el escenario central de la diplomacia multilateral en ese hist\u00f3rico per\u00edodo 2016-2017, liderando el di\u00e1logo pol\u00edtico en una regi\u00f3n heterog\u00e9nea, cargada de diversas variables econ\u00f3micas, geogr\u00e1ficas, demogr\u00e1ficas, idiom\u00e1ticas, diferentes sistemas de gobiernos, pol\u00edticas y culturales\u00bb, asever\u00f3 Navarro ante los miembros de la SIP.<\/span><\/p>\n<\/p>\n<p><span class=\"text1noticias\">Indic\u00f3 que ese mosaico multisituacional representa una gran riqueza con extraordinario potencial para el establecimiento de una agenda de desarrollo com\u00fan,  ritmos y momentos diferenciados\u00bb.<\/span><\/p>\n<\/p>\n<p><span class=\"text1noticias\">Dijo para la asunci\u00f3n de la PPT-CELAC-RD amerita de la suficiente madurez institucional en el pa\u00eds que permita facilitar el complejo di\u00e1logo pol\u00edtico regional, la reflexi\u00f3n, toma de decisiones y la coordinaci\u00f3n de actuaci\u00f3n colectiva entre los 33 Estados miembros.<\/span><\/p>\n<\/p>\n<p><span class=\"text1noticias\">Expuso que la cambiante coyuntura internacional genera constantemente grandes retos en la regi\u00f3n, \u00abpues hoy los pa\u00edses latinoamericanos y caribe\u00f1os se encuentran amenazados por importantes fen\u00f3menos globales de diversa naturaleza como la pobreza, los dr\u00e1sticos cambios en la econom\u00eda mundial, el crimen organizado transnacional, el narcotr\u00e1fico, el cambio clim\u00e1tico, entre otros, por lo que las acciones de los Estados deber\u00e1n ser mancomunadas para ser m\u00e1s efectivos en la soluci\u00f3n de esos males\u00bb.<\/span><\/p>\n<\/p>\n<p><span class=\"text1noticias\">Consider\u00f3 que   la diplomacia multilateral de hoy, caracterizado por esa heterogeneidad,  ha cobrado un significado estrat\u00e9gico en la regi\u00f3n, lo que hace necesario aplicar mecanismos de di\u00e1logo e interacci\u00f3n para un uso m\u00e1s inteligente de los valores y fortalezas de cada naci\u00f3n.<\/span><\/p>\n<\/p>\n<p><span class=\"text1noticias\">\u00abLa sinergia que nos permiten los organismos y espacios de di\u00e1logo, subregionales y regionales, es la clave para la sostenibilidad de la actuaci\u00f3n para el desarrollo de nuestros pueblos, y en ese sentido, la CELAC est\u00e1 cumpliendo ese rol estrat\u00e9gico para la regi\u00f3n, el cual debe ser afianzado\u00bb.<\/span><\/p>\n<\/p>\n<p><span class=\"text1noticias\">Record\u00f3 que los jefes de Estado y de Gobierno de los pa\u00edses miembros de la CELAC acordaron centrar la agenda de trabajo del organismo regional, para el per\u00edodo 2016-2017, en los objetivos de desarrollo sostenible igualmente acordados por la Organizaci\u00f3n de las Naciones Unidas (ONU).<\/span><\/p>\n<p><span class=\"text1noticias\"> <\/span><\/p>\n<p><span class=\"text1noticias\">\u00abEstos 17 objetivos abordan de una u otra forma los diversos problemas que caracterizan la regi\u00f3n, especialmente aquellos que focalizan la pobreza, el hambre, la salud, la educaci\u00f3n, el saneamiento, la energ\u00eda, la seguridad, el cambio clim\u00e1tico, el empleo y la institucionalidad, tareas en las cuales la Rep\u00fablica Dominicana deber\u00e1 crear las condiciones para que el concierto de naciones de la CELAC definan de manera conjunta, lineamientos de actuaci\u00f3n que faciliten a los gobiernos formular pol\u00edticas y programas encaminados a viabilizar esos logros sobre la base de la realidad de cada pa\u00eds\u00bb.<\/span><\/p>\n<\/p>\n<p><span class=\"text1noticias\">Dijo que ante esa realidad, la Rep\u00fablica Dominicana ha procurado la asistencia y acompa\u00f1amiento de distintas entidades especializadas de la ONU, dado que el \u00e9xito de un espacio de di\u00e1logo pol\u00edtico multilateral a escala regional como la CELAC, estar\u00e1 fundado en la premisa de que el proyecto colectivo no atenta contra los proyectos nacionales de cada naci\u00f3n miembro.<\/span><\/p>\n<p><span class=\"text1noticias\"> <\/span><\/p>\n<p><span class=\"text1noticias\">\u00abPara lograr eso, la Rep\u00fablica Dominicana deber\u00e1 conocer la situaci\u00f3n particular de cada Naci\u00f3n miembro, y el momento hist\u00f3rico por el cual est\u00e1 pasando; deber\u00e1 entender las prioridades de la pol\u00edtica exterior de cada pa\u00eds de la regi\u00f3n; y deber\u00e1 interpretar adecuadamente las expectativas que cada parte de la Comunidad se ha creado respecto al rol de la misma. Esa capacidad de conocimiento, entendimiento e interpretaci\u00f3n, en el marco de la complejidad de la CELAC, ser\u00e1 la clave para la efectividad de la gesti\u00f3n dominicana al frente de dicho espacio multilateral\u00bb, enfatiz\u00f3.<\/span><\/p>\n<\/p>\n<p><span class=\"text1noticias\">En su discurso central, Navarro explic\u00f3 que en una segunda apuesta de la Rep\u00fablica Dominicana al fortalecimiento de los espacios multilaterales en la regi\u00f3n, de cara a la nueva pol\u00edtica exterior puesta en marcha por el presidente Danilo Medina, el pa\u00eds asumi\u00f3, adem\u00e1s, el trascendental compromiso de celebrar la referida Asamblea General de la OEA, programada del 13 al 15 de junio venidero.<\/span><\/p>\n<\/p>\n<p><span class=\"text1noticias\">\u00abEste compromiso responde a nuestro inter\u00e9s de aportar al fortalecimiento de la OEA como organismos hemisf\u00e9rico promotor de la democracia, del desarrollo integral y de los derechos humanos. Para esta oportunidad, la Rep\u00fablica Dominicana ha planteado como tema central el Fortalecimiento Institucional para el Desarrollo Sostenible en las Am\u00e9ricas,en un momento en el cual el concierto de naciones se ha puesto de acuerdo en los Objetivos de Desarrollo Sostenible, con el establecimiento de la Agenda 2030 en la ONU\u00bb.<\/span><\/p>\n<\/p>\n<p><span class=\"text1noticias\">Dijo que \u00abla Rep\u00fablica Dominicana est\u00e1 totalmente preparada para asumir con eficiencia la conducci\u00f3n de esta agenda internacional, como un pa\u00eds confiable para toda la regi\u00f3n, tanto por los avances alcanzados tanto en su estructura institucional como econ\u00f3mica. Es una ardua tarea que podremos desempe\u00f1ar al m\u00e1s alto nivel al concitar la participaci\u00f3n de todos los sectores sociales de la Naci\u00f3n. Hoy, m\u00e1s que nunca, la Rep\u00fablica Dominicana merece esta oportunidad, al asumir la responsabilidad de ser la Capital de Am\u00e9rica Latina y el Caribe\u00bb.<\/span><\/p>\n<\/p>\n<\/p>\n<h6> 2016-04-10 01:55:13 <\/h6>\n<p><!--\n<link rel=\"stylesheet\" href=\"css\/bootstrap.min.css\">\n\n\n<ul class=\"pagination\">\n\t    \n\t\n\n<li >\n\t<a href='?page_no=13263'>Previous<\/a>\n\t<\/li>\n\n\n       \n    \n\n<li><a href='?page_no=1'>1<\/a><\/li>\n\n\n\n<li><a href='?page_no=2'>2<\/a><\/li>\n\n\n\n<li><a>...<\/a><\/li>\n\n\n\n<li><a href='?page_no=13262'>13262<\/a><\/li>\n\n\n\n<li><a href='?page_no=13263'>13263<\/a><\/li>\n\n\n\n<li class='active'><a>13264<\/a><\/li>\n\n\n\n<li><a href='?page_no=13265'>13265<\/a><\/li>\n\n\n\n<li><a href='?page_no=13266'>13266<\/a><\/li>\n\n\n\n<li><a>...<\/a><\/li>\n\n\n\n<li><a href='?page_no=56169'>56169<\/a><\/li>\n\n\n\n<li><a href='?page_no=56170'>56170<\/a><\/li>\n\n    \n\t\n\n<li >\n\t<a href='?page_no=13265'>Next<\/a>\n\t<\/li>\n\n\n    \n\n<li><a href='?page_no=56170'>Last &rsaquo;&rsaquo;<\/a><\/li>\n\n<\/ul>\n\n\n--><br \/>\n<\/body><\/p>\n","protected":false},"excerpt":{"rendered":"<p>PUNTA CANA, La Altagracia, RD, 9 de Abril de 2016.- El ministro de Relaciones Exteriores, arquitecto Andr\u00e9s Navarro, llam\u00f3 a todos los sectores sociales a sumarse al gobierno central en la ardua tarea de conducir eficientemente la amplia agenda internacional que tiene por delante la Rep\u00fablica Dominicana, al asumir la Presidencia Pro Tempore de la [&hellip;]<\/p>\n","protected":false},"author":3,"featured_media":0,"comment_status":"open","ping_status":"open","sticky":false,"template":"","format":"standard","meta":{"footnotes":""},"categories":[20],"tags":[],"class_list":["post-218887","post","type-post","status-publish","format-standard","hentry","category-dominicana-hoy"],"_links":{"self":[{"href":"https:\/\/diariodominicano.com\/index.php?rest_route=\/wp\/v2\/posts\/218887","targetHints":{"allow":["GET"]}}],"collection":[{"href":"https:\/\/diariodominicano.com\/index.php?rest_route=\/wp\/v2\/posts"}],"about":[{"href":"https:\/\/diariodominicano.com\/index.php?rest_route=\/wp\/v2\/types\/post"}],"author":[{"embeddable":true,"href":"https:\/\/diariodominicano.com\/index.php?rest_route=\/wp\/v2\/users\/3"}],"replies":[{"embeddable":true,"href":"https:\/\/diariodominicano.com\/index.php?rest_route=%2Fwp%2Fv2%2Fcomments&post=218887"}],"version-history":[{"count":0,"href":"https:\/\/diariodominicano.com\/index.php?rest_route=\/wp\/v2\/posts\/218887\/revisions"}],"wp:attachment":[{"href":"https:\/\/diariodominicano.com\/index.php?rest_route=%2Fwp%2Fv2%2Fmedia&parent=218887"}],"wp:term":[{"taxonomy":"category","embeddable":true,"href":"https:\/\/diariodominicano.com\/index.php?rest_route=%2Fwp%2Fv2%2Fcategories&post=218887"},{"taxonomy":"post_tag","embeddable":true,"href":"https:\/\/diariodominicano.com\/index.php?rest_route=%2Fwp%2Fv2%2Ftags&post=218887"}],"curies":[{"name":"wp","href":"https:\/\/api.w.org\/{rel}","templated":true}]}}