{"id":218884,"date":"2016-04-10T14:55:04","date_gmt":"2016-04-10T14:55:04","guid":{"rendered":"http:\/\/diariodominicano.ddns.net\/?p=218884"},"modified":"2016-04-10T14:55:04","modified_gmt":"2016-04-10T14:55:04","slug":"danilo-medina-cita-avances-en-libertades-de-expresion-y-de-prensa-ante-la-sip","status":"publish","type":"post","link":"https:\/\/diariodominicano.com\/?p=218884","title":{"rendered":"Danilo Medina cita avances en libertades de expresi\u00f3n y de prensa ante la SIP"},"content":{"rendered":"<p><body><\/p>\n<p><img decoding=\"async\" src=\"img3\/DaniloSIP00.jpg\" \/><br \/><img decoding=\"async\" src=\"img3\/DaniloSIP3.jpg\" \/><br \/><img decoding=\"async\" src=\"img3\/DaniloSIP2.jpg\" \/>  <\/p>\n<p><strong>El presidente  Medina Habl\u00f3  el domingo 10 de Abril en Punta Cana, ante la Sociedad Interamericana de Prensa (SIP), una agrupaci\u00f3n de m\u00e1s de mil 300 empresas de peri\u00f3dicos y revistas de todo el continente, entre ellas las principales de la prensa dominicana. <\/strong><\/p>\n<\/p>\n<p><strong>PUNTA CANA, RD, 10 de Abril de 2016.-<\/strong> El Presidente Danilo Medina reafirm\u00f3 este domingo  el compromiso de su gobierno con la libertad de expresi\u00f3n y de prensa. Para avalar su juicio record\u00f3 que Rep\u00fablica Dominicana  avanz\u00f3 17 posiciones, en los \u00faltimos tres a\u00f1os, en el \u00edndice mundial de libertad de prensa elaborado por Reporteros sin Fronteras. <\/p>\n<\/p>\n<p>Habl\u00f3  hoy, en Punta Cana, ante la Sociedad Interamericana de Prensa (SIP), una agrupaci\u00f3n de m\u00e1s de mil 300 empresas de peri\u00f3dicos y revistas de todo el continente, entre ellas las principales de la prensa dominicana. <\/p>\n<\/p>\n<p>El presidente Medina comenz\u00f3 su intervenci\u00f3n con una reafirmaci\u00f3n del  compromiso de su gobierno con la libertad de expresi\u00f3n y de prensa. Fue en ese momento que refiri\u00f3  como prueba el hecho de que el pa\u00eds avanz\u00f3 17 posiciones, en los \u00faltimos 3 a\u00f1os, en el \u00edndice mundial de libertad de prensa elaborado por Reporteros sin Fronteras. <\/p>\n<\/p>\n<p>\u00abAdem\u00e1s, nos alegra poder decir que confiamos en que el pr\u00f3ximo reporte registrar\u00e1  una avance significativamente mayor, porque el principal reclamo del gremio period\u00edstico en nuestro pa\u00eds encontr\u00f3 respuesta el pasado mes de febrero, con la anulaci\u00f3n por parte del Tribunal Constitucional, de siete art\u00edculos de la Ley 6132 sobre Libertad de Expresi\u00f3n y Difusi\u00f3n del Pensamiento, en vigencia desde 1962\u00bb. <\/p>\n<\/p>\n<p>Dijo confiar en que esta decisi\u00f3n del Poder Judicial ser\u00e1 el inicio de un c\u00edrculo virtuoso, en el que nuestras instituciones y nuestros medios tengan ocasi\u00f3n de crecer y madurar, acompa\u00f1ados de una sociedad activa y participativa. <\/p>\n<\/p>\n<p>Con la atenci\u00f3n en  el marco internacional latinoamericano, el Presidente Medina afirm\u00f3 que \u00abtanto los gobiernos electos como la prensa libre, somos hijos de la democratizaci\u00f3n de Am\u00e9rica Latina producida en las \u00faltimas d\u00e9cadas.  <\/p>\n<p>Como tales, nuestra relaci\u00f3n mutua es tanto compleja como indispensable para el presente y el futuro de nuestros pueblos\u00bb. <\/p>\n<\/p>\n<p>Para concluir,  habl\u00f3 de los retos que la modernizaci\u00f3n tecnol\u00f3gica est\u00e1 planteando tanto a los gobiernos como a los medios de comunicaci\u00f3n:<\/p>\n<\/p>\n<p>\u00abEn este, como en todos los desaf\u00edos que nos plantea la democracia, tengo el firme convencimiento de que la \u00fanica respuesta posible es apostar por m\u00e1s democracia, apostar por m\u00e1s participaci\u00f3n, apostar por m\u00e1s tecnolog\u00eda y, por supuesto, apostar por m\u00e1s comunicaci\u00f3n\u00bb. <\/p>\n<\/p>\n<h6> 2016-04-10 14:55:04 <\/h6>\n<p><!--\n<link rel=\"stylesheet\" href=\"css\/bootstrap.min.css\">\n\n\n<ul class=\"pagination\">\n\t    \n\t\n\n<li >\n\t<a href='?page_no=13260'>Previous<\/a>\n\t<\/li>\n\n\n       \n    \n\n<li><a href='?page_no=1'>1<\/a><\/li>\n\n\n\n<li><a href='?page_no=2'>2<\/a><\/li>\n\n\n\n<li><a>...<\/a><\/li>\n\n\n\n<li><a href='?page_no=13259'>13259<\/a><\/li>\n\n\n\n<li><a href='?page_no=13260'>13260<\/a><\/li>\n\n\n\n<li class='active'><a>13261<\/a><\/li>\n\n\n\n<li><a href='?page_no=13262'>13262<\/a><\/li>\n\n\n\n<li><a href='?page_no=13263'>13263<\/a><\/li>\n\n\n\n<li><a>...<\/a><\/li>\n\n\n\n<li><a href='?page_no=56169'>56169<\/a><\/li>\n\n\n\n<li><a href='?page_no=56170'>56170<\/a><\/li>\n\n    \n\t\n\n<li >\n\t<a href='?page_no=13262'>Next<\/a>\n\t<\/li>\n\n\n    \n\n<li><a href='?page_no=56170'>Last &rsaquo;&rsaquo;<\/a><\/li>\n\n<\/ul>\n\n\n--><br \/>\n<\/body><\/p>\n","protected":false},"excerpt":{"rendered":"<p>El presidente Medina Habl\u00f3 el domingo 10 de Abril en Punta Cana, ante la Sociedad Interamericana de Prensa (SIP), una agrupaci\u00f3n de m\u00e1s de mil 300 empresas de peri\u00f3dicos y revistas de todo el continente, entre ellas las principales de la prensa dominicana. PUNTA CANA, RD, 10 de Abril de 2016.- El Presidente Danilo Medina [&hellip;]<\/p>\n","protected":false},"author":3,"featured_media":0,"comment_status":"open","ping_status":"open","sticky":false,"template":"","format":"standard","meta":{"footnotes":""},"categories":[20],"tags":[],"class_list":["post-218884","post","type-post","status-publish","format-standard","hentry","category-dominicana-hoy"],"_links":{"self":[{"href":"https:\/\/diariodominicano.com\/index.php?rest_route=\/wp\/v2\/posts\/218884","targetHints":{"allow":["GET"]}}],"collection":[{"href":"https:\/\/diariodominicano.com\/index.php?rest_route=\/wp\/v2\/posts"}],"about":[{"href":"https:\/\/diariodominicano.com\/index.php?rest_route=\/wp\/v2\/types\/post"}],"author":[{"embeddable":true,"href":"https:\/\/diariodominicano.com\/index.php?rest_route=\/wp\/v2\/users\/3"}],"replies":[{"embeddable":true,"href":"https:\/\/diariodominicano.com\/index.php?rest_route=%2Fwp%2Fv2%2Fcomments&post=218884"}],"version-history":[{"count":0,"href":"https:\/\/diariodominicano.com\/index.php?rest_route=\/wp\/v2\/posts\/218884\/revisions"}],"wp:attachment":[{"href":"https:\/\/diariodominicano.com\/index.php?rest_route=%2Fwp%2Fv2%2Fmedia&parent=218884"}],"wp:term":[{"taxonomy":"category","embeddable":true,"href":"https:\/\/diariodominicano.com\/index.php?rest_route=%2Fwp%2Fv2%2Fcategories&post=218884"},{"taxonomy":"post_tag","embeddable":true,"href":"https:\/\/diariodominicano.com\/index.php?rest_route=%2Fwp%2Fv2%2Ftags&post=218884"}],"curies":[{"name":"wp","href":"https:\/\/api.w.org\/{rel}","templated":true}]}}