{"id":218883,"date":"2016-04-10T15:18:21","date_gmt":"2016-04-10T15:18:21","guid":{"rendered":"http:\/\/diariodominicano.ddns.net\/?p=218883"},"modified":"2016-04-10T15:18:21","modified_gmt":"2016-04-10T15:18:21","slug":"discurso-del-presidente-danilo-medina-ante-la-asamblea-de-medio-ano-de-la-sociedad-interamericana-de-prensa","status":"publish","type":"post","link":"https:\/\/diariodominicano.com\/?p=218883","title":{"rendered":"Discurso del Presidente Danilo Medina ante la Asamblea de Medio A\u00f1o de la Sociedad Interamericana de Prensa"},"content":{"rendered":"<p><body><\/p>\n<p><img decoding=\"async\" src=\"img3\/DaniloSIP3.jpg\" \/>  <\/p>\n<p><strong><span class=\"text1noticias\">Punta Cana, 10 de Abril 2016<\/span><\/strong><\/p>\n<\/p>\n<p><strong><span class=\"text1noticias\">Se\u00f1or Pierre Manigault, <\/span><\/strong><\/p>\n<p><span class=\"text1noticias\">Presidente de la Sociedad Interamericana de Prensa;<\/span><\/p>\n<p><span class=\"text1noticias\"><strong>Se\u00f1or Persio Maldonado, <\/strong><\/span><\/p>\n<p><span class=\"text1noticias\">Director de la Sociedad Dominicana de Diarios y Presidente del Comit\u00e9 Anfitri\u00f3n de la Sociedad Interamericana de Prensa;<\/span><\/p>\n<p><span class=\"text1noticias\"><strong>Se\u00f1or Lu\u00eds Almagro, <\/strong><\/span><\/p>\n<p><span class=\"text1noticias\">Secretario General de la Organizaci\u00f3n de Estados Americanos, OEA;<\/span><\/p>\n<p><span class=\"text1noticias\"><strong>Se\u00f1or Jos\u00e9 Lu\u00eds Corripio,<\/strong><\/span><\/p>\n<p><span class=\"text1noticias\">Presidente del Grupo Corripio y Miembro del Comit\u00e9 Anfitri\u00f3n de la Sociedad Interamericana de Prensa;<\/span><\/p>\n<\/p>\n<p><span class=\"text1noticias\">Se\u00f1ores Miembros de la Junta de Directores de la Sociedad Interamericana de Prensa; <\/span><\/p>\n<\/p>\n<p><strong><span class=\"text1noticias\">Se\u00f1ores Ministros;<\/span><\/strong><\/p>\n<\/p>\n<p><span class=\"text1noticias\">Distinguidos Funcionarios del Gobierno;<\/span><\/p>\n<\/p>\n<p><strong><span class=\"text1noticias\">Se\u00f1oras y se\u00f1ores,<\/span><\/strong><\/p>\n<\/p>\n<p><span class=\"text1noticias\">Es un honor para nosotros acoger esta reuni\u00f3n de la Sociedad Interamericana de Prensa.<\/span><\/p>\n<\/p>\n<p><span class=\"text1noticias\">La organizaci\u00f3n que representan tiene una larga tradici\u00f3n como referente para la prensa en el conjunto de las Am\u00e9ricas, incluyendo por supuesto ala prensa dominicana.<\/span><\/p>\n<\/p>\n<p><span class=\"text1noticias\">Con m\u00e1s de seis d\u00e9cadas defendiendo la libertad de expresi\u00f3n, esta sociedad ha ido sumando voluntades hasta reunir m\u00e1s de 1,300 peri\u00f3dicos y revistas, entre ellos los principales peri\u00f3dicosdominicanos. <\/span><\/p>\n<\/p>\n<p><span class=\"text1noticias\">Sean, por tanto, todos bienvenidos a la Rep\u00fablica Dominicana. Deseamos que se sientan a gusto y que disfruten su estad\u00eda en esta hermosa costa de Punta Cana.   <\/span><\/p>\n<\/p>\n<p><span class=\"text1noticias\">Como muchos sabr\u00e1n, este es un a\u00f1o muy activo para nuestro pa\u00eds en el panorama internacional y latinoamericano.<\/span><\/p>\n<\/p>\n<p><span class=\"text1noticias\">Este a\u00f1o no solo tenemos la presidencia pro tempore de la Comunidad de Estados de Latinoam\u00e9rica y el Caribe, CELAC, sino que tambi\u00e9n acogeremos en junio la cuadrag\u00e9simosexta asamblea de la OEA. <\/span><\/p>\n<\/p>\n<p><span class=\"text1noticias\">Es, por tanto, doblemente apropiado que en este 2016 recibamos no solo a los representantes de los gobiernos del continente, sino tambi\u00e9n a los medios de comunicaci\u00f3n, a la prensa y los periodistas que constituyen un pilar indispensable de nuestra vida democr\u00e1tica. <\/span><\/p>\n<\/p>\n<p><span class=\"text1noticias\">Tanto los gobiernos electos como la prensa libre, somos hijos de la democratizaci\u00f3n de Am\u00e9rica Latina producida en las \u00faltimas d\u00e9cadas. Como tales, nuestra relaci\u00f3n mutua es tanto compleja como indispensable para el presente y el futuro de nuestros pueblos. <\/span><\/p>\n<\/p>\n<p><span class=\"text1noticias\">En este sentido, quiero recalcar el firme compromiso del gobierno dominicanocon la libertad de prensa y de expresi\u00f3n. Y cuando hablo de compromiso no es una expresi\u00f3n ret\u00f3rica. <\/span><\/p>\n<\/p>\n<p><span class=\"text1noticias\">Nos esforzamos diariamente por proteger y atender el derecho a la informaci\u00f3n de nuestros ciudadanos y tambi\u00e9n el libre ejercicio de la labor period\u00edstica en nuestro territorio. <\/span><\/p>\n<\/p>\n<p><span class=\"text1noticias\">Y prueba de que estamos avanzando es la mejora que ha experimentado nuestro pa\u00eds en el \u00edndice mundial de libertad de prensa elaborado por Reporteros sin Fronteras. Seg\u00fan este informe,nuestro pa\u00eds avanz\u00f3 17 posiciones en los \u00faltimos 3 a\u00f1os, pasando del puesto 80 en el 2012 al 63 en el 2015. <\/span><\/p>\n<\/p>\n<p><span class=\"text1noticias\">Adem\u00e1s, nos alegra poder decir que confiamos en que el pr\u00f3ximo reporte registrar\u00e1 avance significativamente mayor.<\/span><\/p>\n<\/p>\n<p><span class=\"text1noticias\">Digo esto, por supuesto, porqueel principal reclamo del gremio period\u00edstico en nuestro pa\u00eds encontr\u00f3 respuesta el pasado mes de febrero, con la anulaci\u00f3n por parte del Tribunal Constitucional, de siete art\u00edculos de la Ley 6132 sobre Libertad de Expresi\u00f3n y Difusi\u00f3n del Pensamiento, vigente desde el a\u00f1o1962.<\/span><\/p>\n<\/p>\n<p><span class=\"text1noticias\">Lo fundamental de esta disposici\u00f3n, como muchos de ustedes saben, es la eliminaci\u00f3n de las penas de prisi\u00f3n y de multas que castigaban los llamados delitos de palabra y la anulaci\u00f3n del efecto cascada que establec\u00eda una escala de responsabilidades.Comenzando por el director de una publicaci\u00f3n hasta otros ejecutivos de redacci\u00f3n y administraci\u00f3n, frente a los casos de difamaci\u00f3n e injuria.<\/span><\/p>\n<\/p>\n<p><span class=\"text1noticias\">Celebramos esta disposici\u00f3n, que deja atr\u00e1s una legislaci\u00f3n obsoleta y nos pone al d\u00eda en la protecci\u00f3n del derecho a la libertad de expresi\u00f3n y pensamiento.  <\/span><\/p>\n<\/p>\n<p><span class=\"text1noticias\">La profundizaci\u00f3n de las libertades democr\u00e1ticas es, como sabemos, un proceso din\u00e1mico, en el que cada nueva libertad debe tener como contrapartida una nueva asunci\u00f3n de responsabilidad. <\/span><\/p>\n<\/p>\n<p><span class=\"text1noticias\">Confiamos en que la decisi\u00f3n del poder judicial ser\u00e1 el inicio de un c\u00edrculo virtuoso, en el que nuestras instituciones y nuestros medios tengan ocasi\u00f3n de crecer y madurar, acompa\u00f1ados de una sociedad activa y participativa. <\/span><\/p>\n<\/p>\n<p><span class=\"text1noticias\">Y en ese proceso de crecimiento, solicitamos tambi\u00e9n de ustedes, como transmisores de la realidad y creadores de opini\u00f3n p\u00fablica, que nos acompa\u00f1en en la construcci\u00f3n de una sociedadfundada en valores. Que nos ayuden a promover desde sus tribunas la convivencia pac\u00edfica, el bien com\u00fan y la honestidad. <\/span><\/p>\n<\/p>\n<p><span class=\"text1noticias\">Que contribuyan, desde sus tribunas, a la difusi\u00f3n de informaci\u00f3n rigurosa, equilibrada y objetiva. Informaci\u00f3n que permita a nuestros ciudadanos construir una opini\u00f3n bien informada sobre nuestra realidad y tomar las mejores decisiones. <\/span><\/p>\n<p><strong> <\/strong><\/p>\n<p><strong><span class=\"text1noticias\">Se\u00f1oras y se\u00f1ores, <\/span><\/strong><\/p>\n<\/p>\n<p><span class=\"text1noticias\">Quiero referirme ahora a otro aspecto de la relaci\u00f3n entre gobiernos y prensa. Porque a nadie se le escapa que, en los \u00faltimos tiempos,venimos enfrentando retos comunes. <\/span><\/p>\n<\/p>\n<p><span class=\"text1noticias\">Hablo, principalmente,del reto de adaptarnos a los vertiginosos cambios que las nuevas tecnolog\u00edas han producido en la relaci\u00f3n entre gobernantes y ciudadanos, entre medios de comunicaci\u00f3n y su p\u00fablico. <\/span><\/p>\n<\/p>\n<p><span class=\"text1noticias\">Los ciudadanos de la Am\u00e9rica Latina de hoy no son los ciudadanos de la Am\u00e9rica Latina que vio nacer la Sociedad Interamericana de Prensa hace 73 a\u00f1os.  <\/span><\/p>\n<\/p>\n<p><span class=\"text1noticias\">Hoy d\u00eda, el ciclo informativo dura 24 horas, y los ciudadanos son tanto consumidores como creadores de informaci\u00f3n. <\/span><\/p>\n<\/p>\n<p><span class=\"text1noticias\">Hoy d\u00eda, los gobernantes vivimos en una rendici\u00f3n de cuentas permanente y, al mismo tiempo, los consejos editoriales han perdido su papel como principales guardianes de la agenda de temas que centran el debate p\u00fablico. <\/span><\/p>\n<\/p>\n<p><span class=\"text1noticias\">Se acab\u00f3 el tiempo en que ganar una elecci\u00f3n pod\u00eda ser considerado por algunos pol\u00edticos como un cheque en blanco para hacer y deshacer hasta la siguiente votaci\u00f3n. <\/span><\/p>\n<\/p>\n<p><span class=\"text1noticias\">Se acab\u00f3 tambi\u00e9n el tiempo en que unos pocos medios ten\u00edan el monopolio de la opini\u00f3n p\u00fablica. <\/span><\/p>\n<\/p>\n<p><span class=\"text1noticias\">Cada decisi\u00f3n y cada declaraci\u00f3n ahora es inmediatamente evaluada y respondida a trav\u00e9s de m\u00faltiples canales y directamente por la gente, sin intermediarios. <\/span><\/p>\n<\/p>\n<p><span class=\"text1noticias\">Y lo que debemos entender lo pol\u00edticos, y entiendo que tambi\u00e9n los medios tradicionales, es que nuestra labor no es intentar frenar esa tendencia, sobre todo porque eso ser\u00eda imposible, ni tampoco huir de esa fiscalizaci\u00f3n. <\/span><\/p>\n<\/p>\n<p><span class=\"text1noticias\">Por el contrario, debemos hacer todo lo que est\u00e9 en nuestras manos para fortalecer esa interacci\u00f3n y participaci\u00f3n. Para enriquecer nuestra democracia con nuevos mecanismos de di\u00e1logo y ayudarnos de ese caudal ciudadano para hacer cada vez mejores pol\u00edticas y para contar con informaci\u00f3n m\u00e1s completa y rigurosa. <\/span><\/p>\n<p><strong> <\/strong><\/p>\n<p><strong><span class=\"text1noticias\">Amigos de la prensa, <\/span><\/strong><\/p>\n<\/p>\n<p><span class=\"text1noticias\">No les quepa duda, lo que estamos viviendo no solo es un fen\u00f3meno positivo, es un transformaci\u00f3n hist\u00f3rica. Y como todo cambio profundo, este tambi\u00e9n trae consigo nuevos retos y nuevos riesgos. <\/span><\/p>\n<\/p>\n<p><span class=\"text1noticias\">Uno de ellos, ustedes lo saben bien, es que, ante la avalancha de informaci\u00f3n, resulta cada vez m\u00e1s dif\u00edcil distinguir lo trivial de lo importante. <\/span><\/p>\n<\/p>\n<p><span class=\"text1noticias\">De la misma forma, es un reto creciente lograr que la conciencia cr\u00edtica encuentre cauces f\u00e9rtiles para expresarse y no se transforme en nihilismo y en anti pol\u00edtica. <\/span><\/p>\n<\/p>\n<p><span class=\"text1noticias\">Tal como nos confirma a\u00f1o tras a\u00f1o el Latinobar\u00f3metro, esta nueva ciudadan\u00edavalora la democracia, pero es extremadamente cr\u00edtica, tanto con los pol\u00edticos que les representan, como con la prensa que les informa. <\/span><\/p>\n<\/p>\n<p><span class=\"text1noticias\">Pero en este, como en todos los desaf\u00edos que nos plantea la democracia, tengo el firme convencimiento de que la \u00fanica respuesta posible es apostar por m\u00e1s democracia, apostar por m\u00e1s participaci\u00f3n, apostar por m\u00e1s tecnolog\u00eda y, por supuesto, apostar por m\u00e1s comunicaci\u00f3n. <\/span><\/p>\n<\/p>\n<p><strong><span class=\"text1noticias\">Se\u00f1oras y se\u00f1ores, <\/span><\/strong><\/p>\n<\/p>\n<p><span class=\"text1noticias\">Es nuestro deber actuar para que el conjunto de nuestros hombres y mujeres participen provechosamente del salto almundo digital. <\/span><\/p>\n<\/p>\n<p><span class=\"text1noticias\">Por eso, hace apenas unos d\u00edas, presentamos en Santiago la principal iniciativaque nos proponemos poner en marcha en los pr\u00f3ximos cuatro a\u00f1os,para que la Rep\u00fablica Dominicana se adapte a este cambio de paradigma. <\/span><\/p>\n<\/p>\n<p><span class=\"text1noticias\">Con el nombre de Rep\u00fablica Digital, lanzaremos un moderno y osado programa de inclusi\u00f3n digital, que incluye la universalizaci\u00f3n de la banda ancha, la mejora de nuestras infraestructuras de telecomunicaciones, el uso masivo de las nuevas tecnolog\u00edas en las escuelas p\u00fablicas y,  por supuesto, una firme apuesta por el gobierno abierto y digital, al servicio de los ciudadanos. <\/span><\/p>\n<\/p>\n<p><span class=\"text1noticias\">Con voluntad pol\u00edtica y la suma de esfuerzos de gobierno, comunidad acad\u00e9mica y empresariado nacional e internacional podremos, en el corto plazo, dar un gran salto cualitativo hacia el futuro. <\/span><\/p>\n<\/p>\n<p><span class=\"text1noticias\">Sabemos que internet tiene un poderoso efecto en la educaci\u00f3n, la salud, la integraci\u00f3n con la econom\u00eda mundial, el comercio, la productividad, el empleo, la seguridad, la democratizaci\u00f3n, la ciudadan\u00eda y la cohesi\u00f3n social. Y queremos que en este revolucionario paso adelante que nos proponemos dar participen todos los sectores de la sociedad, incluyendo, por supuesto, a los medios de comunicaci\u00f3n.<\/span><\/p>\n<\/p>\n<p><span class=\"text1noticias\">Aprovecho, por tanto,la oportunidad que me dan de participar en estasjornadas, con una agenda tan imbuida de la transici\u00f3n digital, para hacerles part\u00edcipes de nuestros proyectos e interesarnos igualmente por lo que podamos aprender de los suyos. <\/span><\/p>\n<p><strong> <\/strong><\/p>\n<p><strong><span class=\"text1noticias\">Se\u00f1oras y se\u00f1ores,<\/span><\/strong><\/p>\n<\/p>\n<p><span class=\"text1noticias\">En 1996, Gabriel Garc\u00eda M\u00e1rquez habl\u00f3 ante la Sociedad Interamericana de Prensa y constataba que el solo hecho de lograr que veinte periodistas de distintos pa\u00edses se re\u00fanan a conversar cinco d\u00edas sobre su oficio ya era un logro para ellos y para el periodismo.<\/span><\/p>\n<\/p>\n<p><span class=\"text1noticias\">Eso era en 1996, cuando Internet apenas empezaba a mostrar su potencial, pero el reto, de alguna forma, era similar al que se plantea hoy: reinventar el viejo modo de aprender el periodismo. <\/span><\/p>\n<\/p>\n<p><span class=\"text1noticias\">Solo podemos imaginar lo que Garc\u00eda M\u00e1rquez dir\u00eda hoysi viera como las nuevas tecnolog\u00edas hacen posible experiencias de colaboraci\u00f3n impensables hace solo diez a\u00f1os. <\/span><\/p>\n<\/p>\n<p><span class=\"text1noticias\">Esta misma potencialidad es la que queremos aprender a aprovechar para mejorar la administraci\u00f3n p\u00fablica, la participaci\u00f3n democr\u00e1tica, y en general la relaci\u00f3n entre gobierno y ciudadanos.  <\/span><\/p>\n<\/p>\n<p><span class=\"text1noticias\">Prensa y gobiernos tenemos, por tanto, tareas paralelas, pero fuertemente relacionadas. Debemos evolucionar para dar respuesta a las necesidades, las expectativas y las potencialidades de las ciudadan\u00edas a las que servimos. <\/span><\/p>\n<\/p>\n<p><span class=\"text1noticias\">Son muchos los retos que nos plantea este escenario de un continente cada vez m\u00e1s informado, diverso e interrelacionado. Sigamos por tanto, aprendiendo los unos de los otros, y buscando formas de adaptarnos con \u00e9xito a los cambios. <\/span><\/p>\n<\/p>\n<p><span class=\"text1noticias\">Pero hagamos todo esto sin olvidar lo esencial, los principios que hacen que tanto la pol\u00edtica como la prensa sean pilares fundamentales de la democracia. <\/span><\/p>\n<\/p>\n<p><span class=\"text1noticias\">Defendamos, con fuerza y orgullo el valor de la pol\u00edtica y el de la labor de informar, que en su dial\u00e9ctica a veces convulsa, han sido durante d\u00e9cadas el motor de las transformaciones sociales. <\/span><\/p>\n<\/p>\n<p><span class=\"text1noticias\">Porquees hoy, precisamente cuando la informaci\u00f3n es omnipresente, cuando m\u00e1s falta hace que esa informaci\u00f3n sea de calidad y ofrecida por profesionales.<\/span><\/p>\n<\/p>\n<p><span class=\"text1noticias\">Es hoy, precisamente cuando el escepticismo y el desencanto quieren ganar la partida entre nuestros j\u00f3venes, cuando m\u00e1s necesitamos de la buena pol\u00edtica. <\/span><\/p>\n<\/p>\n<p><span class=\"text1noticias\">Es hoy, cuando la realidad abruma a los ciudadanos conm\u00e1s opciones y m\u00e1s responsabilidades,cuando se hace m\u00e1s urgente ofrecerles buenos referentes.<\/span><\/p>\n<\/p>\n<p><span class=\"text1noticias\">Por eso hoy, m\u00e1s que nunca, debemos garantizar medios de comunicaci\u00f3n sanos y vigorosos, en democracias fuertes y s\u00f3lidas. <\/span><\/p>\n<\/p>\n<p><span class=\"text1noticias\">Por eso, hoy m\u00e1s que nunca, les ofrezco mi mano tendida para seguir trabajando juntos, para seguir aprendiendo juntos y los animo a ejercer con m\u00e1s entusiasmo que nunca la que Garc\u00eda M\u00e1rquez llam\u00f3 la profesi\u00f3n m\u00e1s bonita del mundo.<\/span><\/p>\n<p><strong> <\/strong><\/p>\n<p><strong><span class=\"text1noticias\">Muchas gracias.<\/span><\/strong><\/p>\n<\/p>\n<\/p>\n<\/p>\n<h6> 2016-04-10 15:18:21 <\/h6>\n<p><!--\n<link rel=\"stylesheet\" href=\"css\/bootstrap.min.css\">\n\n\n<ul class=\"pagination\">\n\t    \n\t\n\n<li >\n\t<a href='?page_no=13259'>Previous<\/a>\n\t<\/li>\n\n\n       \n    \n\n<li><a href='?page_no=1'>1<\/a><\/li>\n\n\n\n<li><a href='?page_no=2'>2<\/a><\/li>\n\n\n\n<li><a>...<\/a><\/li>\n\n\n\n<li><a href='?page_no=13258'>13258<\/a><\/li>\n\n\n\n<li><a href='?page_no=13259'>13259<\/a><\/li>\n\n\n\n<li class='active'><a>13260<\/a><\/li>\n\n\n\n<li><a href='?page_no=13261'>13261<\/a><\/li>\n\n\n\n<li><a href='?page_no=13262'>13262<\/a><\/li>\n\n\n\n<li><a>...<\/a><\/li>\n\n\n\n<li><a href='?page_no=56169'>56169<\/a><\/li>\n\n\n\n<li><a href='?page_no=56170'>56170<\/a><\/li>\n\n    \n\t\n\n<li >\n\t<a href='?page_no=13261'>Next<\/a>\n\t<\/li>\n\n\n    \n\n<li><a href='?page_no=56170'>Last &rsaquo;&rsaquo;<\/a><\/li>\n\n<\/ul>\n\n\n--><br \/>\n<\/body><\/p>\n","protected":false},"excerpt":{"rendered":"<p>Punta Cana, 10 de Abril 2016 Se\u00f1or Pierre Manigault, Presidente de la Sociedad Interamericana de Prensa; Se\u00f1or Persio Maldonado, Director de la Sociedad Dominicana de Diarios y Presidente del Comit\u00e9 Anfitri\u00f3n de la Sociedad Interamericana de Prensa; Se\u00f1or Lu\u00eds Almagro, Secretario General de la Organizaci\u00f3n de Estados Americanos, OEA; Se\u00f1or Jos\u00e9 Lu\u00eds Corripio, Presidente del [&hellip;]<\/p>\n","protected":false},"author":3,"featured_media":0,"comment_status":"open","ping_status":"open","sticky":false,"template":"","format":"standard","meta":{"footnotes":""},"categories":[20],"tags":[],"class_list":["post-218883","post","type-post","status-publish","format-standard","hentry","category-dominicana-hoy"],"_links":{"self":[{"href":"https:\/\/diariodominicano.com\/index.php?rest_route=\/wp\/v2\/posts\/218883","targetHints":{"allow":["GET"]}}],"collection":[{"href":"https:\/\/diariodominicano.com\/index.php?rest_route=\/wp\/v2\/posts"}],"about":[{"href":"https:\/\/diariodominicano.com\/index.php?rest_route=\/wp\/v2\/types\/post"}],"author":[{"embeddable":true,"href":"https:\/\/diariodominicano.com\/index.php?rest_route=\/wp\/v2\/users\/3"}],"replies":[{"embeddable":true,"href":"https:\/\/diariodominicano.com\/index.php?rest_route=%2Fwp%2Fv2%2Fcomments&post=218883"}],"version-history":[{"count":0,"href":"https:\/\/diariodominicano.com\/index.php?rest_route=\/wp\/v2\/posts\/218883\/revisions"}],"wp:attachment":[{"href":"https:\/\/diariodominicano.com\/index.php?rest_route=%2Fwp%2Fv2%2Fmedia&parent=218883"}],"wp:term":[{"taxonomy":"category","embeddable":true,"href":"https:\/\/diariodominicano.com\/index.php?rest_route=%2Fwp%2Fv2%2Fcategories&post=218883"},{"taxonomy":"post_tag","embeddable":true,"href":"https:\/\/diariodominicano.com\/index.php?rest_route=%2Fwp%2Fv2%2Ftags&post=218883"}],"curies":[{"name":"wp","href":"https:\/\/api.w.org\/{rel}","templated":true}]}}