{"id":218880,"date":"2016-04-10T17:38:02","date_gmt":"2016-04-10T17:38:02","guid":{"rendered":"http:\/\/diariodominicano.ddns.net\/?p=218880"},"modified":"2016-04-10T17:38:02","modified_gmt":"2016-04-10T17:38:02","slug":"sip-y-sociedad-dominicana-de-diarios-reconocen-labor-periodistica-de-rafael-molina-morillo","status":"publish","type":"post","link":"https:\/\/diariodominicano.com\/?p=218880","title":{"rendered":"SIP y Sociedad Dominicana de Diarios reconocen labor period\u00edstica de Rafael Molina Morillo"},"content":{"rendered":"<p><body><\/p>\n<p><img decoding=\"async\" src=\"img3\/IMG_5787.JPG\" \/><br \/><img decoding=\"async\" src=\"img3\/IMG_5789.JPG\" \/><br \/><img decoding=\"async\" src=\"img3\/IMG_5778.JPG\" \/>  <\/p>\n<p><strong><span class=\"text1noticias\">Ricardo Trotti, Miguel Franjul, Pierre Manigault, Rafael Molina Morillo, Persio Maldonado y Jos\u00e9 Luis Corripio Estrada (Pep\u00edn).<\/span><\/strong><\/p>\n<\/p>\n<p><span class=\"text1noticias\">\u00abLa verdad es que pensaba que los periodistas eran muy indiscretos, pero en este caso todos se guardaron el secreto, y es una verdadera y real sorpresa\u00bb, dijo Molina Morillo.<\/span><\/p>\n<p><span class=\"text1noticias\"><strong>PUNTA CANA, La Altagracia, 10 de Abril de 2016.-<\/strong>La Sociedad Interamericana de Prensa (SIP) y la Sociedad Dominicana de Diarios (SDD), horraron con una placa de reconocimiento en condici\u00f3n de ex presidente de la SIP, por la lucha hacia la libertad de expresi\u00f3n al experimentado periodista dominicano Rafael Molina Morillo.<\/span><\/p>\n<\/p>\n<p><span class=\"text1noticias\">Molina Morillo, agradeci\u00f3 la entrega del reconcomiendo y dijo que se sent\u00eda satisfecho y alegado porque ha hecho un buen trabajo period\u00edstico, pero que m\u00e1s que festejarlo era para \u00e9l un compromiso de seguir con lealtad, firmeza y determinaci\u00f3n la carrera, la que denomin\u00f3 como ingrata, pero llena de satisfacci\u00f3n.<\/span><\/p>\n<\/p>\n<p><strong><span class=\"text1noticias\">Pierre Manigault y Rafael Molina Morillo.<\/span><\/strong><\/p>\n<\/p>\n<p><span class=\"text1noticias\">\u00abLa verdad es que pensaba que los periodistas eran muy indiscretos, pero en este caso todos se guardaron el secreto, y es una verdadera y real sorpresa\u00bb, dijo Molina Morillo.<\/span><\/p>\n<p><span class=\"text1noticias\"><strong>Placa de reconocimiento entregada al periodista Rafael Molina Morillo.<\/strong><\/span><\/p>\n<\/p>\n<p><span class=\"text1noticias\">La placa de reconocimiento fue entregada por el presidente de la SIP, Pierre Manigault; el director ejecutivo, Ricardo Trotti; Persio Maldonado, director de la SDD;el empresario Jos\u00e9 Luis Corripio Estrada (Pep\u00edn), propietario del Grupo Corripio; y Miguel Franjul, vicepresidente de la Comisi\u00f3n de Libertad de Prensa para Rep\u00fablica Dominicana y director del peri\u00f3dico List\u00edn Dar\u00edo. <\/span><\/p>\n<p><span class=\"text1noticias\">\u00abEn la preparaci\u00f3n de la celebraci\u00f3n de la Reuni\u00f3n de Medio A\u00f1o de la SIP surgi\u00f3 la idea de Adriano Miguel Tejada, de hacer este reconocimiento, la cual manejamos con mucha discreci\u00f3n para que no se soltara ning\u00fan elemento y dejara de ser una sorpresa\u00bb, dijo Maldonado.<\/span><\/p>\n<\/p>\n<h6> 2016-04-10 17:38:02 <\/h6>\n<p><!--\n<link rel=\"stylesheet\" href=\"css\/bootstrap.min.css\">\n\n\n<ul class=\"pagination\">\n\t    \n\t\n\n<li >\n\t<a href='?page_no=13257'>Previous<\/a>\n\t<\/li>\n\n\n       \n    \n\n<li><a href='?page_no=1'>1<\/a><\/li>\n\n\n\n<li><a href='?page_no=2'>2<\/a><\/li>\n\n\n\n<li><a>...<\/a><\/li>\n\n\n\n<li><a href='?page_no=13256'>13256<\/a><\/li>\n\n\n\n<li><a href='?page_no=13257'>13257<\/a><\/li>\n\n\n\n<li class='active'><a>13258<\/a><\/li>\n\n\n\n<li><a href='?page_no=13259'>13259<\/a><\/li>\n\n\n\n<li><a href='?page_no=13260'>13260<\/a><\/li>\n\n\n\n<li><a>...<\/a><\/li>\n\n\n\n<li><a href='?page_no=56169'>56169<\/a><\/li>\n\n\n\n<li><a href='?page_no=56170'>56170<\/a><\/li>\n\n    \n\t\n\n<li >\n\t<a href='?page_no=13259'>Next<\/a>\n\t<\/li>\n\n\n    \n\n<li><a href='?page_no=56170'>Last &rsaquo;&rsaquo;<\/a><\/li>\n\n<\/ul>\n\n\n--><br \/>\n<\/body><\/p>\n","protected":false},"excerpt":{"rendered":"<p>Ricardo Trotti, Miguel Franjul, Pierre Manigault, Rafael Molina Morillo, Persio Maldonado y Jos\u00e9 Luis Corripio Estrada (Pep\u00edn). \u00abLa verdad es que pensaba que los periodistas eran muy indiscretos, pero en este caso todos se guardaron el secreto, y es una verdadera y real sorpresa\u00bb, dijo Molina Morillo. PUNTA CANA, La Altagracia, 10 de Abril de [&hellip;]<\/p>\n","protected":false},"author":3,"featured_media":0,"comment_status":"open","ping_status":"open","sticky":false,"template":"","format":"standard","meta":{"footnotes":""},"categories":[20],"tags":[],"class_list":["post-218880","post","type-post","status-publish","format-standard","hentry","category-dominicana-hoy"],"_links":{"self":[{"href":"https:\/\/diariodominicano.com\/index.php?rest_route=\/wp\/v2\/posts\/218880","targetHints":{"allow":["GET"]}}],"collection":[{"href":"https:\/\/diariodominicano.com\/index.php?rest_route=\/wp\/v2\/posts"}],"about":[{"href":"https:\/\/diariodominicano.com\/index.php?rest_route=\/wp\/v2\/types\/post"}],"author":[{"embeddable":true,"href":"https:\/\/diariodominicano.com\/index.php?rest_route=\/wp\/v2\/users\/3"}],"replies":[{"embeddable":true,"href":"https:\/\/diariodominicano.com\/index.php?rest_route=%2Fwp%2Fv2%2Fcomments&post=218880"}],"version-history":[{"count":0,"href":"https:\/\/diariodominicano.com\/index.php?rest_route=\/wp\/v2\/posts\/218880\/revisions"}],"wp:attachment":[{"href":"https:\/\/diariodominicano.com\/index.php?rest_route=%2Fwp%2Fv2%2Fmedia&parent=218880"}],"wp:term":[{"taxonomy":"category","embeddable":true,"href":"https:\/\/diariodominicano.com\/index.php?rest_route=%2Fwp%2Fv2%2Fcategories&post=218880"},{"taxonomy":"post_tag","embeddable":true,"href":"https:\/\/diariodominicano.com\/index.php?rest_route=%2Fwp%2Fv2%2Ftags&post=218880"}],"curies":[{"name":"wp","href":"https:\/\/api.w.org\/{rel}","templated":true}]}}