{"id":218879,"date":"2016-04-11T13:01:30","date_gmt":"2016-04-11T13:01:30","guid":{"rendered":"http:\/\/diariodominicano.ddns.net\/?p=218879"},"modified":"2016-04-11T13:01:30","modified_gmt":"2016-04-11T13:01:30","slug":"expresa-condolencias-por-fallecimiento-de-la-madre-del-magistrado-herrera-carbuccia","status":"publish","type":"post","link":"https:\/\/diariodominicano.com\/?p=218879","title":{"rendered":"Expresa condolencias por fallecimiento de la madre del Magistrado Herrera Carbuccia"},"content":{"rendered":"<p><body><\/p>\n<p><img decoding=\"async\" src=\"img3\/mariano00.jpg\" \/>  <\/p>\n<\/p>\n<p><strong>SANTO DOMINGO, RD, 11 de Abril de 2016.- <\/strong>El presidente de la Suprema Corte de Justicia (SCJ) y del Consejo del Poder Judicial (CPJ), doctor Mariano Germ\u00e1n Mej\u00eda, expres\u00f3 sus m\u00e1s sentidas condolencias al magistrado Manuel Ram\u00f3n Herrera Carbuccia, por la muerte de su madre, Carmen Luisa Carbuccia de Herrera, en San Pedro de Macor\u00eds.<\/p>\n<\/p>\n<p>El magistrado afirm\u00f3 que el Poder Judicial se une al dolor que embarga a la familia del presidente de la Tercera Sala o Sala de Tierras, Laboral, Contencioso-Administrativo y Contencioso-Tributario y director de la Unidad Acad\u00e9mica de la Suprema Corte de Justicia, por la irreparable p\u00e9rdida.<\/p>\n<\/p>\n<p>La fallecida Mercedes Luisa Carbuccia de Herrera fue una de las primeras mujeres en graduarse de Doctora en Medicina en San Pedro de Macor\u00eds. Su esposo Abelardo Herrera Pe\u00f1a, fue juez de la Suprema Corte de Justicia.<\/p>\n<\/p>\n<p>Sus hijos son, adem\u00e1s del juez de la SCJ, Manuel Ram\u00f3n Herrera Carbuccia, la Magistrada de la Corte Internacional de Justicia de La Haya, Olga Herrera Carbuccia; Dora Rosanna Herrera Carbuccia, especialista en pediatr\u00eda, y Vanesa Margarita Herrera Carbuccia, abogada especializada en asuntos municipales. <\/p>\n<\/p>\n<p>Los restos mortales de la dama estar\u00e1n expuestos hasta las 4:00 p.m. en la Protectora La Altagracia, ubicada en la calle Rolando Mart\u00ednez #4, de San Pedro de Macor\u00eds. <\/p>\n<\/p>\n<p>La misa de cuerpo presente tendr\u00e1 lugar en la Catedral San Pedro Ap\u00f3stol y el entierro en el Cementerio Central, de esa demarcaci\u00f3n.<\/p>\n<h6> 2016-04-11 13:01:30 <\/h6>\n<p><!--\n<link rel=\"stylesheet\" href=\"css\/bootstrap.min.css\">\n\n\n<ul class=\"pagination\">\n\t    \n\t\n\n<li >\n\t<a href='?page_no=13256'>Previous<\/a>\n\t<\/li>\n\n\n       \n    \n\n<li><a href='?page_no=1'>1<\/a><\/li>\n\n\n\n<li><a href='?page_no=2'>2<\/a><\/li>\n\n\n\n<li><a>...<\/a><\/li>\n\n\n\n<li><a href='?page_no=13255'>13255<\/a><\/li>\n\n\n\n<li><a href='?page_no=13256'>13256<\/a><\/li>\n\n\n\n<li class='active'><a>13257<\/a><\/li>\n\n\n\n<li><a href='?page_no=13258'>13258<\/a><\/li>\n\n\n\n<li><a href='?page_no=13259'>13259<\/a><\/li>\n\n\n\n<li><a>...<\/a><\/li>\n\n\n\n<li><a href='?page_no=56169'>56169<\/a><\/li>\n\n\n\n<li><a href='?page_no=56170'>56170<\/a><\/li>\n\n    \n\t\n\n<li >\n\t<a href='?page_no=13258'>Next<\/a>\n\t<\/li>\n\n\n    \n\n<li><a href='?page_no=56170'>Last &rsaquo;&rsaquo;<\/a><\/li>\n\n<\/ul>\n\n\n--><br \/>\n<\/body><\/p>\n","protected":false},"excerpt":{"rendered":"<p>SANTO DOMINGO, RD, 11 de Abril de 2016.- El presidente de la Suprema Corte de Justicia (SCJ) y del Consejo del Poder Judicial (CPJ), doctor Mariano Germ\u00e1n Mej\u00eda, expres\u00f3 sus m\u00e1s sentidas condolencias al magistrado Manuel Ram\u00f3n Herrera Carbuccia, por la muerte de su madre, Carmen Luisa Carbuccia de Herrera, en San Pedro de Macor\u00eds. [&hellip;]<\/p>\n","protected":false},"author":3,"featured_media":0,"comment_status":"open","ping_status":"open","sticky":false,"template":"","format":"standard","meta":{"footnotes":""},"categories":[20],"tags":[],"class_list":["post-218879","post","type-post","status-publish","format-standard","hentry","category-dominicana-hoy"],"_links":{"self":[{"href":"https:\/\/diariodominicano.com\/index.php?rest_route=\/wp\/v2\/posts\/218879","targetHints":{"allow":["GET"]}}],"collection":[{"href":"https:\/\/diariodominicano.com\/index.php?rest_route=\/wp\/v2\/posts"}],"about":[{"href":"https:\/\/diariodominicano.com\/index.php?rest_route=\/wp\/v2\/types\/post"}],"author":[{"embeddable":true,"href":"https:\/\/diariodominicano.com\/index.php?rest_route=\/wp\/v2\/users\/3"}],"replies":[{"embeddable":true,"href":"https:\/\/diariodominicano.com\/index.php?rest_route=%2Fwp%2Fv2%2Fcomments&post=218879"}],"version-history":[{"count":0,"href":"https:\/\/diariodominicano.com\/index.php?rest_route=\/wp\/v2\/posts\/218879\/revisions"}],"wp:attachment":[{"href":"https:\/\/diariodominicano.com\/index.php?rest_route=%2Fwp%2Fv2%2Fmedia&parent=218879"}],"wp:term":[{"taxonomy":"category","embeddable":true,"href":"https:\/\/diariodominicano.com\/index.php?rest_route=%2Fwp%2Fv2%2Fcategories&post=218879"},{"taxonomy":"post_tag","embeddable":true,"href":"https:\/\/diariodominicano.com\/index.php?rest_route=%2Fwp%2Fv2%2Ftags&post=218879"}],"curies":[{"name":"wp","href":"https:\/\/api.w.org\/{rel}","templated":true}]}}