{"id":218878,"date":"2016-04-11T14:28:37","date_gmt":"2016-04-11T14:28:37","guid":{"rendered":"http:\/\/diariodominicano.ddns.net\/?p=218878"},"modified":"2016-04-11T14:28:37","modified_gmt":"2016-04-11T14:28:37","slug":"proxima-asamblea-de-sip-sera-en-mexico-asistiranlos-ex-presidentes-felipe-calderon-y-jose-mujica","status":"publish","type":"post","link":"https:\/\/diariodominicano.com\/?p=218878","title":{"rendered":"Pr\u00f3xima Asamblea de SIP ser\u00e1 en M\u00e9xico; asistir\u00e1n&#13;los ex presidentes Felipe Calder\u00f3n y Jos\u00e9 Mujica"},"content":{"rendered":"<p><body><\/p>\n<p><img decoding=\"async\" src=\"img3\/IMG_4782.JPG\" \/>  <\/p>\n<p><span class=\"text1noticias\">PUNTA CANA, RD., 11 de abril.- La Sociedad Interamericana de Prensa (SIP), anunci\u00f3 que la 72 Asamblea General del organismo ser\u00e1 celebrada por segunda ocasi\u00f3n en M\u00e9xico, del 13 al 17 de octubre, en el Hotel Hilton Reforma, donde se presentar\u00e1n los informes relacionados al avance de los trabajos a prensa, con debates controversiales como, el crimen organizado de en ese pa\u00eds, las agresiones a periodistas y a liberaci\u00f3n sobre el consumo de droga en America Latina.<\/span><\/p>\n<\/p>\n<p><span class=\"text1noticias\">La SIP explic\u00f3 que con sus principales autoridades est\u00e1 desarrollando un ambicioso programa para la celebraci\u00f3n de este evento, el cual contar\u00e1 con la participaci\u00f3n de todos los medios de comunicaci\u00f3n que forman parte de la prensa mexicana. <\/span><\/p>\n<\/p>\n<p><span class=\"text1noticias\">A esta reuni\u00f3n asistir\u00e1, el vienes 14 de octubre, el ex presidente de M\u00e9xico Felipe Calder\u00f3n; mientras que el an\u00e1lisis de los temas pol\u00edticos de pa\u00edses latinoamericanos como Cuba, Brasil, Bolivia y Venezuela los har\u00e1 Jos\u00e9 Mujica, ex presidente de Uruguay. <\/span><\/p>\n<\/p>\n<p><span class=\"text1noticias\">El consejero delegado del Grupo Prisa, Juan Luis Cebri\u00e1n asistir\u00e1, as\u00ed como tambi\u00e9n los periodistas Jorge Casta\u00f1eda, ex canciller mexicano y Jorge Ramos de la cadena Univisi\u00f3n.<\/span><\/p>\n<p><span class=\"text1noticias\">La primera vez que se conmemor\u00f3 este avent\u00f3 en M\u00e9xico fue en 2006, en el marco del 90 aniversario del peri\u00f3dico El Universal. <\/span><\/p>\n<\/p>\n<p><span class=\"text1noticias\">En octubre de 2016 este peri\u00f3dico cumple 100 a\u00f1os y ser\u00e1 festejado con la participaci\u00f3n de la SIP. <\/span><\/p>\n<p><span class=\"text1noticias\">\u00abNo llena de situaci\u00f3n tener esta compromiso muy importante, cuando nos confirmen la participaci\u00f3n dem\u00e1s personalidades se lo comunicaremos\u00bb, dijo la SIP. <\/span> <\/p>\n<h6> 2016-04-11 14:28:37 <\/h6>\n<p><!--\n<link rel=\"stylesheet\" href=\"css\/bootstrap.min.css\">\n\n\n<ul class=\"pagination\">\n\t    \n\t\n\n<li >\n\t<a href='?page_no=13255'>Previous<\/a>\n\t<\/li>\n\n\n       \n    \n\n<li><a href='?page_no=1'>1<\/a><\/li>\n\n\n\n<li><a href='?page_no=2'>2<\/a><\/li>\n\n\n\n<li><a>...<\/a><\/li>\n\n\n\n<li><a href='?page_no=13254'>13254<\/a><\/li>\n\n\n\n<li><a href='?page_no=13255'>13255<\/a><\/li>\n\n\n\n<li class='active'><a>13256<\/a><\/li>\n\n\n\n<li><a href='?page_no=13257'>13257<\/a><\/li>\n\n\n\n<li><a href='?page_no=13258'>13258<\/a><\/li>\n\n\n\n<li><a>...<\/a><\/li>\n\n\n\n<li><a href='?page_no=56169'>56169<\/a><\/li>\n\n\n\n<li><a href='?page_no=56170'>56170<\/a><\/li>\n\n    \n\t\n\n<li >\n\t<a href='?page_no=13257'>Next<\/a>\n\t<\/li>\n\n\n    \n\n<li><a href='?page_no=56170'>Last &rsaquo;&rsaquo;<\/a><\/li>\n\n<\/ul>\n\n\n--><br \/>\n<\/body><\/p>\n","protected":false},"excerpt":{"rendered":"<p>PUNTA CANA, RD., 11 de abril.- La Sociedad Interamericana de Prensa (SIP), anunci\u00f3 que la 72 Asamblea General del organismo ser\u00e1 celebrada por segunda ocasi\u00f3n en M\u00e9xico, del 13 al 17 de octubre, en el Hotel Hilton Reforma, donde se presentar\u00e1n los informes relacionados al avance de los trabajos a prensa, con debates controversiales como, [&hellip;]<\/p>\n","protected":false},"author":3,"featured_media":0,"comment_status":"open","ping_status":"open","sticky":false,"template":"","format":"standard","meta":{"footnotes":""},"categories":[20],"tags":[],"class_list":["post-218878","post","type-post","status-publish","format-standard","hentry","category-dominicana-hoy"],"_links":{"self":[{"href":"https:\/\/diariodominicano.com\/index.php?rest_route=\/wp\/v2\/posts\/218878","targetHints":{"allow":["GET"]}}],"collection":[{"href":"https:\/\/diariodominicano.com\/index.php?rest_route=\/wp\/v2\/posts"}],"about":[{"href":"https:\/\/diariodominicano.com\/index.php?rest_route=\/wp\/v2\/types\/post"}],"author":[{"embeddable":true,"href":"https:\/\/diariodominicano.com\/index.php?rest_route=\/wp\/v2\/users\/3"}],"replies":[{"embeddable":true,"href":"https:\/\/diariodominicano.com\/index.php?rest_route=%2Fwp%2Fv2%2Fcomments&post=218878"}],"version-history":[{"count":0,"href":"https:\/\/diariodominicano.com\/index.php?rest_route=\/wp\/v2\/posts\/218878\/revisions"}],"wp:attachment":[{"href":"https:\/\/diariodominicano.com\/index.php?rest_route=%2Fwp%2Fv2%2Fmedia&parent=218878"}],"wp:term":[{"taxonomy":"category","embeddable":true,"href":"https:\/\/diariodominicano.com\/index.php?rest_route=%2Fwp%2Fv2%2Fcategories&post=218878"},{"taxonomy":"post_tag","embeddable":true,"href":"https:\/\/diariodominicano.com\/index.php?rest_route=%2Fwp%2Fv2%2Ftags&post=218878"}],"curies":[{"name":"wp","href":"https:\/\/api.w.org\/{rel}","templated":true}]}}