{"id":218876,"date":"2016-04-11T16:38:31","date_gmt":"2016-04-11T16:38:31","guid":{"rendered":"http:\/\/diariodominicano.ddns.net\/?p=218876"},"modified":"2016-04-11T16:38:31","modified_gmt":"2016-04-11T16:38:31","slug":"presidente-medina-dejara-iniciado-trabajos-planta-tratamiento-la-zurza","status":"publish","type":"post","link":"https:\/\/diariodominicano.com\/?p=218876","title":{"rendered":"Presidente Medina dejar\u00e1 iniciado trabajos planta tratamiento La Zurza"},"content":{"rendered":"<p><body><\/p>\n<p><img decoding=\"async\" src=\"img3\/Plantas Tratamiento.jpg\" \/>  <\/p>\n<p><span class=\"text1noticias\">Santo Domingo, R. D., 11 de abril.- El Presidente Danilo Medina dejar\u00e1 iniciado este mi\u00e9rcoles los trabajos de construcci\u00f3n de la Planta de tratamiento de La Zurza que tendr\u00e1 una inversi\u00f3n inicial de 55 millones de Euros, como parte de las acciones que desarrolla el gobierno para sanear los r\u00edos Ozama e Isabela.<\/span><\/p>\n<p><span class=\"text1noticias\"> <\/span><\/p>\n<p><span class=\"text1noticias\">El arquitecto Alejandro Mont\u00e1s, director de la Corporaci\u00f3n del Acueducto y Alcantarillado de Santo Domingo (CAASD),  al dar a conocer la informaci\u00f3n explic\u00f3 que la obra servir\u00e1 para conectar alrededor de 60 empresas que no tienen planta de tratamiento y vierten sus desperdicios a esos r\u00edos.<\/span><\/p>\n<p><span class=\"text1noticias\"> <\/span><\/p>\n<p><span class=\"text1noticias\">Agreg\u00f3 que unas 450 mil personas que viven en la ribera del r\u00edo Ozama recibir\u00e1n servicio de depuraci\u00f3n de las aguas residuales  y la mayor\u00eda de las ca\u00f1adas ser\u00e1n interconectadas a la planta de tratamiento.<\/span><\/p>\n<p><span class=\"text1noticias\"> <\/span><\/p>\n<p><span class=\"text1noticias\">Mont\u00e1s sostuvo que los trabajos estar\u00e1n divididos en dos etapas, el subsistema de Los Frailes se interconectar\u00e1 a trav\u00e9s de una red de alcantarillado sanitario y se le realizar\u00e1n las acometidas a todas esas casas para que viertan sus aguas a la planta de tratamiento.<\/span><\/p>\n<p><span class=\"text1noticias\"> <\/span><\/p>\n<p><span class=\"text1noticias\">\u00abEl Presidente de la Rep\u00fablica, Danilo Medina dar\u00e1 este mi\u00e9rcoles a las 10:00 de la ma\u00f1ana el primer palazo para dejar iniciado los trabajos de construcci\u00f3n de la planta de tratamiento de La Zurza que tendr\u00e1 un costo inicial de 55 millones de euros, permitir\u00e1 la conexi\u00f3n de 60 empresas que vierten sus aguas residuales a los r\u00edos Ozama e Isabela y beneficiar\u00e1 a 450 mil personas que viven en las proximidades de esos r\u00edos\u00bb,  explic\u00f3 el funcionario.<\/span><\/p>\n<p><span class=\"text1noticias\"> <\/span><\/p>\n<p><span class=\"text1noticias\">El arquitecto Montas se expres\u00f3 en esos t\u00e9rminos al participar en la entrevista central   del programa Tele matutino 11, que conduce y producen  de lunes a viernes el ingeniero Ram\u00f3n N\u00fa\u00f1ez Ram\u00edrez y la comunicadora Jacqueline Morel por Tele sistema, canal 11.<\/span><\/p>\n<p><span class=\"text1noticias\"> <\/span><\/p>\n<p><span class=\"text1noticias\">Manifest\u00f3 que el proyecto denominado \u00abLlave en Mano\u00bb ser\u00e1 construido en dos a\u00f1os y medios, y tendr\u00e1 una producci\u00f3n de mil doscientos litros por segundo, obra que forma parte de las acciones que ejecuta el gobierno del Presidente Danilo Medina para el rescate de los r\u00edos Isabela y Ozama.<\/span><\/p>\n<p><span class=\"text1noticias\"> <\/span><\/p>\n<p><span class=\"text1noticias\">Refiri\u00f3 que hay dos decretos para el rescate de esos dos r\u00edos  y que se est\u00e1 trabajando a trav\u00e9s de una comisi\u00f3n que preside el ministro de la Presidencia, Gustavo Montalvo.<\/span><\/p>\n<p><span class=\"text1noticias\"> <\/span><\/p>\n<p><span class=\"text1noticias\">Por otro lado, el funcionario garantiz\u00f3 a la poblaci\u00f3n  del Distrito Nacional  y provincia Santo Domingo que no le faltar\u00e1 agua potable este a\u00f1o, porque la CAASD ha rehabilitado todos sus sistemas y est\u00e1n produciendo agua a toda capacidad,  incluyendo los  campos de pozos.<\/span><\/p>\n<p><span class=\"text1noticias\"> <\/span><\/p>\n<p><span class=\"text1noticias\">\u00abEstamos rehabilitando los campos de pozos de Lecher\u00eda, rehabilitamos los campos de pozos Moya, conjuntamente con ellos, que a finales de abril aportar\u00e1n 10 millones de galones adicionales, hemos apelados a las aguas subterr\u00e1neas, ten\u00edamos m\u00e1s de 200 pozos abandonados los cuales fueron reparados y puesto en operaci\u00f3n, lo que ha estabilizado el sistema aportando una producci\u00f3n de 405 millones de galones diario\u00bb, precis\u00f3.<\/span><\/p>\n<p><span class=\"text1noticias\"> <\/span><\/p>\n<p><span class=\"text1noticias\">El director de la CAASD resalt\u00f3 que la mejor\u00eda en el servicio de agua potable en el Distrito Nacional y la provincia Santo Domingo hizo desaparecer las protestas con tanques y cubetas vac\u00edas, al igual que los interactivos llamando a los programas para denunciar la escase<\/span>s de agua.<\/p>\n<h6> 2016-04-11 16:38:31 <\/h6>\n<p><!--\n<link rel=\"stylesheet\" href=\"css\/bootstrap.min.css\">\n\n\n<ul class=\"pagination\">\n\t    \n\t\n\n<li >\n\t<a href='?page_no=13253'>Previous<\/a>\n\t<\/li>\n\n\n       \n    \n\n<li><a href='?page_no=1'>1<\/a><\/li>\n\n\n\n<li><a href='?page_no=2'>2<\/a><\/li>\n\n\n\n<li><a>...<\/a><\/li>\n\n\n\n<li><a href='?page_no=13252'>13252<\/a><\/li>\n\n\n\n<li><a href='?page_no=13253'>13253<\/a><\/li>\n\n\n\n<li class='active'><a>13254<\/a><\/li>\n\n\n\n<li><a href='?page_no=13255'>13255<\/a><\/li>\n\n\n\n<li><a href='?page_no=13256'>13256<\/a><\/li>\n\n\n\n<li><a>...<\/a><\/li>\n\n\n\n<li><a href='?page_no=56169'>56169<\/a><\/li>\n\n\n\n<li><a href='?page_no=56170'>56170<\/a><\/li>\n\n    \n\t\n\n<li >\n\t<a href='?page_no=13255'>Next<\/a>\n\t<\/li>\n\n\n    \n\n<li><a href='?page_no=56170'>Last &rsaquo;&rsaquo;<\/a><\/li>\n\n<\/ul>\n\n\n--><br \/>\n<\/body><\/p>\n","protected":false},"excerpt":{"rendered":"<p>Santo Domingo, R. D., 11 de abril.- El Presidente Danilo Medina dejar\u00e1 iniciado este mi\u00e9rcoles los trabajos de construcci\u00f3n de la Planta de tratamiento de La Zurza que tendr\u00e1 una inversi\u00f3n inicial de 55 millones de Euros, como parte de las acciones que desarrolla el gobierno para sanear los r\u00edos Ozama e Isabela. El arquitecto [&hellip;]<\/p>\n","protected":false},"author":3,"featured_media":0,"comment_status":"open","ping_status":"open","sticky":false,"template":"","format":"standard","meta":{"footnotes":""},"categories":[20],"tags":[],"class_list":["post-218876","post","type-post","status-publish","format-standard","hentry","category-dominicana-hoy"],"_links":{"self":[{"href":"https:\/\/diariodominicano.com\/index.php?rest_route=\/wp\/v2\/posts\/218876","targetHints":{"allow":["GET"]}}],"collection":[{"href":"https:\/\/diariodominicano.com\/index.php?rest_route=\/wp\/v2\/posts"}],"about":[{"href":"https:\/\/diariodominicano.com\/index.php?rest_route=\/wp\/v2\/types\/post"}],"author":[{"embeddable":true,"href":"https:\/\/diariodominicano.com\/index.php?rest_route=\/wp\/v2\/users\/3"}],"replies":[{"embeddable":true,"href":"https:\/\/diariodominicano.com\/index.php?rest_route=%2Fwp%2Fv2%2Fcomments&post=218876"}],"version-history":[{"count":0,"href":"https:\/\/diariodominicano.com\/index.php?rest_route=\/wp\/v2\/posts\/218876\/revisions"}],"wp:attachment":[{"href":"https:\/\/diariodominicano.com\/index.php?rest_route=%2Fwp%2Fv2%2Fmedia&parent=218876"}],"wp:term":[{"taxonomy":"category","embeddable":true,"href":"https:\/\/diariodominicano.com\/index.php?rest_route=%2Fwp%2Fv2%2Fcategories&post=218876"},{"taxonomy":"post_tag","embeddable":true,"href":"https:\/\/diariodominicano.com\/index.php?rest_route=%2Fwp%2Fv2%2Ftags&post=218876"}],"curies":[{"name":"wp","href":"https:\/\/api.w.org\/{rel}","templated":true}]}}