{"id":218870,"date":"2016-04-12T14:14:24","date_gmt":"2016-04-12T14:14:24","guid":{"rendered":"http:\/\/diariodominicano.ddns.net\/?p=218870"},"modified":"2016-04-12T14:14:24","modified_gmt":"2016-04-12T14:14:24","slug":"proyecto-de-riego-aumentara-produccion-en-mas-de-350-mil-tareas","status":"publish","type":"post","link":"https:\/\/diariodominicano.com\/?p=218870","title":{"rendered":"Proyecto de riego aumentar\u00e1 producci\u00f3n en m\u00e1s de 350 mil tareas"},"content":{"rendered":"<p><body><\/p>\n<p><img decoding=\"async\" src=\"img3\/presidente1c.jpg\" \/><br \/><img decoding=\"async\" src=\"img3\/Presidente17.jpg\" \/><br \/><img decoding=\"async\" src=\"img3\/presidente3.jpg\" \/>  <\/p>\n<p><span class=\"text1noticias\">T\u00c1BARA ABAJO, Azua, 12 de abril.-A menos de una semana de visitar Sabana Yegua y beneficiar a 2,500 familias con la entrega de 2,559 t\u00edtulos definitivos, el presidente Danilo Medina inaugur\u00f3 la primera etapa del Proyecto de Desarrollo Agr\u00edcola II en Pueblo Viejo.<\/span><\/p>\n<p><span class=\"text1noticias\"> <\/span><\/p>\n<p><span class=\"text1noticias\">Elevar\u00e1 calidad de vida de gente de la zona<\/span><\/p>\n<p><span class=\"text1noticias\"> <\/span><\/p>\n<p><span class=\"text1noticias\">En esta comunidad azuana, Danilo Medina inaugur\u00f3 el importante proyecto del Instituto Nacional de Recursos Hidr\u00e1ulicos (INDRHI), que mejorar\u00e1 la calidad de vida de m\u00e1s de 170 mil habitantes de la zona, en funci\u00f3n del movimiento de la actividad agr\u00edcola y la garant\u00eda de riego a unas 380 mil tareas de cultivos agr\u00edcolas con caudales continuos y regulares.<\/span><\/p>\n<p><span class=\"text1noticias\"> <\/span><\/p>\n<p><span class=\"text1noticias\">Reparaci\u00f3n del canal principal Ysura<\/span><\/p>\n<p><span class=\"text1noticias\"> <\/span><\/p>\n<p><span class=\"text1noticias\">El proyecto contempla, adem\u00e1s, entre sus objetivos la reparaci\u00f3n localizada del canal principal Ysura, desde Villarpando hasta T\u00e1bara.<\/span><\/p>\n<p><span class=\"text1noticias\"> <\/span><\/p>\n<p><span class=\"text1noticias\">Mejorar\u00e1 calidad del agua de riego<\/span><\/p>\n<p><span class=\"text1noticias\"> <\/span><\/p>\n<p><span class=\"text1noticias\">Asimismo, la construcci\u00f3n de una laguna de sedimentaci\u00f3n con capacidad de 200,000 metros c\u00fabicos, para el control de s\u00f3lidos en suspensi\u00f3n, lo cual mejorar\u00e1 la calidad del agua de riego, evitar\u00e1 la abrasi\u00f3n en tuber\u00edas, obstrucci\u00f3n de las redes de riego presurizado.<\/span><\/p>\n<p><span class=\"text1noticias\"> <\/span><\/p>\n<p><span class=\"text1noticias\">15 lagunas de regulaci\u00f3n<\/span><\/p>\n<p><span class=\"text1noticias\"> <\/span><\/p>\n<p><span class=\"text1noticias\">De igual modo, 15 lagunas de regulaci\u00f3n, con capacidad de almacenamiento de 805 mil 100 metros c\u00fabicos y la reparaci\u00f3n de 58 kil\u00f3metros de canales en los laterales del sistema de riego de Ysura.<\/span><\/p>\n<p><span class=\"text1noticias\"> <\/span><\/p>\n<p><span class=\"text1noticias\">500 nuevas compuertas<\/span><\/p>\n<p><span class=\"text1noticias\"> <\/span><\/p>\n<p><span class=\"text1noticias\">El importante proyecto contempla la sustituci\u00f3n de estructuras de derivaci\u00f3n o compuertas, ya que la mayor\u00eda ha rebasado su vida \u00fatil de 30 a\u00f1os, por lo que se tiene pautado reemplazar alrededor de 500 compuertas.<\/span><\/p>\n<p><span class=\"text1noticias\"> <\/span><\/p>\n<p><span class=\"text1noticias\">Durante el acto, el director del INDRHI, Olgo Fern\u00e1ndez, manifest\u00f3 que la obra cuenta con una inversi\u00f3n de 687 millones 600 mil pesos y el mismo ha impulsado una mano de obra de 300 personas entre ingenieros y personal general.<\/span><\/p>\n<p><span class=\"text1noticias\"> <\/span><\/p>\n<p><span class=\"text1noticias\">Indic\u00f3 que esta primera etapa incluye el dique y el reservorio El Carrizal, que es la laguna con capacidad de almacenamiento de 124 mil metros c\u00fabicos de agua.<\/span><\/p>\n<p><span class=\"text1noticias\"> <\/span><\/p>\n<p><span class=\"text1noticias\">Compromiso asumido en Visita Sorpresa<\/span><\/p>\n<p><span class=\"text1noticias\"> <\/span><\/p>\n<p><span class=\"text1noticias\">Destac\u00f3 que la construcci\u00f3n del sistema de riego El Carrizal fue un compromiso del presidente Danilo Medina en una Visita Sorpresa que realiz\u00f3 a esta comunidad.<\/span><\/p>\n<p><span class=\"text1noticias\"> <\/span><\/p>\n<p><span class=\"text1noticias\">Signific\u00f3 que el Gobierno que encabeza el presidente Danilo Medina es el m\u00e1s interesado por la situaci\u00f3n de la infraestructura h\u00eddrica del pa\u00eds.<\/span><\/p>\n<p><span class=\"text1noticias\"> <\/span><\/p>\n<p><span class=\"text1noticias\">Incentivar\u00e1 la agroindustria<\/span><\/p>\n<p><span class=\"text1noticias\"> <\/span><\/p>\n<p><span class=\"text1noticias\">Otro gran beneficio es que promover\u00e1 la econom\u00eda de la regi\u00f3n es que se incentivar\u00e1  la actividad agroindustrial y de comercializaci\u00f3n de la producci\u00f3n de pl\u00e1tanos, guineos, tomates, melones y frutos menores.<\/span><\/p>\n<p><span class=\"text1noticias\"> <\/span><\/p>\n<p><span class=\"text1noticias\">Asimismo, entre los alcances de esta iniciativa sin precedentes hay que citar la rehabilitaci\u00f3n y ampliaci\u00f3n de los sistemas de riego y drenaje de Pueblo Viejo, contribuir\u00e1 a resolver el problema de la salinidad de los suelos.<\/span><\/p>\n<p><span class=\"text1noticias\"> <\/span><\/p>\n<p><span class=\"text1noticias\">Compromiso de la comunidad de preservar las obras<\/span><\/p>\n<p><span class=\"text1noticias\"> <\/span><\/p>\n<p><span class=\"text1noticias\">Mientras Luis Beltr\u00e9, de la junta de regantes de Azua, resalt\u00f3 que estas obras h\u00eddricas tienen una gran magnitud para la gente de esta provincia, al tiempo de comprometerse en su preservaci\u00f3n para el futuro de estas comunidades.<\/span><\/p>\n<p><span class=\"text1noticias\"> <\/span><\/p>\n<p><span class=\"text1noticias\">Productores abogan por que contin\u00faen Visitas Sorpresa<\/span><\/p>\n<p><span class=\"text1noticias\"> <\/span><\/p>\n<p><span class=\"text1noticias\">De su lado, Frank Tejada, presidente del Consejo de Desarrollo Agropecuario, enfatiz\u00f3 el agradecimiento de los productores al presidente Danilo Medina, de quien dijo se ha preocupado por la estabilidad del campo, haciendo hincapi\u00e9 en la trascendencia de las Visitas Sorpresa, las que dijo deben seguir por encima de sus cr\u00edticos.<\/span><\/p>\n<p><span class=\"text1noticias\"> <\/span><\/p>\n<p><span class=\"text1noticias\">Resaltan labor de Fundaci\u00f3n Reservas del Pa\u00eds<\/span><\/p>\n<p><span class=\"text1noticias\"> <\/span><\/p>\n<p><span class=\"text1noticias\">Destac\u00f3, de igual modo, la eficiencia en el trabajo hecho por la Fundaci\u00f3n Reservas del Pa\u00eds y la coordinaci\u00f3n de su directora ejecutiva, Rosa Rita \u00c1lvarez, en la asistencia y beneficio de micro y peque\u00f1os productores.<\/span><\/p>\n<p><span class=\"text1noticias\"> <\/span><\/p>\n<p><span class=\"text1noticias\">Estuvieron presentes los ministros administrativo de la Presidencia, Jos\u00e9 Ram\u00f3n Peralta; de Agricultura, \u00c1ngel Est\u00e9vez; el gobernador de Azua, Luis Vargas; el senador de la provincia, Rafael Calder\u00f3n; el director del Fondo Especial de Desarrollo Agropecuario (FEDA), Antonio L\u00f3pez y los alcaldes de Azua, Rafael Hidalgo, y de Pueblo Viejo, Estalin Ram\u00edrez,<\/span><\/p>\n<p><span class=\"text1noticias\"> <\/span><\/p>\n<p><span class=\"text1noticias\">Tambi\u00e9n la directora ejecutiva de la Fundaci\u00f3n Reservas del Pa\u00eds, Rosa Rita \u00c1lvarez; los administradores del Banco Agr\u00edcola, Carlos Segura Foster y de Bienes Nacionales, Emilio Rivas, as\u00ed como el asistente del presidente Danilo <\/span>Medina, Robert de la Cruz.<\/p>\n<h6> 2016-04-12 14:14:24 <\/h6>\n<p><!--\n<link rel=\"stylesheet\" href=\"css\/bootstrap.min.css\">\n\n\n<ul class=\"pagination\">\n\t    \n\t\n\n<li >\n\t<a href='?page_no=13248'>Previous<\/a>\n\t<\/li>\n\n\n       \n    \n\n<li><a href='?page_no=1'>1<\/a><\/li>\n\n\n\n<li><a href='?page_no=2'>2<\/a><\/li>\n\n\n\n<li><a>...<\/a><\/li>\n\n\n\n<li><a href='?page_no=13247'>13247<\/a><\/li>\n\n\n\n<li><a href='?page_no=13248'>13248<\/a><\/li>\n\n\n\n<li class='active'><a>13249<\/a><\/li>\n\n\n\n<li><a href='?page_no=13250'>13250<\/a><\/li>\n\n\n\n<li><a href='?page_no=13251'>13251<\/a><\/li>\n\n\n\n<li><a>...<\/a><\/li>\n\n\n\n<li><a href='?page_no=56169'>56169<\/a><\/li>\n\n\n\n<li><a href='?page_no=56170'>56170<\/a><\/li>\n\n    \n\t\n\n<li >\n\t<a href='?page_no=13250'>Next<\/a>\n\t<\/li>\n\n\n    \n\n<li><a href='?page_no=56170'>Last &rsaquo;&rsaquo;<\/a><\/li>\n\n<\/ul>\n\n\n--><br \/>\n<\/body><\/p>\n","protected":false},"excerpt":{"rendered":"<p>T\u00c1BARA ABAJO, Azua, 12 de abril.-A menos de una semana de visitar Sabana Yegua y beneficiar a 2,500 familias con la entrega de 2,559 t\u00edtulos definitivos, el presidente Danilo Medina inaugur\u00f3 la primera etapa del Proyecto de Desarrollo Agr\u00edcola II en Pueblo Viejo. Elevar\u00e1 calidad de vida de gente de la zona En esta comunidad [&hellip;]<\/p>\n","protected":false},"author":3,"featured_media":0,"comment_status":"open","ping_status":"open","sticky":false,"template":"","format":"standard","meta":{"footnotes":""},"categories":[20],"tags":[],"class_list":["post-218870","post","type-post","status-publish","format-standard","hentry","category-dominicana-hoy"],"_links":{"self":[{"href":"https:\/\/diariodominicano.com\/index.php?rest_route=\/wp\/v2\/posts\/218870","targetHints":{"allow":["GET"]}}],"collection":[{"href":"https:\/\/diariodominicano.com\/index.php?rest_route=\/wp\/v2\/posts"}],"about":[{"href":"https:\/\/diariodominicano.com\/index.php?rest_route=\/wp\/v2\/types\/post"}],"author":[{"embeddable":true,"href":"https:\/\/diariodominicano.com\/index.php?rest_route=\/wp\/v2\/users\/3"}],"replies":[{"embeddable":true,"href":"https:\/\/diariodominicano.com\/index.php?rest_route=%2Fwp%2Fv2%2Fcomments&post=218870"}],"version-history":[{"count":0,"href":"https:\/\/diariodominicano.com\/index.php?rest_route=\/wp\/v2\/posts\/218870\/revisions"}],"wp:attachment":[{"href":"https:\/\/diariodominicano.com\/index.php?rest_route=%2Fwp%2Fv2%2Fmedia&parent=218870"}],"wp:term":[{"taxonomy":"category","embeddable":true,"href":"https:\/\/diariodominicano.com\/index.php?rest_route=%2Fwp%2Fv2%2Fcategories&post=218870"},{"taxonomy":"post_tag","embeddable":true,"href":"https:\/\/diariodominicano.com\/index.php?rest_route=%2Fwp%2Fv2%2Ftags&post=218870"}],"curies":[{"name":"wp","href":"https:\/\/api.w.org\/{rel}","templated":true}]}}