{"id":218869,"date":"2016-04-12T16:07:52","date_gmt":"2016-04-12T16:07:52","guid":{"rendered":"http:\/\/diariodominicano.ddns.net\/?p=218869"},"modified":"2016-04-12T16:07:52","modified_gmt":"2016-04-12T16:07:52","slug":"presidenta-senado-destaca-avances-en-politicas-de-integracion-regional","status":"publish","type":"post","link":"https:\/\/diariodominicano.com\/?p=218869","title":{"rendered":"Presidenta Senado destaca avances en  pol\u00edticas de integraci\u00f3n regional"},"content":{"rendered":"<p><body><\/p>\n<p><img decoding=\"async\" src=\"img3\/DSC_0614.JPG\" \/><br \/><img decoding=\"async\" src=\"img3\/DSC_0549.JPG\" \/>  <\/p>\n<p>Santo Domingo, R. D., 12 de abril.- La presidenta del Senado, Cristina Lizardo M\u00e9zquita, dijo este martes que es importante desarrollar pol\u00edticas de integraci\u00f3n regional a fin de lograr el avance y la igualad en Am\u00e9rica Latina.<\/p>\n<\/p>\n<p>Cristina Lizardo destac\u00f3 que fue en los gobiernos del Partido de la Liberaci\u00f3n Dominicana (PLD) cuando se consolid\u00f3 el proceso de integraci\u00f3n  del pa\u00eds a nivel regional.<\/p>\n<\/p>\n<p>\u00abNosotros los dominicanos y dominicanas estamos frente a un proceso de integraci\u00f3n que comenz\u00f3 a solarizarse en los gobiernos del  PLD, tanto el doctor Leonel  Fern\u00e1ndez como el licenciado Danilo Medina  han elevado el tema de la pol\u00edtica exterior, otorgando una significativa importancia a la integraci\u00f3n??, expres\u00f3 la presidenta del Senado al pronunciar las palabras de clausura en  la puesta en circulaci\u00f3n del libro \u00abRa\u00edces Hist\u00f3ricas y Procesos Actuales de la Integraci\u00f3n en Am\u00e9rica Latina y el Caribe\u00bb.<\/p>\n<\/p>\n<p>Cristina Lizardo puso como ejemplo de esa integraci\u00f3n el hecho de que el mismo d\u00eda que asumi\u00f3 en sus funciones como Presidente de la Rep\u00fablica, Danilo Medina cre\u00f3 mediante decreto el Ministerio para Pol\u00edticas de Integraci\u00f3n Regional<\/p>\n<p>Mientras, el ministro para Pol\u00edticas de Integraci\u00f3n Regional, Miguel Mej\u00eda, al presentar el libro, autor\u00eda de ese ministerio, indic\u00f3 que la obra es fruto del esfuerzo de destacados intelectuales  tanto nacionales como extranjeros.<\/p>\n<\/p>\n<p>Agreg\u00f3 que la obra tiene como objetivo contribuir con el proceso educativo a nivel regional y sobre  la importancia de caminar unidos hacia la creaci\u00f3n de una regi\u00f3n m\u00e1s fuerte.<\/p>\n<\/p>\n<p>El senador por Espaillat, Jos\u00e9 Rafael Vargas, destac\u00f3 que  los retos a los que se enfrenta el mundo globalizado  de hoy ameritan de una pol\u00edtica integracionista.<\/p>\n<\/p>\n<p>\u00abNos enfrentamos a nuevos desaf\u00edos con polos contrapuestos donde se entrecruzan los mismos intereses del pasado\u00bb, indic\u00f3 Vargas<\/p>\n<p>Destac\u00f3 que en el libro se traza las pautas hacia donde hay que dirigirse.<\/p>\n<\/p>\n<p> \u00abCrear conciencia para que pensemos con cabeza propia, pensando en mejorar y cambiar la calidad de vida, ser aut\u00e9ntico y pensar con cabeza propia esa es la s\u00edntesis de la integraci\u00f3n\u00bb, dijo el legislador.<\/p>\n<\/p>\n<p>En la puesta en circulaci\u00f3n del libro, que se realiz\u00f3 en el Sal\u00f3n Polivalente del Senado, estuvieron presentes el presidente del Parlamento Centroam\u00e9rica (PARLACEN), el honorable diputado por el Estado de Nicaragua, doctor Juan Antonio Alvarado; el embajador de Nicaragua, Nelson Artola; el embajador de China (Taiwan), Valentino Tan; el embajador de Cuba, Carlos de Nuez; el senador Jos\u00e9 Rafael Vargas, Omar Ventura Gonz\u00e1lez, Eliades Acosta y el vicerrector de Extensi\u00f3n de la Universidad Aut\u00f3noma de Santo Domingo (UASD), entre otras personalidades.<\/p>\n<h6> 2016-04-12 16:07:52 <\/h6>\n<p><!--\n<link rel=\"stylesheet\" href=\"css\/bootstrap.min.css\">\n\n\n<ul class=\"pagination\">\n\t    \n\t\n\n<li >\n\t<a href='?page_no=13247'>Previous<\/a>\n\t<\/li>\n\n\n       \n    \n\n<li><a href='?page_no=1'>1<\/a><\/li>\n\n\n\n<li><a href='?page_no=2'>2<\/a><\/li>\n\n\n\n<li><a>...<\/a><\/li>\n\n\n\n<li><a href='?page_no=13246'>13246<\/a><\/li>\n\n\n\n<li><a href='?page_no=13247'>13247<\/a><\/li>\n\n\n\n<li class='active'><a>13248<\/a><\/li>\n\n\n\n<li><a href='?page_no=13249'>13249<\/a><\/li>\n\n\n\n<li><a href='?page_no=13250'>13250<\/a><\/li>\n\n\n\n<li><a>...<\/a><\/li>\n\n\n\n<li><a href='?page_no=56169'>56169<\/a><\/li>\n\n\n\n<li><a href='?page_no=56170'>56170<\/a><\/li>\n\n    \n\t\n\n<li >\n\t<a href='?page_no=13249'>Next<\/a>\n\t<\/li>\n\n\n    \n\n<li><a href='?page_no=56170'>Last &rsaquo;&rsaquo;<\/a><\/li>\n\n<\/ul>\n\n\n--><br \/>\n<\/body><\/p>\n","protected":false},"excerpt":{"rendered":"<p>Santo Domingo, R. D., 12 de abril.- La presidenta del Senado, Cristina Lizardo M\u00e9zquita, dijo este martes que es importante desarrollar pol\u00edticas de integraci\u00f3n regional a fin de lograr el avance y la igualad en Am\u00e9rica Latina. Cristina Lizardo destac\u00f3 que fue en los gobiernos del Partido de la Liberaci\u00f3n Dominicana (PLD) cuando se consolid\u00f3 [&hellip;]<\/p>\n","protected":false},"author":3,"featured_media":0,"comment_status":"open","ping_status":"open","sticky":false,"template":"","format":"standard","meta":{"footnotes":""},"categories":[20],"tags":[],"class_list":["post-218869","post","type-post","status-publish","format-standard","hentry","category-dominicana-hoy"],"_links":{"self":[{"href":"https:\/\/diariodominicano.com\/index.php?rest_route=\/wp\/v2\/posts\/218869","targetHints":{"allow":["GET"]}}],"collection":[{"href":"https:\/\/diariodominicano.com\/index.php?rest_route=\/wp\/v2\/posts"}],"about":[{"href":"https:\/\/diariodominicano.com\/index.php?rest_route=\/wp\/v2\/types\/post"}],"author":[{"embeddable":true,"href":"https:\/\/diariodominicano.com\/index.php?rest_route=\/wp\/v2\/users\/3"}],"replies":[{"embeddable":true,"href":"https:\/\/diariodominicano.com\/index.php?rest_route=%2Fwp%2Fv2%2Fcomments&post=218869"}],"version-history":[{"count":0,"href":"https:\/\/diariodominicano.com\/index.php?rest_route=\/wp\/v2\/posts\/218869\/revisions"}],"wp:attachment":[{"href":"https:\/\/diariodominicano.com\/index.php?rest_route=%2Fwp%2Fv2%2Fmedia&parent=218869"}],"wp:term":[{"taxonomy":"category","embeddable":true,"href":"https:\/\/diariodominicano.com\/index.php?rest_route=%2Fwp%2Fv2%2Fcategories&post=218869"},{"taxonomy":"post_tag","embeddable":true,"href":"https:\/\/diariodominicano.com\/index.php?rest_route=%2Fwp%2Fv2%2Ftags&post=218869"}],"curies":[{"name":"wp","href":"https:\/\/api.w.org\/{rel}","templated":true}]}}