{"id":218867,"date":"2016-04-12T16:41:53","date_gmt":"2016-04-12T16:41:53","guid":{"rendered":"http:\/\/diariodominicano.ddns.net\/?p=218867"},"modified":"2016-04-12T16:41:53","modified_gmt":"2016-04-12T16:41:53","slug":"vicepresidenta-inaugura-tres-centros-de-salud-en-san-juan","status":"publish","type":"post","link":"https:\/\/diariodominicano.com\/?p=218867","title":{"rendered":"Vicepresidenta inaugura tres centros de salud en San Juan"},"content":{"rendered":"<p><body><\/p>\n<p><img decoding=\"async\" src=\"img3\/Vice1.JPG\" \/><br \/><img decoding=\"async\" src=\"img3\/vice2.JPG\" \/>  <\/p>\n<p><span class=\"text1noticias\"> <\/span><\/p>\n<p><span class=\"text1noticias\">San Juan  de  la Maguana. R. D., 12 de abril.- La vicepresidenta de la Rep\u00fablica, doctora Margarita Cede\u00f1o, inaugur\u00f3 este martes tres Centros de Primer Nivel de Atenci\u00f3n de Salud (CPN) en esta provincia, con lo cual ya son 18 los entregados por el Gabinete de Coordinaci\u00f3n de Pol\u00edticas Sociales para mejorar la calidad en la atenci\u00f3n a la poblaci\u00f3n.<\/span><\/p>\n<p><span class=\"text1noticias\"> <\/span><\/p>\n<p><span class=\"text1noticias\">Los nuevos CPN, edificados con el apoyo del Banco Interamericano de Desarrollo (BID), est\u00e1n ubicados en municipio Vallejuelo, y los sectores de Villa Carmen y El Mogoll\u00f3n. En los dos primeros la doctora Margarita Cede\u00f1o encabez\u00f3 un acto formal y cort\u00f3 la cinta para dejar en operaci\u00f3n esos centros de salud.<\/span><\/p>\n<p><span class=\"text1noticias\"> <\/span><\/p>\n<p><span class=\"text1noticias\">En Mogoll\u00f3n el CPN beneficiar\u00e1 a tres mil 187 personas, cuatro mil 432 en Vallejuelo y tres mil 379 en Villa Carmen. Estos establecimientos aportan en la reducci\u00f3n de la brecha entre la oferta y demanda de servicios de salud y contribuyen con la descongesti\u00f3n de los grandes centros de salud provinciales y regionales.<\/span><\/p>\n<p><span class=\"text1noticias\"> <\/span><\/p>\n<p><span class=\"text1noticias\">La Vicepresidenta sostuvo que con la puesta en operaci\u00f3n de los centros eventualmente todos ver\u00e1n los frutos del gran cambio en el sector salud.<\/span><\/p>\n<p><span class=\"text1noticias\"> <\/span><\/p>\n<p><span class=\"text1noticias\">\u00abTambi\u00e9n estamos remodelando otros que ya exist\u00edan, estamos interviniendo mil 52 centros que ya estaban en operaci\u00f3n y que ahora est\u00e1n siendo remodelados y rehabilitados a los fines de ser certificados como proveedores de salud de Senasa (Segura Nacional de Salud)\u00bb, destac\u00f3.<\/span><\/p>\n<p><span class=\"text1noticias\"> <\/span><\/p>\n<p><span class=\"text1noticias\">Se\u00f1al\u00f3 que con los CPN se eficientiza la inversi\u00f3n de los recursos pero que, sobretodo, se brinda una atenci\u00f3n humana y cercana a las familias que habitan en cada una de las comunidades donde operan.<\/span><\/p>\n<p><span class=\"text1noticias\"> <\/span><\/p>\n<p><span class=\"text1noticias\">\u00abNuestra ocupaci\u00f3n y nuestro mayor inter\u00e9s es que la poblaci\u00f3n se mantenga saludable desde la prevenci\u00f3n, que no tengan que asistir y recurrir a los hospitales, que se encuentran justamente abarrotados, porque se encuentren ya enfermos; sino que aqu\u00ed en este centro de salud de atenci\u00f3n primaria se pueda diagnosticar alguna patolog\u00eda o enfermedad que pudiesen tener y que puedan tener tratamiento\u00bb, sostuvo en Vallejuelo.<\/span><\/p>\n<p><span class=\"text1noticias\"> <\/span><\/p>\n<p><span class=\"text1noticias\"> <\/span><\/p>\n<p><span class=\"text1noticias\">Inform\u00f3 que el Gabinete Social est\u00e1 inmerso en la edificaci\u00f3n de 42 CPN y en la readecuaci\u00f3n de otros 112 para aportar en la reducci\u00f3n de la brecha entre la oferta y demanda de servicios de salud.<\/span><\/p>\n<p><span class=\"text1noticias\"> <\/span><\/p>\n<p><span class=\"text1noticias\">En el nuevo CPN residentes de esa comunidad encontrar\u00e1n los servicios contenidos en el Plan B\u00e1sico de Salud dirigidos a la disminuci\u00f3n de la mortalidad materno-infantil, la colocaci\u00f3n de inmunizaciones seg\u00fan el esquema nacional de vacunaci\u00f3n, detecci\u00f3n oportuna de casos de c\u00e1ncer de mama, c\u00e9rvico-uterino y pr\u00f3stata, entre otros.<\/span><\/p>\n<p><span class=\"text1noticias\"> <\/span><\/p>\n<p><span class=\"text1noticias\">Con esos espacios la Vicepresidenta quiere colocar en manos de la ciudadan\u00eda centros en los que se cambie el enfoque asistencial por uno preventivo, y promover estilos de vida y h\u00e1bitos saludables.<\/span><\/p>\n<p><span class=\"text1noticias\"> <\/span><\/p>\n<p><span class=\"text1noticias\">Indic\u00f3 que los dem\u00e1s CPN que ha construido el Gabinete Social est\u00e1n ubicados en comunidades en los que no exist\u00eda oferta de servicios sanitarios de El Seibo, Hato Mayor, San Francisco de Macor\u00eds, Ban\u00ed, Monte Plata, Santo Domingo Este y Yamas\u00e1.<\/span><\/p>\n<p><span class=\"text1noticias\"> <\/span><\/p>\n<p><span class=\"text1noticias\">Todos estos centros est\u00e1n habilitados seg\u00fan la normativa de la Direcci\u00f3n Nacional de Habilitaci\u00f3n del Ministerio de Salud P\u00fablica, dotados de todos los equipos requeridos y de un programa inform\u00e1tico para que los datos de los pacientes, as\u00ed como el registro de sus vacunas, est\u00e9n disponibles en cualquier CPN que acudan.<\/span><\/p>\n<p><span class=\"text1noticias\"> <\/span><\/p>\n<p><span class=\"text1noticias\">En estos centros, donde se cambia el enfoque asistencial por el preventivo, operan unidades de atenci\u00f3n en salud que acompa\u00f1an a la poblaci\u00f3n en la vigilancia y detecci\u00f3n de enfermedades o patolog\u00edas en la poblaci\u00f3n infantil, materno-infantil, adulta, entre otras.<\/span><\/p>\n<p><span class=\"text1noticias\"> <\/span><\/p>\n<p><span class=\"text1noticias\">Mientras que la directora t\u00e9cnica del Gabinete Social, Rosa Mar\u00eda Su\u00e1rez, sostuvo que la revoluci\u00f3n en el sector salud hace efectivos derechos a la poblaci\u00f3n cuando se le afilia al Sistema de Seguridad Social, cuando recibe servicios de calidad, adecuados y pr\u00f3ximo a donde vive.<\/span><\/p>\n<p><span class=\"text1noticias\"> <\/span><\/p>\n<p><span class=\"text1noticias\">\u00abEn el \u00e1mbito de la salud podemos celebrar que se ha alcanzado una ampliaci\u00f3n de la cobertura del Sistema de Seguridad Social, y hoy ya se puede exhibir en nuestra sociedad el que tengamos m\u00e1s de un 90 por ciento de la poblaci\u00f3n pobre cubierta en el r\u00e9gimen subsidiado de la salud en el Senasa\u00bb, expres\u00f3.<\/span><\/p>\n<p><span class=\"text1noticias\"> <\/span><\/p>\n<p><span class=\"text1noticias\"> <\/span><\/p>\n<p><span class=\"text1noticias\">Los dem\u00e1s CPN que ha construido el Gabinete Social est\u00e1n ubicados en comunidades en los que no exist\u00eda oferta de servicios sanitarios de El Seibo, Hato Mayor, San Francisco de Macor\u00eds, Ban\u00ed, Monte Plata, Santo Domingo Este y Yamas\u00e1.<\/span><\/p>\n<p><span class=\"text1noticias\"> <\/span><\/p>\n<p><span class=\"text1noticias\">En estos centros, donde se cambia el enfoque asistencial por el preventivo, operan unidades de atenci\u00f3n en salud que acompa\u00f1an a la poblaci\u00f3n en la vigilancia y detecci\u00f3n de enfermedades o patolog\u00edas en la poblaci\u00f3n infantil, materno-infantil, adulta, entre otras.<\/span><\/p>\n<\/p>\n<h6> 2016-04-12 16:41:53 <\/h6>\n<p><!--\n<link rel=\"stylesheet\" href=\"css\/bootstrap.min.css\">\n\n\n<ul class=\"pagination\">\n\t    \n\t\n\n<li >\n\t<a href='?page_no=13245'>Previous<\/a>\n\t<\/li>\n\n\n       \n    \n\n<li><a href='?page_no=1'>1<\/a><\/li>\n\n\n\n<li><a href='?page_no=2'>2<\/a><\/li>\n\n\n\n<li><a>...<\/a><\/li>\n\n\n\n<li><a href='?page_no=13244'>13244<\/a><\/li>\n\n\n\n<li><a href='?page_no=13245'>13245<\/a><\/li>\n\n\n\n<li class='active'><a>13246<\/a><\/li>\n\n\n\n<li><a href='?page_no=13247'>13247<\/a><\/li>\n\n\n\n<li><a href='?page_no=13248'>13248<\/a><\/li>\n\n\n\n<li><a>...<\/a><\/li>\n\n\n\n<li><a href='?page_no=56169'>56169<\/a><\/li>\n\n\n\n<li><a href='?page_no=56170'>56170<\/a><\/li>\n\n    \n\t\n\n<li >\n\t<a href='?page_no=13247'>Next<\/a>\n\t<\/li>\n\n\n    \n\n<li><a href='?page_no=56170'>Last &rsaquo;&rsaquo;<\/a><\/li>\n\n<\/ul>\n\n\n--><br \/>\n<\/body><\/p>\n","protected":false},"excerpt":{"rendered":"<p>San Juan de la Maguana. R. D., 12 de abril.- La vicepresidenta de la Rep\u00fablica, doctora Margarita Cede\u00f1o, inaugur\u00f3 este martes tres Centros de Primer Nivel de Atenci\u00f3n de Salud (CPN) en esta provincia, con lo cual ya son 18 los entregados por el Gabinete de Coordinaci\u00f3n de Pol\u00edticas Sociales para mejorar la calidad en [&hellip;]<\/p>\n","protected":false},"author":3,"featured_media":0,"comment_status":"open","ping_status":"open","sticky":false,"template":"","format":"standard","meta":{"footnotes":""},"categories":[20],"tags":[],"class_list":["post-218867","post","type-post","status-publish","format-standard","hentry","category-dominicana-hoy"],"_links":{"self":[{"href":"https:\/\/diariodominicano.com\/index.php?rest_route=\/wp\/v2\/posts\/218867","targetHints":{"allow":["GET"]}}],"collection":[{"href":"https:\/\/diariodominicano.com\/index.php?rest_route=\/wp\/v2\/posts"}],"about":[{"href":"https:\/\/diariodominicano.com\/index.php?rest_route=\/wp\/v2\/types\/post"}],"author":[{"embeddable":true,"href":"https:\/\/diariodominicano.com\/index.php?rest_route=\/wp\/v2\/users\/3"}],"replies":[{"embeddable":true,"href":"https:\/\/diariodominicano.com\/index.php?rest_route=%2Fwp%2Fv2%2Fcomments&post=218867"}],"version-history":[{"count":0,"href":"https:\/\/diariodominicano.com\/index.php?rest_route=\/wp\/v2\/posts\/218867\/revisions"}],"wp:attachment":[{"href":"https:\/\/diariodominicano.com\/index.php?rest_route=%2Fwp%2Fv2%2Fmedia&parent=218867"}],"wp:term":[{"taxonomy":"category","embeddable":true,"href":"https:\/\/diariodominicano.com\/index.php?rest_route=%2Fwp%2Fv2%2Fcategories&post=218867"},{"taxonomy":"post_tag","embeddable":true,"href":"https:\/\/diariodominicano.com\/index.php?rest_route=%2Fwp%2Fv2%2Ftags&post=218867"}],"curies":[{"name":"wp","href":"https:\/\/api.w.org\/{rel}","templated":true}]}}