{"id":218865,"date":"2016-04-12T17:59:55","date_gmt":"2016-04-12T17:59:55","guid":{"rendered":"http:\/\/diariodominicano.ddns.net\/?p=218865"},"modified":"2016-04-12T17:59:55","modified_gmt":"2016-04-12T17:59:55","slug":"direccion-municipal-de-salud-realizara-jornada-vacunacion-poliomielitis","status":"publish","type":"post","link":"https:\/\/diariodominicano.com\/?p=218865","title":{"rendered":"Direcci\u00f3n Municipal de Salud realizar\u00e1 jornada vacunaci\u00f3n Poliomielitis"},"content":{"rendered":"<p><body><\/p>\n<p><span class=\"text1noticias\">                                        <\/span><\/p>\n<p><span class=\"text1noticias\">Santo Domingo. RD., 12 de abril.-La Direcci\u00f3n Municipal \u00c1rea I de Salud, invita a todos los medios de comunicaci\u00f3n de la zona e interesados a asistir este jueves 14 al lanzamiento de la Jornada Nacional de vacuna contra la Poliomielitis. <\/span><\/p>\n<\/p>\n<p><span class=\"text1noticias\">Dicho lanzamiento se realizar\u00e1 en el sub-centro de salud Los Corales- Ca\u00f1a, ubicado en la  calle restauraci\u00f3n #9 en el sector Almirante La Ca\u00f1a.<\/span><\/p>\n<\/p>\n<p><span class=\"text1noticias\">Entendemos que sus medios de comunicaci\u00f3n son de mucha importancia para informar a todos los mun\u00edcipes y solicitar su colaboraci\u00f3n. <\/span><\/p>\n<\/p>\n<p><span class=\"text1noticias\">La poblaci\u00f3n objeto de vacuna son los ni\u00f1os y ni\u00f1as en edad de 3 meses hasta 3 a\u00f1os, a trav\u00e9s de una vacuna oral<\/span>. <\/p>\n<\/p>\n<h6> 2016-04-12 17:59:55 <\/h6>\n<p><!--\n<link rel=\"stylesheet\" href=\"css\/bootstrap.min.css\">\n\n\n<ul class=\"pagination\">\n\t    \n\t\n\n<li >\n\t<a href='?page_no=13243'>Previous<\/a>\n\t<\/li>\n\n\n       \n    \n\n<li><a href='?page_no=1'>1<\/a><\/li>\n\n\n\n<li><a href='?page_no=2'>2<\/a><\/li>\n\n\n\n<li><a>...<\/a><\/li>\n\n\n\n<li><a href='?page_no=13242'>13242<\/a><\/li>\n\n\n\n<li><a href='?page_no=13243'>13243<\/a><\/li>\n\n\n\n<li class='active'><a>13244<\/a><\/li>\n\n\n\n<li><a href='?page_no=13245'>13245<\/a><\/li>\n\n\n\n<li><a href='?page_no=13246'>13246<\/a><\/li>\n\n\n\n<li><a>...<\/a><\/li>\n\n\n\n<li><a href='?page_no=56169'>56169<\/a><\/li>\n\n\n\n<li><a href='?page_no=56170'>56170<\/a><\/li>\n\n    \n\t\n\n<li >\n\t<a href='?page_no=13245'>Next<\/a>\n\t<\/li>\n\n\n    \n\n<li><a href='?page_no=56170'>Last &rsaquo;&rsaquo;<\/a><\/li>\n\n<\/ul>\n\n\n--><br \/>\n<\/body><\/p>\n","protected":false},"excerpt":{"rendered":"<p>Santo Domingo. RD., 12 de abril.-La Direcci\u00f3n Municipal \u00c1rea I de Salud, invita a todos los medios de comunicaci\u00f3n de la zona e interesados a asistir este jueves 14 al lanzamiento de la Jornada Nacional de vacuna contra la Poliomielitis. Dicho lanzamiento se realizar\u00e1 en el sub-centro de salud Los Corales- Ca\u00f1a, ubicado en la [&hellip;]<\/p>\n","protected":false},"author":3,"featured_media":0,"comment_status":"open","ping_status":"open","sticky":false,"template":"","format":"standard","meta":{"footnotes":""},"categories":[20],"tags":[],"class_list":["post-218865","post","type-post","status-publish","format-standard","hentry","category-dominicana-hoy"],"_links":{"self":[{"href":"https:\/\/diariodominicano.com\/index.php?rest_route=\/wp\/v2\/posts\/218865","targetHints":{"allow":["GET"]}}],"collection":[{"href":"https:\/\/diariodominicano.com\/index.php?rest_route=\/wp\/v2\/posts"}],"about":[{"href":"https:\/\/diariodominicano.com\/index.php?rest_route=\/wp\/v2\/types\/post"}],"author":[{"embeddable":true,"href":"https:\/\/diariodominicano.com\/index.php?rest_route=\/wp\/v2\/users\/3"}],"replies":[{"embeddable":true,"href":"https:\/\/diariodominicano.com\/index.php?rest_route=%2Fwp%2Fv2%2Fcomments&post=218865"}],"version-history":[{"count":0,"href":"https:\/\/diariodominicano.com\/index.php?rest_route=\/wp\/v2\/posts\/218865\/revisions"}],"wp:attachment":[{"href":"https:\/\/diariodominicano.com\/index.php?rest_route=%2Fwp%2Fv2%2Fmedia&parent=218865"}],"wp:term":[{"taxonomy":"category","embeddable":true,"href":"https:\/\/diariodominicano.com\/index.php?rest_route=%2Fwp%2Fv2%2Fcategories&post=218865"},{"taxonomy":"post_tag","embeddable":true,"href":"https:\/\/diariodominicano.com\/index.php?rest_route=%2Fwp%2Fv2%2Ftags&post=218865"}],"curies":[{"name":"wp","href":"https:\/\/api.w.org\/{rel}","templated":true}]}}