{"id":218864,"date":"2016-04-12T18:28:50","date_gmt":"2016-04-12T18:28:50","guid":{"rendered":"http:\/\/diariodominicano.ddns.net\/?p=218864"},"modified":"2016-04-12T18:28:50","modified_gmt":"2016-04-12T18:28:50","slug":"idac-impacta-a-mas-de-tres-mil-personas-en-operativos-medicos-en-comunidades-de-samana-y-la-caleta","status":"publish","type":"post","link":"https:\/\/diariodominicano.com\/?p=218864","title":{"rendered":"IDAC impacta a m\u00e1s de tres mil personas en operativos m\u00e9dicos en comunidades de Saman\u00e1 y La Caleta"},"content":{"rendered":"<p><body><\/p>\n<p><img decoding=\"async\" src=\"img3\/NI-34-16.JPG\" \/>  <\/p>\n<p><span class=\"text1noticias\">Santo Domingo. RD., 12 de abril.- El Instituto Dominicano de Aviaci\u00f3n Civil (IDAC), a trav\u00e9s de la direcci\u00f3n de Planificaci\u00f3n y Desarrollo (DPD), llev\u00f3 a cabo varios operativos m\u00e9dicos oftalmol\u00f3gicos, entrega de materiales de prevenci\u00f3n del virus del Zika y la Chikungunya, charlas de emprendurismo, sobre violencia de g\u00e9nero y lactancia materna, en los que fueron impactadas m\u00e1s de 3 mil personas de las comunidades de La Pascuala y Las Galeras, de la provincia  Saman\u00e1, y  del sector Campo Lindo, en el municipio La Caleta.<\/span><\/p>\n<p><span class=\"text1noticias\"> <\/span><\/p>\n<p><span class=\"text1noticias\">La acci\u00f3n de prevenci\u00f3n en salud y de asistencia a las comunidades se ubica en el programa de responsabilidad social que lleva a cabo el IDAC cumpliendo  con los objetivos y metas trazados este a\u00f1o, de rendir un servicio a las comunidades donde impacta.<\/span><\/p>\n<p><span class=\"text1noticias\"> <\/span><\/p>\n<p><span class=\"text1noticias\">\u00abIDAC, una instituci\u00f3n moderna, socialmente comprometida\u00bb, es el lema que sirve de gu\u00eda a un amplio programa de asistencia a las comunidades.<\/span><\/p>\n<p><span class=\"text1noticias\"> <\/span><\/p>\n<p><span class=\"text1noticias\">En operativos desarrollados en fines de semana anteriores se ofrecieron consultas m\u00e9dicas y entregas de medicamentos, as\u00ed como chequeos oftalmol\u00f3gicos y entrega de espejuelos  a las personas que as\u00ed lo requer\u00edan.<\/span><\/p>\n<p><span class=\"text1noticias\"> <\/span><\/p>\n<p><span class=\"text1noticias\">Tanto los medicamentos como los lentes,   mosquiteros, cloro y repelentes fueron donados en conjunto por instituciones como el Ministerio de Salud P\u00fablica, las fundaciones Children International y Project Hope, y adquiridos por la administraci\u00f3n del IDAC.<\/span><\/p>\n<p><span class=\"text1noticias\"> <\/span><\/p>\n<p><span class=\"text1noticias\">El director general del IDAC, doctor Alejandro Herrera, manifest\u00f3 que se mantendr\u00e1 la frecuencia de estos operativos en las comunidades que son impactadas por las actividades de la instituci\u00f3n, y que seguir\u00e1n cumpliendo  con lo que dicta el lema adoptado para este a\u00f1o: \u00abIDAC, una instituci\u00f3n moderna, socialmente comprometida\u00bb.<\/span><\/p>\n<p><span class=\"text1noticias\"> <\/span><\/p>\n<p><span class=\"text1noticias\">\u00abPara nosotros y nuestro personal t\u00e9cnico y administrativo sigue siendo un compromiso cumplir con las necesidades que tienen las comunidades y sus gentes, y lo hacemos con un sentido de vocaci\u00f3n de servicio que nos  satisface cuando vemos la labor cumplida y a los necesitados cuando se les brinda la ayuda requerida\u00bb, manifest\u00f3 Herrera.<\/span><\/p>\n<p><span class=\"text1noticias\"> <\/span><\/p>\n<p><span class=\"text1noticias\">Las  jornadas de responsabilidad social  fueron ejecutadas  por el personal del Voluntariado del IDAC, conformado por  varias direcciones de la instituci\u00f3n; la Academia Superior de Ciencias Aeron\u00e1uticas (ASCA), a las que tambi\u00e9n se unieron las alcald\u00edas de las comunidades, las juntas de vecinos, los Comedores Econ\u00f3micos, el Cuerpo Especializado de Seguridad Aeroportuaria y de la Aviaci\u00f3n Civil (CESAC) y la Polic\u00eda Municipal.<\/span><\/p>\n<p><span class=\"text1noticias\"> <\/span><\/p>\n<p><span class=\"text1noticias\">Estas actividades fueron organizadas por la Direcci\u00f3n de Planificaci\u00f3n y Desarrollo, que encabeza Enna de Arredondo y el coordinador de proyectos, Luis Abreu. Los operativos m\u00e9dicos fueron supervisados y dirigidos por el doctor Emmanuel Ram\u00edrez, de los consultorios m\u00e9dicos del IDAC.<\/span><\/p>\n<p><span class=\"text1noticias\"> <\/span><\/p>\n<p><span class=\"text1noticias\">Estas jornadas de asistencia social han sido denominadas \u00abUn d\u00eda con la comunidad\u00bb y el pr\u00f3ximo operativo tendr\u00e1 lugar en las comunidades El Hig\u00fcero y La Isabela, pr\u00f3ximos al aeropuerto internacional Joaqu\u00edn Balaguer, en el municipio Santo Domingo Norte<\/span>.<\/p>\n<\/p>\n<h6> 2016-04-12 18:28:50 <\/h6>\n<p><!--\n<link rel=\"stylesheet\" href=\"css\/bootstrap.min.css\">\n\n\n<ul class=\"pagination\">\n\t    \n\t\n\n<li >\n\t<a href='?page_no=13242'>Previous<\/a>\n\t<\/li>\n\n\n       \n    \n\n<li><a href='?page_no=1'>1<\/a><\/li>\n\n\n\n<li><a href='?page_no=2'>2<\/a><\/li>\n\n\n\n<li><a>...<\/a><\/li>\n\n\n\n<li><a href='?page_no=13241'>13241<\/a><\/li>\n\n\n\n<li><a href='?page_no=13242'>13242<\/a><\/li>\n\n\n\n<li class='active'><a>13243<\/a><\/li>\n\n\n\n<li><a href='?page_no=13244'>13244<\/a><\/li>\n\n\n\n<li><a href='?page_no=13245'>13245<\/a><\/li>\n\n\n\n<li><a>...<\/a><\/li>\n\n\n\n<li><a href='?page_no=56169'>56169<\/a><\/li>\n\n\n\n<li><a href='?page_no=56170'>56170<\/a><\/li>\n\n    \n\t\n\n<li >\n\t<a href='?page_no=13244'>Next<\/a>\n\t<\/li>\n\n\n    \n\n<li><a href='?page_no=56170'>Last &rsaquo;&rsaquo;<\/a><\/li>\n\n<\/ul>\n\n\n--><br \/>\n<\/body><\/p>\n","protected":false},"excerpt":{"rendered":"<p>Santo Domingo. RD., 12 de abril.- El Instituto Dominicano de Aviaci\u00f3n Civil (IDAC), a trav\u00e9s de la direcci\u00f3n de Planificaci\u00f3n y Desarrollo (DPD), llev\u00f3 a cabo varios operativos m\u00e9dicos oftalmol\u00f3gicos, entrega de materiales de prevenci\u00f3n del virus del Zika y la Chikungunya, charlas de emprendurismo, sobre violencia de g\u00e9nero y lactancia materna, en los que [&hellip;]<\/p>\n","protected":false},"author":3,"featured_media":0,"comment_status":"open","ping_status":"open","sticky":false,"template":"","format":"standard","meta":{"footnotes":""},"categories":[20],"tags":[],"class_list":["post-218864","post","type-post","status-publish","format-standard","hentry","category-dominicana-hoy"],"_links":{"self":[{"href":"https:\/\/diariodominicano.com\/index.php?rest_route=\/wp\/v2\/posts\/218864","targetHints":{"allow":["GET"]}}],"collection":[{"href":"https:\/\/diariodominicano.com\/index.php?rest_route=\/wp\/v2\/posts"}],"about":[{"href":"https:\/\/diariodominicano.com\/index.php?rest_route=\/wp\/v2\/types\/post"}],"author":[{"embeddable":true,"href":"https:\/\/diariodominicano.com\/index.php?rest_route=\/wp\/v2\/users\/3"}],"replies":[{"embeddable":true,"href":"https:\/\/diariodominicano.com\/index.php?rest_route=%2Fwp%2Fv2%2Fcomments&post=218864"}],"version-history":[{"count":0,"href":"https:\/\/diariodominicano.com\/index.php?rest_route=\/wp\/v2\/posts\/218864\/revisions"}],"wp:attachment":[{"href":"https:\/\/diariodominicano.com\/index.php?rest_route=%2Fwp%2Fv2%2Fmedia&parent=218864"}],"wp:term":[{"taxonomy":"category","embeddable":true,"href":"https:\/\/diariodominicano.com\/index.php?rest_route=%2Fwp%2Fv2%2Fcategories&post=218864"},{"taxonomy":"post_tag","embeddable":true,"href":"https:\/\/diariodominicano.com\/index.php?rest_route=%2Fwp%2Fv2%2Ftags&post=218864"}],"curies":[{"name":"wp","href":"https:\/\/api.w.org\/{rel}","templated":true}]}}