{"id":218863,"date":"2016-04-13T09:17:41","date_gmt":"2016-04-13T09:17:41","guid":{"rendered":"http:\/\/diariodominicano.ddns.net\/?p=218863"},"modified":"2016-04-13T09:17:41","modified_gmt":"2016-04-13T09:17:41","slug":"antonio-alvarado-destaca-aportes-de-medina-al-proceso-de-integracion","status":"publish","type":"post","link":"https:\/\/diariodominicano.com\/?p=218863","title":{"rendered":"Antonio Alvarado destaca aportes de Medina al proceso de integraci\u00f3n"},"content":{"rendered":"<p><body><\/p>\n<p><img decoding=\"async\" src=\"http:\/\/10.0.0.82:8080\/img3\/miguel%C3%83%C2%B3n0_c.jpg\" \/>  <\/p>\n<p><span class=\"text1noticias\">Santo Domingo, R. D., 13 de abril.- El presidente del Parlamento Centroamericano (PARLACEN), Antonio Alvarado resalt\u00f3 el notable apoyo que el presidente Danilo Medina ha dado al proceso de integraci\u00f3n centroamericano.<\/span><\/p>\n<p><span class=\"text1noticias\"> <\/span><\/p>\n<p><span class=\"text1noticias\">Agreg\u00f3 que el jefe de Estado dominicano tambi\u00e9n contribuye al fortalecimiento de los lazos de cooperaci\u00f3n entre ese organismo y el Gobierno dominicano.<\/span><\/p>\n<p><span class=\"text1noticias\"> <\/span><\/p>\n<p><span class=\"text1noticias\">\u00abQueremos agradecer la oportunidad para mencionar la extraordinaria contribuci\u00f3n del presidente Danilo Medina al proceso de integraci\u00f3n centroamericano. Realmente es notable\u00bb, precis\u00f3.<\/span><\/p>\n<p><span class=\"text1noticias\"> <\/span><\/p>\n<p><span class=\"text1noticias\">Alvarado, quien habl\u00f3 durante un encuentro con el ministro para Pol\u00edticas de Integraci\u00f3n Regional, Miguel Mej\u00eda, el coordinador t\u00e9cnico de la Comisi\u00f3n de Integraci\u00f3n, Eliades Acosta y Carlos Rodr\u00edguez Almaguer en el que recibi\u00f3 un ejemplar del libro que recoge las memorias del seminario Internacional \u00abRa\u00edces Hist\u00f3ricas y Procesos Actuales de la Integraci\u00f3n en Am\u00e9rica Latina y el Caribe\u00bb, en el que participaron 60 parlamentarios.<\/span><\/p>\n<p><span class=\"text1noticias\"> <\/span><\/p>\n<p><span class=\"text1noticias\">Integraci\u00f3n y participaci\u00f3n<\/span><\/p>\n<p><span class=\"text1noticias\"> <\/span><\/p>\n<p><span class=\"text1noticias\">\u00abPorque ese proceso institucional que se va forjando en todos los pa\u00edses va demostrando c\u00f3mo con una visi\u00f3n nacional profunda, comprendemos que asumir los retos de nuestra regi\u00f3n no es tarea de uno, sino tarea de todos y que la integraci\u00f3n se logra con m\u00e1s integraci\u00f3n y con mayor participaci\u00f3n\u00bb, dijo.<\/span><\/p>\n<p><span class=\"text1noticias\"> <\/span><\/p>\n<p><span class=\"text1noticias\">El presidente del PARLACEN indic\u00f3 que el libro es una obra propia para capacitar a futuras generaciones de diputados parlamentarios, \u00abpero adem\u00e1s de eso, contribuir\u00e1 con los diputados y senadores de los congresos para que puedan comprender y entender los retos de la integraci\u00f3n\u00bb.<\/span><\/p>\n<p><span class=\"text1noticias\"> <\/span><\/p>\n<p><span class=\"text1noticias\">Puesta en circulaci\u00f3n de libro<\/span><\/p>\n<p><span class=\"text1noticias\"> <\/span><\/p>\n<p><span class=\"text1noticias\">De su lado, el ministro para Pol\u00edticas de Integraci\u00f3n Regional, anunci\u00f3 que el 28 de abril, esa entidad tendr\u00e1 cortes\u00eda de sala en la sede del PARLACEN, en Guatemala, donde habr\u00e1 una amplia participaci\u00f3n de parlamentarios centroamericanos y dominicanos.<\/span><\/p>\n<p><span class=\"text1noticias\"> <\/span><\/p>\n<p><span class=\"text1noticias\">Agreg\u00f3 que all\u00ed se pondr\u00e1 en circulaci\u00f3n el referido libro, como parte del programa que se desarrolla a trav\u00e9s del Sistema del Programa \u00abEducar para Integrar\u00bb.<\/span><\/p>\n<p><span class=\"text1noticias\"> <\/span><\/p>\n<p><span class=\"text1noticias\">Precis\u00f3 que junto al presidente del PARLACEN se redobla el plan de trabajo que se llevar\u00e1 a cabo en esa entidad en el transcurso de este a\u00f1o.<\/span><\/p>\n<p><span class=\"text1noticias\"> <\/span><\/p>\n<p><span class=\"text1noticias\">Adem\u00e1s de Mej\u00eda, quien encabezar\u00e1 la comisi\u00f3n que ser\u00e1 recibida en el organismo internacional, la componen, Eliades Acosta y el embajador Juan Guiliani Cu<\/span>ry\u00bb.<\/p>\n<h6> 2016-04-13 09:17:41 <\/h6>\n<p><!--\n<link rel=\"stylesheet\" href=\"css\/bootstrap.min.css\">\n\n\n<ul class=\"pagination\">\n\t    \n\t\n\n<li >\n\t<a href='?page_no=13241'>Previous<\/a>\n\t<\/li>\n\n\n       \n    \n\n<li><a href='?page_no=1'>1<\/a><\/li>\n\n\n\n<li><a href='?page_no=2'>2<\/a><\/li>\n\n\n\n<li><a>...<\/a><\/li>\n\n\n\n<li><a href='?page_no=13240'>13240<\/a><\/li>\n\n\n\n<li><a href='?page_no=13241'>13241<\/a><\/li>\n\n\n\n<li class='active'><a>13242<\/a><\/li>\n\n\n\n<li><a href='?page_no=13243'>13243<\/a><\/li>\n\n\n\n<li><a href='?page_no=13244'>13244<\/a><\/li>\n\n\n\n<li><a>...<\/a><\/li>\n\n\n\n<li><a href='?page_no=56169'>56169<\/a><\/li>\n\n\n\n<li><a href='?page_no=56170'>56170<\/a><\/li>\n\n    \n\t\n\n<li >\n\t<a href='?page_no=13243'>Next<\/a>\n\t<\/li>\n\n\n    \n\n<li><a href='?page_no=56170'>Last &rsaquo;&rsaquo;<\/a><\/li>\n\n<\/ul>\n\n\n--><br \/>\n<\/body><\/p>\n","protected":false},"excerpt":{"rendered":"<p>Santo Domingo, R. D., 13 de abril.- El presidente del Parlamento Centroamericano (PARLACEN), Antonio Alvarado resalt\u00f3 el notable apoyo que el presidente Danilo Medina ha dado al proceso de integraci\u00f3n centroamericano. Agreg\u00f3 que el jefe de Estado dominicano tambi\u00e9n contribuye al fortalecimiento de los lazos de cooperaci\u00f3n entre ese organismo y el Gobierno dominicano. \u00abQueremos [&hellip;]<\/p>\n","protected":false},"author":3,"featured_media":0,"comment_status":"open","ping_status":"open","sticky":false,"template":"","format":"standard","meta":{"footnotes":""},"categories":[20],"tags":[],"class_list":["post-218863","post","type-post","status-publish","format-standard","hentry","category-dominicana-hoy"],"_links":{"self":[{"href":"https:\/\/diariodominicano.com\/index.php?rest_route=\/wp\/v2\/posts\/218863","targetHints":{"allow":["GET"]}}],"collection":[{"href":"https:\/\/diariodominicano.com\/index.php?rest_route=\/wp\/v2\/posts"}],"about":[{"href":"https:\/\/diariodominicano.com\/index.php?rest_route=\/wp\/v2\/types\/post"}],"author":[{"embeddable":true,"href":"https:\/\/diariodominicano.com\/index.php?rest_route=\/wp\/v2\/users\/3"}],"replies":[{"embeddable":true,"href":"https:\/\/diariodominicano.com\/index.php?rest_route=%2Fwp%2Fv2%2Fcomments&post=218863"}],"version-history":[{"count":0,"href":"https:\/\/diariodominicano.com\/index.php?rest_route=\/wp\/v2\/posts\/218863\/revisions"}],"wp:attachment":[{"href":"https:\/\/diariodominicano.com\/index.php?rest_route=%2Fwp%2Fv2%2Fmedia&parent=218863"}],"wp:term":[{"taxonomy":"category","embeddable":true,"href":"https:\/\/diariodominicano.com\/index.php?rest_route=%2Fwp%2Fv2%2Fcategories&post=218863"},{"taxonomy":"post_tag","embeddable":true,"href":"https:\/\/diariodominicano.com\/index.php?rest_route=%2Fwp%2Fv2%2Ftags&post=218863"}],"curies":[{"name":"wp","href":"https:\/\/api.w.org\/{rel}","templated":true}]}}