{"id":218862,"date":"2016-04-13T15:40:27","date_gmt":"2016-04-13T15:40:27","guid":{"rendered":"http:\/\/diariodominicano.ddns.net\/?p=218862"},"modified":"2016-04-13T15:40:27","modified_gmt":"2016-04-13T15:40:27","slug":"inician-trabajos-depuradora-aguas-residuales-barrios","status":"publish","type":"post","link":"https:\/\/diariodominicano.com\/?p=218862","title":{"rendered":"Inician trabajos depuradora aguas residuales barrios"},"content":{"rendered":"<p><body><\/p>\n<p><img decoding=\"async\" src=\"img3\/Presidente2.jpg\" \/><br \/><img decoding=\"async\" src=\"img3\/presidencia3.jpg\" \/>  <\/p>\n<p>Santo Domingo Norte, R. D., 13 de abril.- El presidente Danilo Medina realiz\u00f3 otro gran aporte al medio ambiente y los recursos naturales, al  dar el primer palazo de los trabajos de la Estaci\u00f3n Depuradora de Aguas Residuales del r\u00edo Ozama, Mirador Norte-La Zurza.<\/p>\n<\/p>\n<p>Proyecto sin precedentes beneficia m\u00e1s de 450 mil habitantes<\/p>\n<\/p>\n<p>Este proyecto sin precedentes en la historia dominicana beneficiar\u00e1 a m\u00e1s de 450 mil residentes de los sectores ubicados en la zona norte del Distrito Nacional y sectores del municipio Santo Domingo Norte, seg\u00fan las precisiones del director general de la Corporaci\u00f3n del Acueducto y Alcantarillado de Santo Domingo (CAASD), Alejandro Mont\u00e1s.<\/p>\n<\/p>\n<p>La obra ser\u00e1 construida por Incaterna Consulting y supervisada por la CAASD, contar\u00e1 con una inversi\u00f3n de 55 millones 743 mil euros, a trav\u00e9s de un financiamiento del Deutsche Bank.<\/p>\n<\/p>\n<p>La Estaci\u00f3n Depuradora de Aguas Residuales del R\u00edo Ozama forma parte del Plan Maestro del Alcantarillado Sanitario del Gran Santo Domingo y constituye un paso de avance en el sector saneamiento para lograr los objetivos de erradicar la contaminaci\u00f3n de los r\u00edos Ozama e Isabela, seg\u00fan precis\u00f3 Alejandro Mont\u00e1s en el acto encabezado por el presidente Danilo Medina.<\/p>\n<\/p>\n<p>La visi\u00f3n del Gobierno<\/p>\n<\/p>\n<p>\u00abLa construcci\u00f3n de la Estaci\u00f3n Depuradora de Aguas Residuales se corresponde con la visi\u00f3n del Gobierno de Danilo Medina, orientada a favorecer a la poblaci\u00f3n m\u00e1s vulnerable del Gran Santo Domingo\u00bb, signific\u00f3.<\/p>\n<\/p>\n<p>Barrios pobres, el centro de atenci\u00f3n de esta iniciativa<\/p>\n<\/p>\n<p>Dijo que los sectores que ser\u00e1n beneficiados son La Zurza, Cristo Rey, Villas Agr\u00edcolas, Villa Consuelo, Villa Juana, Ensanche Luper\u00f3n, Viejo Arroyo Hondo I y II, Isabel Villas, Capotillo, Cuesta Hermosa I y II, Sim\u00f3n Bol\u00edvar, Sabana Perdida, Villa Mella y Los Guaricanos, entre otros.<\/p>\n<\/p>\n<p>La m\u00e1s importante obra de saneamiento<\/p>\n<\/p>\n<p>Se trata de la m\u00e1s importante obra de saneamiento jam\u00e1s construida en Rep\u00fablica Dominicana, dando cumplimiento fiel al decreto 260-14 mediante el cual se declara de alta prioridad nacional, la rehabilitaci\u00f3n, saneamiento, preservaci\u00f3n y uso sostenible de la cuenca alta, media y baja de los r\u00edos Ozama e Isabela y que crea la Comisi\u00f3n Presidencial, que preside el ministro de la Presidencia, Gustavo Montalvo.<\/p>\n<\/p>\n<p>Ca\u00f1adas intervenidas<\/p>\n<\/p>\n<p>\u00abSe\u00f1or Presidente, agradecemos los decretos 260-14 y 87-15 en los que usted pone de manifiesto su preocupaci\u00f3n por recuperar los r\u00edos Ozama e Isabela y dando cumplimiento a los mismos en sus Visitas Sorpresa, atendiendo a sus instrucciones, al d\u00eda de hoy se han intervenido 8 ca\u00f1adas a trav\u00e9s de la CAASD\u00bb, refiri\u00f3 Mont\u00e1s.<\/p>\n<\/p>\n<p>Estas ca\u00f1adas son Benavides, El Arrozal, Villa Elo\u00edsa, San Luis, Los Tres Brazos, Enriquillo, El Indio y Buenos Aires.<\/p>\n<\/p>\n<p>Cristina Lizardo: rosario interminable de realizaciones de gesti\u00f3n de Danilo Medina<\/p>\n<\/p>\n<p>Mientras, la presidenta del Senado, Cristina Lizardo manifest\u00f3 que se trataba del inicio de los trabajos de una important\u00edsima obra que sentar\u00e1 un precedente en la historia de la provincia Santo Domingo y el Distrito Nacional.<\/p>\n<\/p>\n<p>\u00abLa ejecuci\u00f3n de este proyecto es un aporte m\u00e1s, dentro del rosario interminable de realizaciones de nuestro Presidente. Esta planta, se\u00f1or Presidente y los trabajos que iniciamos hoy, tienen un valor extraordinario para el mejoramiento de la vida de los moradores del Distrito Nacional y la provincia Santo Domingo\u00bb, dijo.<\/p>\n<\/p>\n<p>El proyecto est\u00e1 ubicado en la intersecci\u00f3n de las avenidas Jacobo Majluta y Mirador Norte del municipio Santo Domingo Norte.<\/p>\n<\/p>\n<p>Acorde a compromiso del Gobierno con protecci\u00f3n del medioambiente<\/p>\n<\/p>\n<p>Esta obra responde a las pol\u00edticas de protecci\u00f3n al medioambiente del gobierno del presidente Danilo Medina.<\/p>\n<\/p>\n<p>Asimismo, ha promovido iniciativas de gesti\u00f3n sostenible del h\u00e1bitat, como el Plan Maestro de Saneamiento Ambiental y Desarrollo Local Integral de la Cuenca de los R\u00edos Ozama e Isabela, en el marco del programa \u00abQuisqueya Para Todos\u00bb.<\/p>\n<\/p>\n<p>Plantas de tratamiento en La Nueva Barquita<\/p>\n<\/p>\n<p>En ese tenor, en La Nueva Barquita se construyen tres plantas p\u00fablicas para el tratamiento de aguas residuales totalmente ecol\u00f3gicas, sanas y autosostenibles.<\/p>\n<\/p>\n<p>Las plantas de tratamiento funcionar\u00e1n como humedales, mediante lagunas artificiales con plantas en flotaci\u00f3n que absorber\u00e1n los desechos de las aguas residuales, para lograr que las mismas lleguen limpias al r\u00edo y no lo contaminen.<\/p>\n<\/p>\n<p>Producci\u00f3n de energ\u00eda limpia<\/p>\n<\/p>\n<p>De igual modo, forma parte de las pol\u00edticas del Gobierno dominicano para proteger nuestra \u00abcasa grande\u00bb, el planeta Tierra, la producci\u00f3n de energ\u00eda limpia como mecanismo de ahorro y eficiencia energ\u00e9tica que reduzcan las emisiones y la huella de carb\u00f3n del pa\u00eds para cumplir con los compromisos asumidos con la firma del Protocolo de Kyoto.<\/p>\n<\/p>\n<p>En esta gesti\u00f3n de Gobierno se han adoptado iniciativas con el objetivo de ampliar el uso de las energ\u00edas renovables, como un pilar para encarar el calentamiento global y los problemas que se derivan del cambio clim\u00e1tico.<\/p>\n<\/p>\n<p>Rep\u00fablica Dominicana entre pa\u00edses con menos emisiones de gases<\/p>\n<\/p>\n<p>Rep\u00fablica Dominicana est\u00e1 entre los pa\u00edses con menos emisiones de gases que contribuyen al cambio clim\u00e1tico y que ha reducido las emisiones de di\u00f3xido de carbono (CO2) de 3,6 toneladas per c\u00e1pita a 2,9 toneladas.<\/p>\n<\/p>\n<p>Respaldo a proyectos de energ\u00eda renovable<\/p>\n<\/p>\n<p>El pa\u00eds se ha trazado como meta reducir la intensidad de las emisiones de gases de efecto invernadero en un 25%, lo que incluye contar con 32% de la matriz de generaci\u00f3n el\u00e9ctrica, proveniente de fuentes renovables.<\/p>\n<\/p>\n<p>Por tal motivo, y en consonancia con el compromiso asumido por el jefe de Estado dominicano en la Vig\u00e9simo Primera Conferencia Internacional sobre Cambio Clim\u00e1tico (COP 21), realizada en Par\u00eds, Francia, se ha brindado gran respaldo a los proyectos de energ\u00edas renovables.<\/p>\n<\/p>\n<p>La Rep\u00fablica Dominicana es un destino de inversi\u00f3n sin igual gracias a la Ley 57-07 sobre los Incentivos a la Generaci\u00f3n de Energ\u00edas Renovables; muestras de ello lo representan los parques e\u00f3licos Larimar y Los Cocos, as\u00ed como de energ\u00eda fotovoltaica, Monte Plata Solar.<\/p>\n<\/p>\n<p>Miembro fundador Alianza Internacional de Generaci\u00f3n de Energ\u00eda Solar<\/p>\n<\/p>\n<p>Uno de los logros m\u00e1s consistentes y que sit\u00faan a Rep\u00fablica Dominicana, una vez m\u00e1s, en la l\u00ednea de los principales preocupados por la situaci\u00f3n medioambiental del mundo, lo constituy\u00f3 la inserci\u00f3n del pa\u00eds, como miembro fundador de la Alianza Internacional de Generaci\u00f3n de Energ\u00eda Solar, iniciativa de la India que busca asegurar la producci\u00f3n de energ\u00eda verde, limpia y sostenible.<\/p>\n<\/p>\n<p>La Hora del Planeta<\/p>\n<p>En ese contexto, cabe destacar que en los \u00faltimos tres a\u00f1os la Presidencia de la Rep\u00fablica se ha unido a la jornada mundial \u00abLa Hora del Planeta\u00bb, en la que se apagaron durante 60 minutos las luces del Palacio Nacional.<\/p>\n<\/p>\n<p>Con este simb\u00f3lico acto, se busca crear la conciencia y el compromiso en los ciudadanos y ciudadanas de tomar acciones efectivas para enfrentar el cambio clim\u00e1tico.<\/p>\n<\/p>\n<p>Presidencia de la Rep\u00fablica cuenta con Comit\u00e9 Desarrollo Sostenible<\/p>\n<\/p>\n<p>En los \u00faltimos a\u00f1os, se ha fortalecido la estructura de compromiso social de la Presidencia, la cual cuenta con un Comit\u00e9 de Desarrollo Sostenible conformado por diversas direcciones, tales como la de Recursos Humanos y la Financiera. Igualmente, se aplica la cultura 3R, reducir, reciclar y reusar.<\/p>\n<\/p>\n<p>En el acto de inicio de los trabajos de la Estaci\u00f3n Depuradora de Aguas Residuales, estuvieron presentes los ministros administrativo de la Presidencia, Jos\u00e9 Ram\u00f3n Peralta; de Medio Ambiente, Bautista Rojas G\u00f3mez.<\/p>\n<\/p>\n<p>Tambi\u00e9n el ejecutivo de Incaterna Consulting, Javier Pardo de Santayana;  el embajador de Espa\u00f1a en el pa\u00eds, Jaime Lacadena; el alcalde de Santo Domingo Norte, Francisco Fern\u00e1ndez; el presidente de la Liga Municipal Dominicana, Johnny Jones, as\u00ed como los asistentes del presidente Danilo Medina, Carlos Pared y Robert de la Cruz.<\/p>\n<h6> 2016-04-13 15:40:27 <\/h6>\n<p><!--\n<link rel=\"stylesheet\" href=\"css\/bootstrap.min.css\">\n\n\n<ul class=\"pagination\">\n\t    \n\t\n\n<li >\n\t<a href='?page_no=13240'>Previous<\/a>\n\t<\/li>\n\n\n       \n    \n\n<li><a href='?page_no=1'>1<\/a><\/li>\n\n\n\n<li><a href='?page_no=2'>2<\/a><\/li>\n\n\n\n<li><a>...<\/a><\/li>\n\n\n\n<li><a href='?page_no=13239'>13239<\/a><\/li>\n\n\n\n<li><a href='?page_no=13240'>13240<\/a><\/li>\n\n\n\n<li class='active'><a>13241<\/a><\/li>\n\n\n\n<li><a href='?page_no=13242'>13242<\/a><\/li>\n\n\n\n<li><a href='?page_no=13243'>13243<\/a><\/li>\n\n\n\n<li><a>...<\/a><\/li>\n\n\n\n<li><a href='?page_no=56169'>56169<\/a><\/li>\n\n\n\n<li><a href='?page_no=56170'>56170<\/a><\/li>\n\n    \n\t\n\n<li >\n\t<a href='?page_no=13242'>Next<\/a>\n\t<\/li>\n\n\n    \n\n<li><a href='?page_no=56170'>Last &rsaquo;&rsaquo;<\/a><\/li>\n\n<\/ul>\n\n\n--><br \/>\n<\/body><\/p>\n","protected":false},"excerpt":{"rendered":"<p>Santo Domingo Norte, R. D., 13 de abril.- El presidente Danilo Medina realiz\u00f3 otro gran aporte al medio ambiente y los recursos naturales, al dar el primer palazo de los trabajos de la Estaci\u00f3n Depuradora de Aguas Residuales del r\u00edo Ozama, Mirador Norte-La Zurza. Proyecto sin precedentes beneficia m\u00e1s de 450 mil habitantes Este proyecto [&hellip;]<\/p>\n","protected":false},"author":3,"featured_media":0,"comment_status":"open","ping_status":"open","sticky":false,"template":"","format":"standard","meta":{"footnotes":""},"categories":[20],"tags":[],"class_list":["post-218862","post","type-post","status-publish","format-standard","hentry","category-dominicana-hoy"],"_links":{"self":[{"href":"https:\/\/diariodominicano.com\/index.php?rest_route=\/wp\/v2\/posts\/218862","targetHints":{"allow":["GET"]}}],"collection":[{"href":"https:\/\/diariodominicano.com\/index.php?rest_route=\/wp\/v2\/posts"}],"about":[{"href":"https:\/\/diariodominicano.com\/index.php?rest_route=\/wp\/v2\/types\/post"}],"author":[{"embeddable":true,"href":"https:\/\/diariodominicano.com\/index.php?rest_route=\/wp\/v2\/users\/3"}],"replies":[{"embeddable":true,"href":"https:\/\/diariodominicano.com\/index.php?rest_route=%2Fwp%2Fv2%2Fcomments&post=218862"}],"version-history":[{"count":0,"href":"https:\/\/diariodominicano.com\/index.php?rest_route=\/wp\/v2\/posts\/218862\/revisions"}],"wp:attachment":[{"href":"https:\/\/diariodominicano.com\/index.php?rest_route=%2Fwp%2Fv2%2Fmedia&parent=218862"}],"wp:term":[{"taxonomy":"category","embeddable":true,"href":"https:\/\/diariodominicano.com\/index.php?rest_route=%2Fwp%2Fv2%2Fcategories&post=218862"},{"taxonomy":"post_tag","embeddable":true,"href":"https:\/\/diariodominicano.com\/index.php?rest_route=%2Fwp%2Fv2%2Ftags&post=218862"}],"curies":[{"name":"wp","href":"https:\/\/api.w.org\/{rel}","templated":true}]}}