{"id":218861,"date":"2016-04-13T16:31:56","date_gmt":"2016-04-13T16:31:56","guid":{"rendered":"http:\/\/diariodominicano.ddns.net\/?p=218861"},"modified":"2016-04-13T16:31:56","modified_gmt":"2016-04-13T16:31:56","slug":"presidenta-del-senado-expresa-preocupacion-por-recursos-hidricos","status":"publish","type":"post","link":"https:\/\/diariodominicano.com\/?p=218861","title":{"rendered":"Presidenta del Senado expresa preocupaci\u00f3n por recursos h\u00eddricos"},"content":{"rendered":"<p><body><\/p>\n<p><img decoding=\"async\" src=\"img3\/DSC_0822.JPG\" \/>  <\/p>\n<p><span class=\"text1noticias\">Santo Domingo, R. D., 13 de abril.- La presidenta del Senado, Cristina Lizardo M\u00e9zquita, expres\u00f3 este mi\u00e9rcoles preocupaci\u00f3n por los recursos h\u00eddricos y reiter\u00f3 su compromiso con la preservaci\u00f3n del medioambiente  y los recursos naturales.<\/span><\/p>\n<p><span class=\"text1noticias\"> <\/span><\/p>\n<p><span class=\"text1noticias\">Al pronunciar un discurso en el acto, donde el presidente Danilo Medina dej\u00f3 iniciado los trabajos de construcci\u00f3n de la estaci\u00f3n depuradora de aguas residuales del R\u00edo Ozama, la presidenta de la C\u00e1mara Alta a\u00f1adi\u00f3 que la situaci\u00f3n mundial de los recursos h\u00eddricos es altamente preocupante.<\/span><\/p>\n<p><span class=\"text1noticias\"> <\/span><\/p>\n<p><span class=\"text1noticias\">Tambi\u00e9n, indic\u00f3 que el agua se ha convertido en un recurso natural escaso, tras agradecer al presidente, Danilo Medina, el inicio de la obra.<\/span><\/p>\n<p><span class=\"text1noticias\"> <\/span><\/p>\n<p><span class=\"text1noticias\">Consider\u00f3 que el inicio de la construcci\u00f3n de la planta de tratamiento de agua es muy oportuna e importante para la salud ambiental y el rescate de los r\u00edos Ozama e Isabela.<\/span><\/p>\n<p><span class=\"text1noticias\">Lizardo M\u00e9zquita dijo que dicha planta de tratamiento contribuir\u00e1 a incrementar los niveles de salubridad de miles de familias residentes en el Gran Santo Domingo.<\/span><\/p>\n<p><span class=\"text1noticias\"> <\/span><\/p>\n<p><span class=\"text1noticias\">La obra, donde se invertir\u00e1n 55 millones 743 mil euros a trav\u00e9s de un financiamiento del Deutsche Bank, ser\u00e1 ejecutada por Incatema Consulting con la supervisi\u00f3n de la Corporaci\u00f3n del Acueducto y Alcantarillado de Santo Domingo (CAASD). Beneficiar\u00e1 a m\u00e1s de 450,000 habitantes residentes en la zona norte del Distrito Nacional y en el municipio Santo Domingo Norte.<\/span><\/p>\n<p><span class=\"text1noticias\"> <\/span><\/p>\n<p><span class=\"text1noticias\">Entre los sectores que ser\u00e1n beneficiados con la planta de tratamiento est\u00e1n La Zurza, Cristo Rey, Villas Agr\u00edcolas,  Villa Consuelo, Villa Juana, Ensanche Luper\u00f3n, Viejo Arroyo Hondo I y II; Nueva Isabel, Capotillo, Cuesta Hermosa I y II; Sim\u00f3n Bol\u00edvar, Sabana Perdida, Villa Mella y Los Guaricanos, entre otros.<\/span><\/p>\n<h6> 2016-04-13 16:31:56 <\/h6>\n<p><!--\n<link rel=\"stylesheet\" href=\"css\/bootstrap.min.css\">\n\n\n<ul class=\"pagination\">\n\t    \n\t\n\n<li >\n\t<a href='?page_no=13239'>Previous<\/a>\n\t<\/li>\n\n\n       \n    \n\n<li><a href='?page_no=1'>1<\/a><\/li>\n\n\n\n<li><a href='?page_no=2'>2<\/a><\/li>\n\n\n\n<li><a>...<\/a><\/li>\n\n\n\n<li><a href='?page_no=13238'>13238<\/a><\/li>\n\n\n\n<li><a href='?page_no=13239'>13239<\/a><\/li>\n\n\n\n<li class='active'><a>13240<\/a><\/li>\n\n\n\n<li><a href='?page_no=13241'>13241<\/a><\/li>\n\n\n\n<li><a href='?page_no=13242'>13242<\/a><\/li>\n\n\n\n<li><a>...<\/a><\/li>\n\n\n\n<li><a href='?page_no=56169'>56169<\/a><\/li>\n\n\n\n<li><a href='?page_no=56170'>56170<\/a><\/li>\n\n    \n\t\n\n<li >\n\t<a href='?page_no=13241'>Next<\/a>\n\t<\/li>\n\n\n    \n\n<li><a href='?page_no=56170'>Last &rsaquo;&rsaquo;<\/a><\/li>\n\n<\/ul>\n\n\n--><br \/>\n<\/body><\/p>\n","protected":false},"excerpt":{"rendered":"<p>Santo Domingo, R. D., 13 de abril.- La presidenta del Senado, Cristina Lizardo M\u00e9zquita, expres\u00f3 este mi\u00e9rcoles preocupaci\u00f3n por los recursos h\u00eddricos y reiter\u00f3 su compromiso con la preservaci\u00f3n del medioambiente y los recursos naturales. Al pronunciar un discurso en el acto, donde el presidente Danilo Medina dej\u00f3 iniciado los trabajos de construcci\u00f3n de la [&hellip;]<\/p>\n","protected":false},"author":3,"featured_media":0,"comment_status":"open","ping_status":"open","sticky":false,"template":"","format":"standard","meta":{"footnotes":""},"categories":[20],"tags":[],"class_list":["post-218861","post","type-post","status-publish","format-standard","hentry","category-dominicana-hoy"],"_links":{"self":[{"href":"https:\/\/diariodominicano.com\/index.php?rest_route=\/wp\/v2\/posts\/218861","targetHints":{"allow":["GET"]}}],"collection":[{"href":"https:\/\/diariodominicano.com\/index.php?rest_route=\/wp\/v2\/posts"}],"about":[{"href":"https:\/\/diariodominicano.com\/index.php?rest_route=\/wp\/v2\/types\/post"}],"author":[{"embeddable":true,"href":"https:\/\/diariodominicano.com\/index.php?rest_route=\/wp\/v2\/users\/3"}],"replies":[{"embeddable":true,"href":"https:\/\/diariodominicano.com\/index.php?rest_route=%2Fwp%2Fv2%2Fcomments&post=218861"}],"version-history":[{"count":0,"href":"https:\/\/diariodominicano.com\/index.php?rest_route=\/wp\/v2\/posts\/218861\/revisions"}],"wp:attachment":[{"href":"https:\/\/diariodominicano.com\/index.php?rest_route=%2Fwp%2Fv2%2Fmedia&parent=218861"}],"wp:term":[{"taxonomy":"category","embeddable":true,"href":"https:\/\/diariodominicano.com\/index.php?rest_route=%2Fwp%2Fv2%2Fcategories&post=218861"},{"taxonomy":"post_tag","embeddable":true,"href":"https:\/\/diariodominicano.com\/index.php?rest_route=%2Fwp%2Fv2%2Ftags&post=218861"}],"curies":[{"name":"wp","href":"https:\/\/api.w.org\/{rel}","templated":true}]}}