{"id":218857,"date":"2016-04-13T17:48:53","date_gmt":"2016-04-13T17:48:53","guid":{"rendered":"http:\/\/diariodominicano.ddns.net\/?p=218857"},"modified":"2016-04-13T17:48:53","modified_gmt":"2016-04-13T17:48:53","slug":"capgefi-y-la-escuela-de-graduados-de-estudios-militares-firman-convenio-de-cooperacion","status":"publish","type":"post","link":"https:\/\/diariodominicano.com\/?p=218857","title":{"rendered":"CAPGEFI y la Escuela de Graduados de Estudios Militares firman convenio de cooperaci\u00f3n"},"content":{"rendered":"<p><body><\/p>\n<p><img decoding=\"async\" src=\"img3\/DSC_0057.JPG\" \/>  <\/p>\n<\/p>\n<p>Santo Domingo. RD., 13 de abril- El Centro de Capacitaci\u00f3n en Pol\u00edtica y Gesti\u00f3n Fiscal (CAPGEFI) y la Escuela de Graduados de Estudios Militares del Ej\u00e9rcito de la Rep\u00fablica Dominicana (EGEMERD), firmaron un acuerdo interinstitucional con el objetivo de desarrollar actividades conjuntas orientadas al fortalecimiento de ambos organismos.<\/p>\n<\/p>\n<p>El CAPGEFI se comprometi\u00f3 a capacitar a los docentes de la EGEMERD en temas relacionados con la materia hacendaria, as\u00ed como al personal administrativo de dicha instituci\u00f3n que maneje los procesos financieros. <\/p>\n<\/p>\n<p>De igual manera, el CAPGEFI se responsabiliz\u00f3 de facilitar los programas de capacitaci\u00f3n relativos a la materia que desarrolla y aquellas que se encuentren dentro de su \u00e1mbito de ejecuci\u00f3n, a los fines de que estos sean insertados en la malla curricular de maestr\u00eda y postgrado a ser desarrollados.<\/p>\n<\/p>\n<p>De su parte, la EGEMERD avalar\u00e1 acad\u00e9micamente las acciones de capacitaci\u00f3n impartidas por el CAPGEFI, previa verificaci\u00f3n de que las mismas cumplan con los requisitos establecidos y permitir\u00e1 que los facilitadores de ese Centro puedan impartir docencia en las materias hacendarias.<\/p>\n<\/p>\n<p>Los firmantes pactaron estudiar la factibilidad de actualizar los programas de las materias relacionadas a fin de lograr consonancia con el proceso de Administraci\u00f3n Financiera del Estado, con el prop\u00f3sito de que los profesionales egresados de la EGEMERD alcancen el conocimiento pleno del funcionamiento del Estado.<\/p>\n<\/p>\n<p>El convenio fue rubricado por Mayor General Jos\u00e9 Eugenio Matos de la Cruz (ERD), Comandante General del Ej\u00e9rcito de Rep\u00fablica Dominicana y por el Lic. Mariano Escoto Saba, Director General del Centro de Capacitaci\u00f3n en Pol\u00edtica y Gesti\u00f3n Fiscal.<\/p>\n<\/p>\n<p>Los firmantes estuvieron acompa\u00f1ados por los funcionarios del CAPGEFI Manuel Betancourt, encargado del departamento Acad\u00e9mico, Jennifer Cede\u00f1o, abogada y Maritza Ruiz, encargada de Comunicaciones; por la EGEMERD, particip\u00f3 su Director, el coronel Williams G. Jim\u00e9nez Polanco, el Director Acad\u00e9mico, Manuel Antonio Carrasco Guerrero y el Sub-Director, coronel Flores Garc\u00eda, entre otros.<\/p>\n<h6> 2016-04-13 17:48:53 <\/h6>\n<p><!--\n<link rel=\"stylesheet\" href=\"css\/bootstrap.min.css\">\n\n\n<ul class=\"pagination\">\n\t    \n\t\n\n<li >\n\t<a href='?page_no=13236'>Previous<\/a>\n\t<\/li>\n\n\n       \n    \n\n<li><a href='?page_no=1'>1<\/a><\/li>\n\n\n\n<li><a href='?page_no=2'>2<\/a><\/li>\n\n\n\n<li><a>...<\/a><\/li>\n\n\n\n<li><a href='?page_no=13235'>13235<\/a><\/li>\n\n\n\n<li><a href='?page_no=13236'>13236<\/a><\/li>\n\n\n\n<li class='active'><a>13237<\/a><\/li>\n\n\n\n<li><a href='?page_no=13238'>13238<\/a><\/li>\n\n\n\n<li><a href='?page_no=13239'>13239<\/a><\/li>\n\n\n\n<li><a>...<\/a><\/li>\n\n\n\n<li><a href='?page_no=56169'>56169<\/a><\/li>\n\n\n\n<li><a href='?page_no=56170'>56170<\/a><\/li>\n\n    \n\t\n\n<li >\n\t<a href='?page_no=13238'>Next<\/a>\n\t<\/li>\n\n\n    \n\n<li><a href='?page_no=56170'>Last &rsaquo;&rsaquo;<\/a><\/li>\n\n<\/ul>\n\n\n--><br \/>\n<\/body><\/p>\n","protected":false},"excerpt":{"rendered":"<p>Santo Domingo. RD., 13 de abril- El Centro de Capacitaci\u00f3n en Pol\u00edtica y Gesti\u00f3n Fiscal (CAPGEFI) y la Escuela de Graduados de Estudios Militares del Ej\u00e9rcito de la Rep\u00fablica Dominicana (EGEMERD), firmaron un acuerdo interinstitucional con el objetivo de desarrollar actividades conjuntas orientadas al fortalecimiento de ambos organismos. El CAPGEFI se comprometi\u00f3 a capacitar a [&hellip;]<\/p>\n","protected":false},"author":3,"featured_media":0,"comment_status":"open","ping_status":"open","sticky":false,"template":"","format":"standard","meta":{"footnotes":""},"categories":[20],"tags":[],"class_list":["post-218857","post","type-post","status-publish","format-standard","hentry","category-dominicana-hoy"],"_links":{"self":[{"href":"https:\/\/diariodominicano.com\/index.php?rest_route=\/wp\/v2\/posts\/218857","targetHints":{"allow":["GET"]}}],"collection":[{"href":"https:\/\/diariodominicano.com\/index.php?rest_route=\/wp\/v2\/posts"}],"about":[{"href":"https:\/\/diariodominicano.com\/index.php?rest_route=\/wp\/v2\/types\/post"}],"author":[{"embeddable":true,"href":"https:\/\/diariodominicano.com\/index.php?rest_route=\/wp\/v2\/users\/3"}],"replies":[{"embeddable":true,"href":"https:\/\/diariodominicano.com\/index.php?rest_route=%2Fwp%2Fv2%2Fcomments&post=218857"}],"version-history":[{"count":0,"href":"https:\/\/diariodominicano.com\/index.php?rest_route=\/wp\/v2\/posts\/218857\/revisions"}],"wp:attachment":[{"href":"https:\/\/diariodominicano.com\/index.php?rest_route=%2Fwp%2Fv2%2Fmedia&parent=218857"}],"wp:term":[{"taxonomy":"category","embeddable":true,"href":"https:\/\/diariodominicano.com\/index.php?rest_route=%2Fwp%2Fv2%2Fcategories&post=218857"},{"taxonomy":"post_tag","embeddable":true,"href":"https:\/\/diariodominicano.com\/index.php?rest_route=%2Fwp%2Fv2%2Ftags&post=218857"}],"curies":[{"name":"wp","href":"https:\/\/api.w.org\/{rel}","templated":true}]}}