{"id":218856,"date":"2016-04-13T18:02:12","date_gmt":"2016-04-13T18:02:12","guid":{"rendered":"http:\/\/diariodominicano.ddns.net\/?p=218856"},"modified":"2016-04-13T18:02:12","modified_gmt":"2016-04-13T18:02:12","slug":"presidente-haitiano-vendra-a-rd-para-participar-en-el-desayuno-de-la-amistad-dominico-haitiana","status":"publish","type":"post","link":"https:\/\/diariodominicano.com\/?p=218856","title":{"rendered":"Presidente haitiano vendr\u00e1 a RD para participar en el desayuno de la amistad dominico haitiana"},"content":{"rendered":"<p><body><\/p>\n<p><img decoding=\"async\" src=\"img3\/Presidente Haitiano.png\" \/>  <\/p>\n<\/p>\n<p>Santo Domingo. RD., 13 de abril.-El presidente haitiano Jocelerme Privert estar\u00e1 de visita a la Rep\u00fablica Dominicana, espec\u00edficamente a Santiago de los Caballeros, donde asistir\u00e1 al desayuno de la amistad dominico haitiano al cual tambi\u00e9n fue invitado su hom\u00f3logo dominicano Danilo Medina.<\/p>\n<\/p>\n<p>Esta actividad se llevar\u00e1 a cabo el domingo 17 de abril como parte de la Semana de la Di\u00e1spora organizada por un comit\u00e9 inter-institucional de la comunidad haitiana en el pa\u00eds bajo la coordinaci\u00f3n de la Fundaci\u00f3n Zile, una organizaci\u00f3n binacional de promoci\u00f3n de la solidaridad y la paz en la isla.<\/p>\n<\/p>\n<p>El presidente interino de Hait\u00ed ha mostrado un especial inter\u00e9s para asistir a este desayuno que se realizara por segunda ocasi\u00f3n entre ciudadanos haitianos y dominicanos con el fin de fortalecer las relaciones de amistad entre los dos pueblos hizo hincapi\u00e9 Johanne Dimanche, coordinadora del evento.<\/p>\n<\/p>\n<p>\u00abLa presencia de ambos mandatarios, especialmente en Santiago, por las tensiones vividas el pasado permitir\u00eda que desde el m\u00e1s alto nivel se env\u00ede se\u00f1ales de amistad, de tolerancia y de armon\u00eda hacia los dos pueblos\u00bb, dijo Dimanche, quien agrego que el desayuno de la amistad es una oportunidad anual \u00fanica en su tipo que necesita transformarse en una tradici\u00f3n anual.<\/p>\n<\/p>\n<p>La Semana de la Di\u00e1spora que comprende una veintena de  actividades iniciar\u00e1 en el campus de la Universidad Aut\u00f3noma de Santo Domingo en Barahona el 13 de Abril con la presencia de la Ministra de haitianos que viven en el extranjero, Jessy C. Petit-Fr\u00e8re,  y la representante de la Organizaci\u00f3n de los Estados Americanos (OEA), Araceli Azuara.<\/p>\n<\/p>\n<p>Varios grupos art\u00edsticos haitianos como Boukmans Experians y Zantray tambi\u00e9n estar\u00e1n presentes para dar a conocer mejor la cultura haitiana y al mismo tiempo proyectar una nueva imagen de Hait\u00ed. En el mismo orden, un exclusivo restaurante haitiano, \u00abMaison Kreyol\u00bb ubicado en la ciudad colonial ser\u00e1  inaugurado durante la semana.<\/p>\n<\/p>\n<p>En el marco de estas actividades, importantes personalidades de la pol\u00edtica y de la intelectualidad haitiana vendr\u00e1n al pa\u00eds, entre ellos el ex Primer Ministro Fritz Jean, quien har\u00e1 su primera aparici\u00f3n p\u00fablica despu\u00e9s de la corta experiencia de gobierno en su pa\u00eds.<\/p>\n<\/p>\n<p>El Ministro de la Cultura, Marc Aur\u00e8le Garc\u00eda, tambi\u00e9n estar\u00e1 presente especialmente para la entrega de los Premios Di\u00e1spora a personalidades dominicanas y haitianas que contribuyen a una mejor relaci\u00f3n entre ambas naciones.<\/p>\n<p>La Semana de la Di\u00e1spora en la Rep\u00fablica Dominicana cuenta con el patrocinio de Western Uni\u00f3n \/ Vimenca, la Fundaci\u00f3n UNIBANK y el gobierno haitiano a trav\u00e9s del Ministerio de Cultura y Comunicaci\u00f3n.<\/p>\n<\/p>\n<h6> 2016-04-13 18:02:12 <\/h6>\n<p><!--\n<link rel=\"stylesheet\" href=\"css\/bootstrap.min.css\">\n\n\n<ul class=\"pagination\">\n\t    \n\t\n\n<li >\n\t<a href='?page_no=13235'>Previous<\/a>\n\t<\/li>\n\n\n       \n    \n\n<li><a href='?page_no=1'>1<\/a><\/li>\n\n\n\n<li><a href='?page_no=2'>2<\/a><\/li>\n\n\n\n<li><a>...<\/a><\/li>\n\n\n\n<li><a href='?page_no=13234'>13234<\/a><\/li>\n\n\n\n<li><a href='?page_no=13235'>13235<\/a><\/li>\n\n\n\n<li class='active'><a>13236<\/a><\/li>\n\n\n\n<li><a href='?page_no=13237'>13237<\/a><\/li>\n\n\n\n<li><a href='?page_no=13238'>13238<\/a><\/li>\n\n\n\n<li><a>...<\/a><\/li>\n\n\n\n<li><a href='?page_no=56169'>56169<\/a><\/li>\n\n\n\n<li><a href='?page_no=56170'>56170<\/a><\/li>\n\n    \n\t\n\n<li >\n\t<a href='?page_no=13237'>Next<\/a>\n\t<\/li>\n\n\n    \n\n<li><a href='?page_no=56170'>Last &rsaquo;&rsaquo;<\/a><\/li>\n\n<\/ul>\n\n\n--><br \/>\n<\/body><\/p>\n","protected":false},"excerpt":{"rendered":"<p>Santo Domingo. RD., 13 de abril.-El presidente haitiano Jocelerme Privert estar\u00e1 de visita a la Rep\u00fablica Dominicana, espec\u00edficamente a Santiago de los Caballeros, donde asistir\u00e1 al desayuno de la amistad dominico haitiano al cual tambi\u00e9n fue invitado su hom\u00f3logo dominicano Danilo Medina. Esta actividad se llevar\u00e1 a cabo el domingo 17 de abril como parte [&hellip;]<\/p>\n","protected":false},"author":3,"featured_media":0,"comment_status":"open","ping_status":"open","sticky":false,"template":"","format":"standard","meta":{"footnotes":""},"categories":[20],"tags":[],"class_list":["post-218856","post","type-post","status-publish","format-standard","hentry","category-dominicana-hoy"],"_links":{"self":[{"href":"https:\/\/diariodominicano.com\/index.php?rest_route=\/wp\/v2\/posts\/218856","targetHints":{"allow":["GET"]}}],"collection":[{"href":"https:\/\/diariodominicano.com\/index.php?rest_route=\/wp\/v2\/posts"}],"about":[{"href":"https:\/\/diariodominicano.com\/index.php?rest_route=\/wp\/v2\/types\/post"}],"author":[{"embeddable":true,"href":"https:\/\/diariodominicano.com\/index.php?rest_route=\/wp\/v2\/users\/3"}],"replies":[{"embeddable":true,"href":"https:\/\/diariodominicano.com\/index.php?rest_route=%2Fwp%2Fv2%2Fcomments&post=218856"}],"version-history":[{"count":0,"href":"https:\/\/diariodominicano.com\/index.php?rest_route=\/wp\/v2\/posts\/218856\/revisions"}],"wp:attachment":[{"href":"https:\/\/diariodominicano.com\/index.php?rest_route=%2Fwp%2Fv2%2Fmedia&parent=218856"}],"wp:term":[{"taxonomy":"category","embeddable":true,"href":"https:\/\/diariodominicano.com\/index.php?rest_route=%2Fwp%2Fv2%2Fcategories&post=218856"},{"taxonomy":"post_tag","embeddable":true,"href":"https:\/\/diariodominicano.com\/index.php?rest_route=%2Fwp%2Fv2%2Ftags&post=218856"}],"curies":[{"name":"wp","href":"https:\/\/api.w.org\/{rel}","templated":true}]}}