{"id":218855,"date":"2016-04-14T00:27:03","date_gmt":"2016-04-14T00:27:03","guid":{"rendered":"http:\/\/diariodominicano.ddns.net\/?p=218855"},"modified":"2016-04-14T00:27:03","modified_gmt":"2016-04-14T00:27:03","slug":"coordinaran-acciones-conjuntas-para-mejorar-seguridad-vial-en-rd","status":"publish","type":"post","link":"https:\/\/diariodominicano.com\/?p=218855","title":{"rendered":"Coordinaran acciones conjuntas para mejorar seguridad vial en RD"},"content":{"rendered":"<p><body><\/p>\n<p><img decoding=\"async\" src=\"img3\/DSC_0019.JPG\" \/>  <\/p>\n<p>Santo Domingo, R. D., 14 de abril.- El Embajador de Estados Unidos en el pa\u00eds, James Brewster, visit\u00f3 al director de la Autoridad Metropolitana de Transporte (AMET), general Frener Bello Arias, con quien trat\u00f3 de diversos temas relacionados con la seguridad vial, implementaci\u00f3n conjunta de programas de capacitaci\u00f3n, mejoras en el tr\u00e1nsito y reducci\u00f3n de muertes en accidentes, entre otros.<\/p>\n<\/p>\n<p>El encuentro, celebrado en la sede de la AMET, permiti\u00f3 adem\u00e1s reafirmar los lazos de amistad entre el organismo encargado de regular el tr\u00e1nsito y la Embajada de Estados Unidos.<\/p>\n<\/p>\n<p>\u00abHemos tratado distintos temas y acordado aunar esfuerzos para seguir mejorando la seguridad vial en las autopistas del pa\u00eds\u00bb, dijo el general Bello Arias.<\/p>\n<\/p>\n<p>Durante la reuni\u00f3n, el general Bello Arias ofreci\u00f3 detalles al Embajador Brewster sobre las distintas medidas implementadas por la AMET para mejorar la circulaci\u00f3n vial en el pol\u00edgono central del Distrito Nacional y reducir las muertes por accidentes en las autopistas y carreteras.<\/p>\n<\/p>\n<p>Adelant\u00f3 que qued\u00f3 abierta la posibilidad para que agentes de la AMET viajen a distintas ciudades de Estados Unidos para recibir capacitaci\u00f3n en materia de tr\u00e1nsito y prevenci\u00f3n de accidentes.<\/p>\n<\/p>\n<p>\u00abFue una reuni\u00f3n bien fruct\u00edfera y armoniosa donde hemos abordado distintos temas de inter\u00e9s\u00bb, dijo.<\/p>\n<\/p>\n<p>De su lado,  Brewster precis\u00f3 que el  Gobierno de los Estados Unidos asistir\u00e1 a las autoridades dominicanas en todo cuanto sea necesario para que la seguridad vial siga en mejor\u00eda y se puedan alcanzar mejoras puntuales en la reducci\u00f3n de accidentes y muertes por esa causa. Estuvo acompa\u00f1ado de Phillippe G. Furstenberg, Encargado de Seguridad de dicha Embajada.<\/p>\n<\/p>\n<p>Se trata de la primera visita de un Embajador de Estados Unidos a un director de la AMET<\/p>\n<p>El director del organismo encargado de regular el tr\u00e1nsito estuvo acompa\u00f1ado por los subdirectores de esa instituci\u00f3n Clara Melgen y el coronel F\u00e9lix G\u00f3mez Geraldino.<\/p>\n<h6> 2016-04-14 00:27:03 <\/h6>\n<p><!--\n<link rel=\"stylesheet\" href=\"css\/bootstrap.min.css\">\n\n\n<ul class=\"pagination\">\n\t    \n\t\n\n<li >\n\t<a href='?page_no=13234'>Previous<\/a>\n\t<\/li>\n\n\n       \n    \n\n<li><a href='?page_no=1'>1<\/a><\/li>\n\n\n\n<li><a href='?page_no=2'>2<\/a><\/li>\n\n\n\n<li><a>...<\/a><\/li>\n\n\n\n<li><a href='?page_no=13233'>13233<\/a><\/li>\n\n\n\n<li><a href='?page_no=13234'>13234<\/a><\/li>\n\n\n\n<li class='active'><a>13235<\/a><\/li>\n\n\n\n<li><a href='?page_no=13236'>13236<\/a><\/li>\n\n\n\n<li><a href='?page_no=13237'>13237<\/a><\/li>\n\n\n\n<li><a>...<\/a><\/li>\n\n\n\n<li><a href='?page_no=56169'>56169<\/a><\/li>\n\n\n\n<li><a href='?page_no=56170'>56170<\/a><\/li>\n\n    \n\t\n\n<li >\n\t<a href='?page_no=13236'>Next<\/a>\n\t<\/li>\n\n\n    \n\n<li><a href='?page_no=56170'>Last &rsaquo;&rsaquo;<\/a><\/li>\n\n<\/ul>\n\n\n--><br \/>\n<\/body><\/p>\n","protected":false},"excerpt":{"rendered":"<p>Santo Domingo, R. D., 14 de abril.- El Embajador de Estados Unidos en el pa\u00eds, James Brewster, visit\u00f3 al director de la Autoridad Metropolitana de Transporte (AMET), general Frener Bello Arias, con quien trat\u00f3 de diversos temas relacionados con la seguridad vial, implementaci\u00f3n conjunta de programas de capacitaci\u00f3n, mejoras en el tr\u00e1nsito y reducci\u00f3n de [&hellip;]<\/p>\n","protected":false},"author":3,"featured_media":0,"comment_status":"open","ping_status":"open","sticky":false,"template":"","format":"standard","meta":{"footnotes":""},"categories":[20],"tags":[],"class_list":["post-218855","post","type-post","status-publish","format-standard","hentry","category-dominicana-hoy"],"_links":{"self":[{"href":"https:\/\/diariodominicano.com\/index.php?rest_route=\/wp\/v2\/posts\/218855","targetHints":{"allow":["GET"]}}],"collection":[{"href":"https:\/\/diariodominicano.com\/index.php?rest_route=\/wp\/v2\/posts"}],"about":[{"href":"https:\/\/diariodominicano.com\/index.php?rest_route=\/wp\/v2\/types\/post"}],"author":[{"embeddable":true,"href":"https:\/\/diariodominicano.com\/index.php?rest_route=\/wp\/v2\/users\/3"}],"replies":[{"embeddable":true,"href":"https:\/\/diariodominicano.com\/index.php?rest_route=%2Fwp%2Fv2%2Fcomments&post=218855"}],"version-history":[{"count":0,"href":"https:\/\/diariodominicano.com\/index.php?rest_route=\/wp\/v2\/posts\/218855\/revisions"}],"wp:attachment":[{"href":"https:\/\/diariodominicano.com\/index.php?rest_route=%2Fwp%2Fv2%2Fmedia&parent=218855"}],"wp:term":[{"taxonomy":"category","embeddable":true,"href":"https:\/\/diariodominicano.com\/index.php?rest_route=%2Fwp%2Fv2%2Fcategories&post=218855"},{"taxonomy":"post_tag","embeddable":true,"href":"https:\/\/diariodominicano.com\/index.php?rest_route=%2Fwp%2Fv2%2Ftags&post=218855"}],"curies":[{"name":"wp","href":"https:\/\/api.w.org\/{rel}","templated":true}]}}