{"id":218853,"date":"2016-04-14T15:27:35","date_gmt":"2016-04-14T15:27:35","guid":{"rendered":"http:\/\/diariodominicano.ddns.net\/?p=218853"},"modified":"2016-04-14T15:27:35","modified_gmt":"2016-04-14T15:27:35","slug":"destaca-inclusion-en-seguridad-social-contribuye-crecimiento-economia","status":"publish","type":"post","link":"https:\/\/diariodominicano.com\/?p=218853","title":{"rendered":"Destaca inclusi\u00f3n en Seguridad Social contribuye crecimiento econom\u00eda"},"content":{"rendered":"<p><body><\/p>\n<p><img decoding=\"async\" src=\"img3\/Pedro Luis Castellanos en TV.jpg\" \/>  <\/p>\n<p><span class=\"text1noticias\">l<\/span><\/p>\n<\/p>\n<p><span class=\"text1noticias\">Santo Domingo. RD., 14 de abril.-El Superintendente de Salud y Riesgos Laborales sostuvo que en los \u00faltimos cuatro a\u00f1os han sido incorporados al Seguro Familiar de Salud m\u00e1s de dos millones de afiliados, en sus reg\u00edmenes contributivo y subsidiado, producto del crecimiento econ\u00f3mico que progresivamente ha ido experimentando el pa\u00eds. <\/span><\/p>\n<\/p>\n<p><span class=\"text1noticias\">El doctor Pedro Lu\u00eds Castellanos sostuvo que  el establecimiento de miles de nuevas empresas y la formalizaci\u00f3n de peque\u00f1as y medianas empresas, as\u00ed como el esfuerzo del gobierno de proteger a las personas que no tienen acceso todav\u00eda a un empleo, hace que el sistema de Seguridad Social sea robusto.  <\/span><\/p>\n<\/p>\n<p><span class=\"text1noticias\">Castellanos destac\u00f3 que muchas empresas que no ten\u00edan la posibilidad de formalizarse, lo han logrado mediante los incentivos que se han desarrollado,  tales como acceso al cr\u00e9dito y acceso a mercados garantizados por la  decisi\u00f3n de reservar una cuota de las compras y contrataciones gubernamentales para las peque\u00f1as y medianas empresas, y la simplificaci\u00f3n de los procedimientos de formalizaci\u00f3n.   <\/span><\/p>\n<\/p>\n<p><span class=\"text1noticias\">El funcionario expres\u00f3 que en momentos en que la mayor\u00eda de los sistemas de seguridad social en el continente est\u00e1n confortando problemas financieros incluso se teme que algunos podr\u00e1n retroceder, \u00abnuestro sistema es robusto, tanto desde el punto de vista financiero como de la madurez de los distintos sectores que lo integran\u00bb.<\/span><\/p>\n<\/p>\n<p><span class=\"text1noticias\">Al respecto Castellanos enfatizo que  \u00abesto tenemos que protegerlo; construir y enfrentar los nuevos desaf\u00edos  sobre la base de lo que ya hemos logrado\u00bb. <\/span><\/p>\n<\/p>\n<p><span class=\"text1noticias\">\u00abSomos 10 millones de habitantes en el pa\u00eds y en este momento el 68% de la poblaci\u00f3n ya est\u00e1 incorporada al Sistema Dominicano de Seguridad Social\u00bb dijo. <\/span><\/p>\n<\/p>\n<p><span class=\"text1noticias\">Agreg\u00f3 que a\u00fan quedan muchos desaf\u00edos y que uno de ellos es lograr la universalizaci\u00f3n de la afiliaci\u00f3n,  para lo cual se trabaja con los dem\u00e1s actores del sistema a fin de que esto sea una realidad  en los pr\u00f3ximos a\u00f1os. <\/span><\/p>\n<\/p>\n<p><span class=\"text1noticias\">Destac\u00f3 el gran avance logrado con la inclusi\u00f3n en el R\u00e9gimen Subsidiado, que administra la ARS estatal, SENASA, de la poblaci\u00f3n clasificada dentro de los par\u00e1metros de pobreza extrema y moderada llegando a una cobertura del cien por ciento del n\u00famero de pobres  identificados por el SIUBEN. <\/span><\/p>\n<\/p>\n<p><span class=\"text1noticias\">\u00abSi nos remontamos a diez o doce a\u00f1os atr\u00e1s nos daremos cuenta de cu\u00e1nto ha cambiado la posibilidad de acceder a los servicios de salud, tanto p\u00fablicos como privados por parte de la poblaci\u00f3n; pero no s\u00f3lo eso, tambi\u00e9n est\u00e1 la cobertura de medicamentos, la cobertura de gastos en procedimientos de alto costo, las coberturas en cirug\u00eda, entre otros aspectos en los que el sistema ha ido progresivamente mejorando\u00bb.<\/span><\/p>\n<\/p>\n<p><span class=\"text1noticias\">\u00abTenemos problemas y desaf\u00edos por superar, pero hemos avanzado mucho\u00bb se\u00f1al\u00f3 el funcionario  y cit\u00f3 entre esos desaf\u00edos, adem\u00e1s de lograr  la cobertura de toda la poblaci\u00f3n, mejorar  el Plan B\u00e1sico de Salud, reducir el gasto familiar, y garantizar la calidad de los servicios y la seguridad de los pacientes. <\/span><\/p>\n<\/p>\n<p><span class=\"text1noticias\">Plan B\u00e1sico de Salud <\/span><\/p>\n<\/p>\n<p><span class=\"text1noticias\">Al ser entrevistado en el programa de televisi\u00f3n \u00abTendencias RD\u00bb, que se transmite por Am\u00e9 47, explic\u00f3 que se trabaja en conjunto con diferentes actores del sistema en el marco del Consejo Nacional de Seguridad Social, en la elaboraci\u00f3n de un nuevo Plan B\u00e1sico de Salud.<\/span><\/p>\n<\/p>\n<p><span class=\"text1noticias\">\u00abEstamos a las puertas de tener un nuevo Plan B\u00e1sico de Salud que no s\u00f3lo contempla eliminar los procedimientos obsoletos, sino integrar las nuevas tecnolog\u00edas y las atenciones garantizadas para algunos problemas y necesidades prioritarias, las cuales no tendr\u00e1n tope de cobertura, mediante un nuevo modelo que incluye  la promoci\u00f3n y la prevenci\u00f3n\u00bb, adelant\u00f3 Castellanos. <\/span><\/p>\n<\/p>\n<p><span class=\"text1noticias\">Acuerdo con Salud P\u00fablica <\/span><\/p>\n<\/p>\n<p><span class=\"text1noticias\">El funcionario revel\u00f3 que actualmente se est\u00e1 en un proceso de concertaci\u00f3n con el Ministerio de Salud P\u00fablica, para desarrollar mecanismos de aseguramiento de la calidad y de la seguridad de los pacientes, en todos los prestadores de servicios de salud, p\u00fablicos y privados, que forman parte del sistema de seguridad social. <\/span><\/p>\n<\/p>\n<p><span class=\"text1noticias\">Igualmente, trabajamos en conjunto con el Ministerio para asegurar que todos los establecimientos Prestadores de Servicios de Salud contratados en el marco de la seguridad social tengan al d\u00eda su habilitaci\u00f3n y hayan cumplido con las recomendaciones y demandas de mejor\u00eda que le hayan sido se\u00f1aladas.<\/span><\/p>\n<\/p>\n<p><span class=\"text1noticias\">Esperamos establecer pr\u00f3ximamente,  un acuerdo interinstitucional con el MSP para impulsar conjuntamente estas iniciativas a corto plazo<\/span>.<\/p>\n<\/p>\n<h6> 2016-04-14 15:27:35 <\/h6>\n<p><!--\n<link rel=\"stylesheet\" href=\"css\/bootstrap.min.css\">\n\n\n<ul class=\"pagination\">\n\t    \n\t\n\n<li >\n\t<a href='?page_no=13232'>Previous<\/a>\n\t<\/li>\n\n\n       \n    \n\n<li><a href='?page_no=1'>1<\/a><\/li>\n\n\n\n<li><a href='?page_no=2'>2<\/a><\/li>\n\n\n\n<li><a>...<\/a><\/li>\n\n\n\n<li><a href='?page_no=13231'>13231<\/a><\/li>\n\n\n\n<li><a href='?page_no=13232'>13232<\/a><\/li>\n\n\n\n<li class='active'><a>13233<\/a><\/li>\n\n\n\n<li><a href='?page_no=13234'>13234<\/a><\/li>\n\n\n\n<li><a href='?page_no=13235'>13235<\/a><\/li>\n\n\n\n<li><a>...<\/a><\/li>\n\n\n\n<li><a href='?page_no=56169'>56169<\/a><\/li>\n\n\n\n<li><a href='?page_no=56170'>56170<\/a><\/li>\n\n    \n\t\n\n<li >\n\t<a href='?page_no=13234'>Next<\/a>\n\t<\/li>\n\n\n    \n\n<li><a href='?page_no=56170'>Last &rsaquo;&rsaquo;<\/a><\/li>\n\n<\/ul>\n\n\n--><br \/>\n<\/body><\/p>\n","protected":false},"excerpt":{"rendered":"<p>l Santo Domingo. RD., 14 de abril.-El Superintendente de Salud y Riesgos Laborales sostuvo que en los \u00faltimos cuatro a\u00f1os han sido incorporados al Seguro Familiar de Salud m\u00e1s de dos millones de afiliados, en sus reg\u00edmenes contributivo y subsidiado, producto del crecimiento econ\u00f3mico que progresivamente ha ido experimentando el pa\u00eds. El doctor Pedro Lu\u00eds [&hellip;]<\/p>\n","protected":false},"author":3,"featured_media":0,"comment_status":"open","ping_status":"open","sticky":false,"template":"","format":"standard","meta":{"footnotes":""},"categories":[20],"tags":[],"class_list":["post-218853","post","type-post","status-publish","format-standard","hentry","category-dominicana-hoy"],"_links":{"self":[{"href":"https:\/\/diariodominicano.com\/index.php?rest_route=\/wp\/v2\/posts\/218853","targetHints":{"allow":["GET"]}}],"collection":[{"href":"https:\/\/diariodominicano.com\/index.php?rest_route=\/wp\/v2\/posts"}],"about":[{"href":"https:\/\/diariodominicano.com\/index.php?rest_route=\/wp\/v2\/types\/post"}],"author":[{"embeddable":true,"href":"https:\/\/diariodominicano.com\/index.php?rest_route=\/wp\/v2\/users\/3"}],"replies":[{"embeddable":true,"href":"https:\/\/diariodominicano.com\/index.php?rest_route=%2Fwp%2Fv2%2Fcomments&post=218853"}],"version-history":[{"count":0,"href":"https:\/\/diariodominicano.com\/index.php?rest_route=\/wp\/v2\/posts\/218853\/revisions"}],"wp:attachment":[{"href":"https:\/\/diariodominicano.com\/index.php?rest_route=%2Fwp%2Fv2%2Fmedia&parent=218853"}],"wp:term":[{"taxonomy":"category","embeddable":true,"href":"https:\/\/diariodominicano.com\/index.php?rest_route=%2Fwp%2Fv2%2Fcategories&post=218853"},{"taxonomy":"post_tag","embeddable":true,"href":"https:\/\/diariodominicano.com\/index.php?rest_route=%2Fwp%2Fv2%2Ftags&post=218853"}],"curies":[{"name":"wp","href":"https:\/\/api.w.org\/{rel}","templated":true}]}}