{"id":218850,"date":"2016-04-14T17:28:07","date_gmt":"2016-04-14T17:28:07","guid":{"rendered":"http:\/\/diariodominicano.ddns.net\/?p=218850"},"modified":"2016-04-14T17:28:07","modified_gmt":"2016-04-14T17:28:07","slug":"productores-se-beneficiaran-con-obras-para-crianza-de-ovejos-y-cabras","status":"publish","type":"post","link":"https:\/\/diariodominicano.com\/?p=218850","title":{"rendered":"Productores se beneficiar\u00e1n con obras para crianza de ovejos y cabras"},"content":{"rendered":"<p><body><\/p>\n<p><img decoding=\"async\" src=\"img3\/Cabras.jpg\" \/>  <\/p>\n<p><span class=\"text1noticias\">Boquer\u00f3n Azua, R. D., 14 de abril.- El Instituto Agrario Dominicano (IAD) inici\u00f3 construcci\u00f3n de infraestructuras para crianza de ovejos y cabras, trabajos que impactar\u00e1n a 140 productores y sus familias.<\/span><\/p>\n<p><span class=\"text1noticias\"> <\/span><\/p>\n<p><span class=\"text1noticias\">Los beneficiarios est\u00e1n organizados en la Asociaci\u00f3n Isla Verde de Agricultores, seg\u00fan inform\u00f3 el director del IAD, Emilio Toribio Olivo, al dar el primer picazo para comenzar el proyecto.<\/span><\/p>\n<p><span class=\"text1noticias\"> <\/span><\/p>\n<p><span class=\"text1noticias\">Enramadas, corrales, piletas y pozos<\/span><\/p>\n<p><span class=\"text1noticias\"> <\/span><\/p>\n<p><span class=\"text1noticias\">La iniciativa abarca la construcci\u00f3n de enramadas, corrales, piletas para bebederos y pozos tubulares, con el fin de aumentar la producci\u00f3n ovicaprina.<\/span><\/p>\n<p><span class=\"text1noticias\"> <\/span><\/p>\n<p><span class=\"text1noticias\">Toribio Olivo expres\u00f3, adem\u00e1s, que con este proyecto se da cumplimiento a  la promesa hecha por el presidente Danilo Medina, durante una Visita Sorpresa realizada a la comunidad de Las Charcas.<\/span><\/p>\n<p><span class=\"text1noticias\"> <\/span><\/p>\n<p><span class=\"text1noticias\">\u00abHoy estamos cumpliendo instrucci\u00f3n del presidente Danilo Medina, quien facilit\u00f3 los recursos para que estos peque\u00f1os y medianos productores tengan de qu\u00e9 vivir\u00bb expres\u00f3 Toribio Olivo.<\/span><\/p>\n<p><span class=\"text1noticias\"> <\/span><\/p>\n<p><span class=\"text1noticias\">\u00abCuando hay producci\u00f3n, hay cambio\u00bb<\/span><\/p>\n<p><span class=\"text1noticias\"> <\/span><\/p>\n<p><span class=\"text1noticias\">De su lado, Roberto Pe\u00f1a Aybar, presidente de la Asociaci\u00f3n agradeci\u00f3 al presidente Danilo Medina y a las autoridades del IAD, por el apoyo y seguimiento para hacer realidad este proyecto productivo, que les permitir\u00e1 generar ingresos.<\/span><\/p>\n<p><span class=\"text1noticias\"> <\/span><\/p>\n<p><span class=\"text1noticias\">\u00abAqu\u00ed tendremos 300 ovejas, 300 cabras y 50 padrotes para producir carne, queso, yogurt y hasta vender el cuero de los animales, gracias a la visita del Presidente Danilo Medina\u00bb dijo.<\/span><\/p>\n<p><span class=\"text1noticias\"> <\/span><\/p>\n<p><span class=\"text1noticias\">Asimismo, Salvador Vargas, miembro de la asociaci\u00f3n manifest\u00f3 que este proyecto de producci\u00f3n ovicaprino permitir\u00e1 cambiar las condiciones de vida de los productores y sus familias.<\/span><\/p>\n<p><span class=\"text1noticias\"> <\/span><\/p>\n<p><span class=\"text1noticias\">\u00abCuando hay producci\u00f3n, hay cambio, este proyecto es lo mejor que podemos tener ahora mismo, podremos producir carne, queso y hasta vender el cuero de los animales\u00bb explic\u00f3 Vargas.<\/span><\/p>\n<p><span class=\"text1noticias\"> <\/span><\/p>\n<p><span class=\"text1noticias\">Financiamiento aprobado<\/span><\/p>\n<p><span class=\"text1noticias\"> <\/span><\/p>\n<p><span class=\"text1noticias\">De su lado, Lu\u00eds Gustavo Puello, gerente regional del Banco Agr\u00edcola inform\u00f3 que ya tienen aprobado un financiamiento de 5.4 millones de pesos, los cuales ser\u00e1n desembolsados inmediatamente finalicen la construcci\u00f3n de los corrales. <\/span><\/p>\n<p><span class=\"text1noticias\"> <\/span><\/p>\n<p><span class=\"text1noticias\">En la actividad estuvieron acompa\u00f1ando al director del IAD el gobernador civil, Luis Vargas; el alcalde de Las Charcas, Pedro Vicente Soler; el subgerente del IAD en Azua, Donato Pujols, as\u00ed como miembros de la cooperativa y autoridade<\/span>s de la zona.<\/p>\n<h6> 2016-04-14 17:28:07 <\/h6>\n<p><!--\n<link rel=\"stylesheet\" href=\"css\/bootstrap.min.css\">\n\n\n<ul class=\"pagination\">\n\t    \n\t\n\n<li >\n\t<a href='?page_no=13229'>Previous<\/a>\n\t<\/li>\n\n\n       \n    \n\n<li><a href='?page_no=1'>1<\/a><\/li>\n\n\n\n<li><a href='?page_no=2'>2<\/a><\/li>\n\n\n\n<li><a>...<\/a><\/li>\n\n\n\n<li><a href='?page_no=13228'>13228<\/a><\/li>\n\n\n\n<li><a href='?page_no=13229'>13229<\/a><\/li>\n\n\n\n<li class='active'><a>13230<\/a><\/li>\n\n\n\n<li><a href='?page_no=13231'>13231<\/a><\/li>\n\n\n\n<li><a href='?page_no=13232'>13232<\/a><\/li>\n\n\n\n<li><a>...<\/a><\/li>\n\n\n\n<li><a href='?page_no=56169'>56169<\/a><\/li>\n\n\n\n<li><a href='?page_no=56170'>56170<\/a><\/li>\n\n    \n\t\n\n<li >\n\t<a href='?page_no=13231'>Next<\/a>\n\t<\/li>\n\n\n    \n\n<li><a href='?page_no=56170'>Last &rsaquo;&rsaquo;<\/a><\/li>\n\n<\/ul>\n\n\n--><br \/>\n<\/body><\/p>\n","protected":false},"excerpt":{"rendered":"<p>Boquer\u00f3n Azua, R. D., 14 de abril.- El Instituto Agrario Dominicano (IAD) inici\u00f3 construcci\u00f3n de infraestructuras para crianza de ovejos y cabras, trabajos que impactar\u00e1n a 140 productores y sus familias. Los beneficiarios est\u00e1n organizados en la Asociaci\u00f3n Isla Verde de Agricultores, seg\u00fan inform\u00f3 el director del IAD, Emilio Toribio Olivo, al dar el primer [&hellip;]<\/p>\n","protected":false},"author":3,"featured_media":0,"comment_status":"open","ping_status":"open","sticky":false,"template":"","format":"standard","meta":{"footnotes":""},"categories":[20],"tags":[],"class_list":["post-218850","post","type-post","status-publish","format-standard","hentry","category-dominicana-hoy"],"_links":{"self":[{"href":"https:\/\/diariodominicano.com\/index.php?rest_route=\/wp\/v2\/posts\/218850","targetHints":{"allow":["GET"]}}],"collection":[{"href":"https:\/\/diariodominicano.com\/index.php?rest_route=\/wp\/v2\/posts"}],"about":[{"href":"https:\/\/diariodominicano.com\/index.php?rest_route=\/wp\/v2\/types\/post"}],"author":[{"embeddable":true,"href":"https:\/\/diariodominicano.com\/index.php?rest_route=\/wp\/v2\/users\/3"}],"replies":[{"embeddable":true,"href":"https:\/\/diariodominicano.com\/index.php?rest_route=%2Fwp%2Fv2%2Fcomments&post=218850"}],"version-history":[{"count":0,"href":"https:\/\/diariodominicano.com\/index.php?rest_route=\/wp\/v2\/posts\/218850\/revisions"}],"wp:attachment":[{"href":"https:\/\/diariodominicano.com\/index.php?rest_route=%2Fwp%2Fv2%2Fmedia&parent=218850"}],"wp:term":[{"taxonomy":"category","embeddable":true,"href":"https:\/\/diariodominicano.com\/index.php?rest_route=%2Fwp%2Fv2%2Fcategories&post=218850"},{"taxonomy":"post_tag","embeddable":true,"href":"https:\/\/diariodominicano.com\/index.php?rest_route=%2Fwp%2Fv2%2Ftags&post=218850"}],"curies":[{"name":"wp","href":"https:\/\/api.w.org\/{rel}","templated":true}]}}