{"id":218848,"date":"2016-04-14T17:31:08","date_gmt":"2016-04-14T17:31:08","guid":{"rendered":"http:\/\/diariodominicano.ddns.net\/?p=218848"},"modified":"2016-04-14T17:31:08","modified_gmt":"2016-04-14T17:31:08","slug":"uasd-y-vicepresidencia-de-la-republica-desarrollan-seminario-sobre-politicas-publicas-y-proteccion-social","status":"publish","type":"post","link":"https:\/\/diariodominicano.com\/?p=218848","title":{"rendered":"UASD y Vicepresidencia de la Rep\u00fablica desarrollan seminario sobre Pol\u00edticas P\u00fablicas y Protecci\u00f3n Social"},"content":{"rendered":"<p><body><\/p>\n<p><img decoding=\"async\" src=\"img3\/Foto 1.jpg\" \/>  <\/p>\n<p><span class=\"text1noticias\">Santo Domingo. RD., 14 de abril.-La Universidad Aut\u00f3noma de Santo Domingo (UASD) y la Vicepresidencia de la Rep\u00fablica inauguraron este mi\u00e9rcoles el \u00abSeminario Internacional Ciencias Pol\u00edticas, Pol\u00edticas P\u00fablicas y Protecci\u00f3n Social\u00bb, con el fin de analizar desde diversas \u00f3pticas los principales problemas te\u00f3ricos, cr\u00edticos, hist\u00f3ricos y pr\u00e1cticos que constituyen las preocupaciones b\u00e1sicas del ejercicio pol\u00edtico en las sociedades democr\u00e1ticas.<\/span><\/p>\n<\/p>\n<p><span class=\"text1noticias\">La actividad se desarroll\u00f3 en el Auditorio Manuel del Cabral de la Biblioteca Pedro Mir, en esa casa de altos estudios,  fue encabezada por  los doctores  Jorge Asjana David, vicerrector Docente de la Academia Estatal, en representaci\u00f3n del rector Iv\u00e1n Grull\u00f3n Fern\u00e1ndez; Margarita Cede\u00f1o de Fern\u00e1ndez;  vicepresidenta de la Rep\u00fablica;  Antonio Medina,  Henry Blanco y Sandra Suriel, decano de la FCJP, director de la Escuela de Ciencias Pol\u00edticas y directora del Programa Progresando con Solidaridad,  respectivamente. <\/span><\/p>\n<\/p>\n<p><span class=\"text1noticias\">El discurso central estuvo a cargo del doctor  Asjana David, quien  manifest\u00f3 la alegr\u00eda que embarga a la Primera Universidad del Nuevo Mundo al constituirse en el escenario id\u00f3neo de este encuentro internacional, para debatir en t\u00e9rminos cient\u00edficos los temas relacionados con la satisfacci\u00f3n de las necesidades sociales a trav\u00e9s de las pol\u00edticas p\u00fablicas ejecutadas con esp\u00edritu de servicio y sentido de solidaridad.<\/span><\/p>\n<\/p>\n<p><span class=\"text1noticias\">\u00abLa UASD recibe con los brazos abiertos a los expertos, estudiosos e investigadores provenientes de otros pa\u00edses para compartir sus conocimientos y construir o actualizar una visi\u00f3n de la funci\u00f3n social de las ciencias pol\u00edticas,  porque en el mundo contempor\u00e1neo \u00e9stas  son acciones gubernamentales que buscan el desarrollo humano, la redistribuci\u00f3n del ingreso y la ampliaci\u00f3n de las bases de la democracia mediante la inclusi\u00f3n, la solidaridad y la protecci\u00f3n social\u00bb, puntualiz\u00f3.<\/span><\/p>\n<\/p>\n<p><span class=\"text1noticias\">El doctor Medina Calca\u00f1o, al pronunciar  el discurso de apertura,  destac\u00f3  que la UASD avanza como instituci\u00f3n en su prop\u00f3sito de colocarse al servicio de los mejores intereses de la sociedad, como se evidencia en ese esfuerzo conjunto que realiza  la unidad que dirige junto con la Vicepresidencia de la Rep\u00fablica, en aras de afianzar conocimientos para impulsar las pol\u00edticas p\u00fablicas para el desarrollo.<\/span><\/p>\n<\/p>\n<p><span class=\"text1noticias\">Agradeci\u00f3 a la doctora Cede\u00f1o de Fern\u00e1ndez que desde que era la Primera Dama de la Naci\u00f3n se vincul\u00f3 con su Universidad Aut\u00f3noma de Santo Domingo y contribuy\u00f3 con la reconstrucci\u00f3n y modernizaci\u00f3n de las instalaciones de la Nueva Unidad de la FCJP, cuyo relanzamiento se concret\u00f3 con recursos del Gobierno de Taiw\u00e1n.<\/span><\/p>\n<\/p>\n<p><span class=\"text1noticias\">Sostuvo que ese aporte de la doctora Cede\u00f1o de Fern\u00e1ndez en t\u00e9rminos institucionales ha implicado acuerdos e intercambios en los planos acad\u00e9micos,  de formaci\u00f3n y capacitaci\u00f3n de estudiantes a trav\u00e9s del Programa Progresando con Solidaridad y la FCJP. <\/span><\/p>\n<\/p>\n<p><span class=\"text1noticias\">De su lado, la Vicepresidenta Cede\u00f1o de Fern\u00e1ndez puntualiz\u00f3 que superar la pobreza en la regi\u00f3n requiere de pol\u00edticas sociales que combinen elementos de protecci\u00f3n, bienestar, ciudadan\u00eda y cohesi\u00f3n social, por lo cual reclam\u00f3 el concurso de todos los sectores de la sociedad para lograr tales prop\u00f3sitos.<\/span><\/p>\n<\/p>\n<p><span class=\"text1noticias\">Asimismo, record\u00f3  que Am\u00e9rica Latina es la regi\u00f3n m\u00e1s desigual del mundo y se\u00f1al\u00f3 que quienes  tienen mucho, tienen demasiado en tanto que otros poseen muy poco;  tras citar las causas de desigualdad estructural  y consider\u00f3 que se podr\u00e1n nivelar con pol\u00edticas redistributivas eficientes y eficaces para la asistencia y protecci\u00f3n social.<\/span><\/p>\n<\/p>\n<p><span class=\"text1noticias\">En el evento participan representantes de organismos internacionales, y el Ministerio de Econom\u00eda, Planificaci\u00f3n y Desarrollo y tiene como prop\u00f3sito fortalecer el v\u00ednculo de las ciencias pol\u00edticas con el desarrollo institucional de la Rep\u00fablica Dominicana, promover el conocimiento de las pol\u00edticas p\u00fablicas de protecci\u00f3n social y la cooperaci\u00f3n internacional con los organismos  de apoyo al desarrollo.<\/span><\/p>\n<\/p>\n<p><span class=\"text1noticias\">Algunos de los temas abordados en el referido seminario son \u00abLas Pol\u00edticas P\u00fablicas y su aporte a la Protecci\u00f3n Social: desarrollo y gobernanzas\u00bb, conferencia dictada por el experto Sandro Parodi, especialista en Protecci\u00f3n Social del Banco Interamericano de Desarrollo (BID); y \u00abLa protecci\u00f3n social en la Rep\u00fablica Dominicana, Progresando con Solidaridad como Pol\u00edticas P\u00fablicas\u00bb, a cargo de la doctora Suriel.<\/span><\/p>\n<\/p>\n<p><span class=\"text1noticias\">Tambi\u00e9n incluye la disertaci\u00f3n sobre \u00abPol\u00edticas P\u00fablicas y Protecci\u00f3n Social desde las Ciencias Pol\u00edticas\u00bb, a cargo de Salvador Mart\u00ed, catedr\u00e1tico de la Universidad de Salamanca y Girona, Espa\u00f1a;  \u00abPol\u00edticas P\u00fablicas y P\u00fablicas y Protecci\u00f3n Social, avances y retos en Am\u00e9rica Latina\u00bb, con  Simone Checchini, oficial de Asuntos Sociales de la Comisi\u00f3n Econ\u00f3mica para Am\u00e9rica Latina y el Caribe (CEPAL).<\/span><\/p>\n<h6> 2016-04-14 17:31:08 <\/h6>\n<p><!--\n<link rel=\"stylesheet\" href=\"css\/bootstrap.min.css\">\n\n\n<ul class=\"pagination\">\n\t    \n\t\n\n<li >\n\t<a href='?page_no=13228'>Previous<\/a>\n\t<\/li>\n\n\n       \n    \n\n<li><a href='?page_no=1'>1<\/a><\/li>\n\n\n\n<li><a href='?page_no=2'>2<\/a><\/li>\n\n\n\n<li><a>...<\/a><\/li>\n\n\n\n<li><a href='?page_no=13227'>13227<\/a><\/li>\n\n\n\n<li><a href='?page_no=13228'>13228<\/a><\/li>\n\n\n\n<li class='active'><a>13229<\/a><\/li>\n\n\n\n<li><a href='?page_no=13230'>13230<\/a><\/li>\n\n\n\n<li><a href='?page_no=13231'>13231<\/a><\/li>\n\n\n\n<li><a>...<\/a><\/li>\n\n\n\n<li><a href='?page_no=56169'>56169<\/a><\/li>\n\n\n\n<li><a href='?page_no=56170'>56170<\/a><\/li>\n\n    \n\t\n\n<li >\n\t<a href='?page_no=13230'>Next<\/a>\n\t<\/li>\n\n\n    \n\n<li><a href='?page_no=56170'>Last &rsaquo;&rsaquo;<\/a><\/li>\n\n<\/ul>\n\n\n--><br \/>\n<\/body><\/p>\n","protected":false},"excerpt":{"rendered":"<p>Santo Domingo. RD., 14 de abril.-La Universidad Aut\u00f3noma de Santo Domingo (UASD) y la Vicepresidencia de la Rep\u00fablica inauguraron este mi\u00e9rcoles el \u00abSeminario Internacional Ciencias Pol\u00edticas, Pol\u00edticas P\u00fablicas y Protecci\u00f3n Social\u00bb, con el fin de analizar desde diversas \u00f3pticas los principales problemas te\u00f3ricos, cr\u00edticos, hist\u00f3ricos y pr\u00e1cticos que constituyen las preocupaciones b\u00e1sicas del ejercicio pol\u00edtico [&hellip;]<\/p>\n","protected":false},"author":3,"featured_media":0,"comment_status":"open","ping_status":"open","sticky":false,"template":"","format":"standard","meta":{"footnotes":""},"categories":[20],"tags":[],"class_list":["post-218848","post","type-post","status-publish","format-standard","hentry","category-dominicana-hoy"],"_links":{"self":[{"href":"https:\/\/diariodominicano.com\/index.php?rest_route=\/wp\/v2\/posts\/218848","targetHints":{"allow":["GET"]}}],"collection":[{"href":"https:\/\/diariodominicano.com\/index.php?rest_route=\/wp\/v2\/posts"}],"about":[{"href":"https:\/\/diariodominicano.com\/index.php?rest_route=\/wp\/v2\/types\/post"}],"author":[{"embeddable":true,"href":"https:\/\/diariodominicano.com\/index.php?rest_route=\/wp\/v2\/users\/3"}],"replies":[{"embeddable":true,"href":"https:\/\/diariodominicano.com\/index.php?rest_route=%2Fwp%2Fv2%2Fcomments&post=218848"}],"version-history":[{"count":0,"href":"https:\/\/diariodominicano.com\/index.php?rest_route=\/wp\/v2\/posts\/218848\/revisions"}],"wp:attachment":[{"href":"https:\/\/diariodominicano.com\/index.php?rest_route=%2Fwp%2Fv2%2Fmedia&parent=218848"}],"wp:term":[{"taxonomy":"category","embeddable":true,"href":"https:\/\/diariodominicano.com\/index.php?rest_route=%2Fwp%2Fv2%2Fcategories&post=218848"},{"taxonomy":"post_tag","embeddable":true,"href":"https:\/\/diariodominicano.com\/index.php?rest_route=%2Fwp%2Fv2%2Ftags&post=218848"}],"curies":[{"name":"wp","href":"https:\/\/api.w.org\/{rel}","templated":true}]}}