{"id":218847,"date":"2016-04-14T17:44:53","date_gmt":"2016-04-14T17:44:53","guid":{"rendered":"http:\/\/diariodominicano.ddns.net\/?p=218847"},"modified":"2016-04-14T17:44:53","modified_gmt":"2016-04-14T17:44:53","slug":"iad-rinde-homenaje-a-ex-director-quilvio-cabrera","status":"publish","type":"post","link":"https:\/\/diariodominicano.com\/?p=218847","title":{"rendered":"IAD rinde homenaje a ex director Quilvio Cabrera"},"content":{"rendered":"<p><body><\/p>\n<p><img decoding=\"async\" src=\"img3\/Kilvio.jpg\" \/>  <\/p>\n<p><span class=\"text1noticias\">Santo Domingo, R. D., 14 de abril.- El Instituto Agrario Dominicano (IAD) realiz\u00f3  un homenaje al ingeniero Quilvio Cabrera con motivo del octavo aniversario de su fallecimiento.<\/span><\/p>\n<p><span class=\"text1noticias\"> <\/span><\/p>\n<p><span class=\"text1noticias\">Por tal raz\u00f3n, las actuales autoridades junto a miembros de gremios agropecuarios sembraron un \u00e1rbol de caoba en el jard\u00edn de la explanada frontal de la Sede Central.<\/span><\/p>\n<p><span class=\"text1noticias\"> <\/span><\/p>\n<p><span class=\"text1noticias\">Resaltan cualidades<\/span><\/p>\n<p><span class=\"text1noticias\">Emilio Toribio Olivo, director del IAD resalt\u00f3 los aportes del extinto agr\u00f3nomo destacando las cualidades profesionales y humanas que lo caracterizaban.<\/span><\/p>\n<p><span class=\"text1noticias\"> <\/span><\/p>\n<p><span class=\"text1noticias\">\u00abQuilvio Cabrera es inolvidable para nosotros, fue un hombre humilde y entregado a los productores del campo, humano, amigable, afable, siempre dio la cara por el sector agropecuario, fue un gremialista a carta cabal\u00bb dijo Toribio Olivo.<\/span><\/p>\n<p><span class=\"text1noticias\"> <\/span><\/p>\n<p><span class=\"text1noticias\">Durante el emotivo evento el agr\u00f3nomo Danilo Severino, quien ley\u00f3 la semblanza del fenecido ex director del IAD, resalt\u00f3 el esp\u00edritu de lucha de Quilvio por los campesinos y los agr\u00f3nomos. <\/span><\/p>\n<p><span class=\"text1noticias\"> <\/span><\/p>\n<p><span class=\"text1noticias\">Llaman a continuar entregando T\u00edtulos Definitivos<\/span><\/p>\n<p><span class=\"text1noticias\">Mientras que los hijos del ingeniero Quilvio Cabrera agradecieron al presidente de la Rep\u00fablica licenciado Danilo Medina y a las autoridades del IAD por hacer realidad el sue\u00f1o de su padre de titular de manera definitiva a los parceleros de Reforma Agraria y exhortaron a Toribio Olivo a continuar trabajando al igual por los m\u00e1s necesitados del campo.<\/span><\/p>\n<p><span class=\"text1noticias\"> <\/span><\/p>\n<p><span class=\"text1noticias\">Quilvio Cabrera Mena fue dos veces director general del IAD, dirigente de gremios agropecuarios y catedr\u00e1tico universitario.<\/span><\/p>\n<p><span class=\"text1noticias\"> <\/span><\/p>\n<p><span class=\"text1noticias\">En el acto estuvieron presentes adem\u00e1s la se\u00f1ora Rita Espejo viuda de Cabrera; Manuel Serrano, viceministro de Medio Ambiente; Jos\u00e9 Espinal Beato y Donato Guti\u00e9rrez, ex presidentes del ADIA; F\u00e9lix Flores, presidente del Colegio M\u00e9dico Veterinario; Radham\u00e9s Silverio, director de CONAPROPE; as\u00ed como decenas de empleados d<\/span>el IAD.<\/p>\n<\/p>\n<h6> 2016-04-14 17:44:53 <\/h6>\n<p><!--\n<link rel=\"stylesheet\" href=\"css\/bootstrap.min.css\">\n\n\n<ul class=\"pagination\">\n\t    \n\t\n\n<li >\n\t<a href='?page_no=13227'>Previous<\/a>\n\t<\/li>\n\n\n       \n    \n\n<li><a href='?page_no=1'>1<\/a><\/li>\n\n\n\n<li><a href='?page_no=2'>2<\/a><\/li>\n\n\n\n<li><a>...<\/a><\/li>\n\n\n\n<li><a href='?page_no=13226'>13226<\/a><\/li>\n\n\n\n<li><a href='?page_no=13227'>13227<\/a><\/li>\n\n\n\n<li class='active'><a>13228<\/a><\/li>\n\n\n\n<li><a href='?page_no=13229'>13229<\/a><\/li>\n\n\n\n<li><a href='?page_no=13230'>13230<\/a><\/li>\n\n\n\n<li><a>...<\/a><\/li>\n\n\n\n<li><a href='?page_no=56169'>56169<\/a><\/li>\n\n\n\n<li><a href='?page_no=56170'>56170<\/a><\/li>\n\n    \n\t\n\n<li >\n\t<a href='?page_no=13229'>Next<\/a>\n\t<\/li>\n\n\n    \n\n<li><a href='?page_no=56170'>Last &rsaquo;&rsaquo;<\/a><\/li>\n\n<\/ul>\n\n\n--><br \/>\n<\/body><\/p>\n","protected":false},"excerpt":{"rendered":"<p>Santo Domingo, R. D., 14 de abril.- El Instituto Agrario Dominicano (IAD) realiz\u00f3 un homenaje al ingeniero Quilvio Cabrera con motivo del octavo aniversario de su fallecimiento. Por tal raz\u00f3n, las actuales autoridades junto a miembros de gremios agropecuarios sembraron un \u00e1rbol de caoba en el jard\u00edn de la explanada frontal de la Sede Central. [&hellip;]<\/p>\n","protected":false},"author":3,"featured_media":0,"comment_status":"open","ping_status":"open","sticky":false,"template":"","format":"standard","meta":{"footnotes":""},"categories":[20],"tags":[],"class_list":["post-218847","post","type-post","status-publish","format-standard","hentry","category-dominicana-hoy"],"_links":{"self":[{"href":"https:\/\/diariodominicano.com\/index.php?rest_route=\/wp\/v2\/posts\/218847","targetHints":{"allow":["GET"]}}],"collection":[{"href":"https:\/\/diariodominicano.com\/index.php?rest_route=\/wp\/v2\/posts"}],"about":[{"href":"https:\/\/diariodominicano.com\/index.php?rest_route=\/wp\/v2\/types\/post"}],"author":[{"embeddable":true,"href":"https:\/\/diariodominicano.com\/index.php?rest_route=\/wp\/v2\/users\/3"}],"replies":[{"embeddable":true,"href":"https:\/\/diariodominicano.com\/index.php?rest_route=%2Fwp%2Fv2%2Fcomments&post=218847"}],"version-history":[{"count":0,"href":"https:\/\/diariodominicano.com\/index.php?rest_route=\/wp\/v2\/posts\/218847\/revisions"}],"wp:attachment":[{"href":"https:\/\/diariodominicano.com\/index.php?rest_route=%2Fwp%2Fv2%2Fmedia&parent=218847"}],"wp:term":[{"taxonomy":"category","embeddable":true,"href":"https:\/\/diariodominicano.com\/index.php?rest_route=%2Fwp%2Fv2%2Fcategories&post=218847"},{"taxonomy":"post_tag","embeddable":true,"href":"https:\/\/diariodominicano.com\/index.php?rest_route=%2Fwp%2Fv2%2Ftags&post=218847"}],"curies":[{"name":"wp","href":"https:\/\/api.w.org\/{rel}","templated":true}]}}