{"id":218846,"date":"2016-04-14T18:19:24","date_gmt":"2016-04-14T18:19:24","guid":{"rendered":"http:\/\/diariodominicano.ddns.net\/?p=218846"},"modified":"2016-04-14T18:19:24","modified_gmt":"2016-04-14T18:19:24","slug":"acuda-reconoce-a-la-opt-alemania-y-su-directora","status":"publish","type":"post","link":"https:\/\/diariodominicano.com\/?p=218846","title":{"rendered":"ACUDA reconoce a la  OPT Alemania y su directora"},"content":{"rendered":"<p><body><\/p>\n<p><img decoding=\"async\" src=\"img3\/a.jpg\" \/>  <\/p>\n<p><span class=\"text1noticias\">FRANCFORT, Alemania, 14 de abril.- La Asociaci\u00f3n Cultural Dominico-Alemana (ACUDA), otorg\u00f3 un reconocimiento a la Oficina de Promoci\u00f3n Tur\u00edstica (OPT) en Alemania, y a su directora Petra Cruz, la cual se llev\u00f3 a cabo en la Iglesia \u00abInterational Church Rhein-Main\u00bb de la ciudad de R\u00fcsselsheim.<\/span><\/p>\n<p><span class=\"text1noticias\"> <\/span><\/p>\n<p><span class=\"text1noticias\">ACUDA le concedi\u00f3 la investidura a Petra Cruz, como \u00abPrecursora del Patrimonio Cultural Dominicano en Europa\u00bb, por su labor inconmensurable, dedicaci\u00f3n y esmero en representar y promover la cultura quisqueyana en la sociedad alemana y europea.<\/span><\/p>\n<p><span class=\"text1noticias\"> <\/span><\/p>\n<p><span class=\"text1noticias\">Asimismo se design\u00f3 a la OPT como \u00abMiembro Honor\u00edfico\u00bb de la Asociaci\u00f3n Cultural Dominico-Alemana, como ente catalizador en la promoci\u00f3n del turismo de la Rep\u00fablica Dominicana en Alemania, Suiza, Austria.<\/span><\/p>\n<p><span class=\"text1noticias\"> <\/span><\/p>\n<p><span class=\"text1noticias\">En tanto que Cruz, agradeci\u00f3 a ACUDA su gran labor por difundir la cultura dominicana en Alemania, resaltando la cohesi\u00f3n que existe entre cultura y turismo.<\/span><\/p>\n<p><span class=\"text1noticias\"> <\/span><\/p>\n<p><span class=\"text1noticias\">Igualmente, la directora para Europa y Alemania, inform\u00f3 que 248 mil turistas alemanes visitaron el pa\u00eds, en el 2015, lo que supone un incremento del 7,8% respecto al 2014.<\/span><\/p>\n<p><span class=\"text1noticias\"> <\/span><\/p>\n<p><span class=\"text1noticias\">Tambi\u00e9n opin\u00f3 inform\u00f3 que la meta presidencial de alcanzar los 10 millones de turistas hasta el 2022, se lograr\u00e1 antes de lo previsto, ya que el Ministerio de Turismo, encabezado por el Francisco Javier Garc\u00eda, est\u00e1 implementado las estrategias y realizando el trabajo que garantiza dicho objetivo.<\/span><\/p>\n<p><span class=\"text1noticias\"> <\/span><\/p>\n<p><span class=\"text1noticias\">La International Church Rhein-Main, es un n\u00facleo importante en la di\u00e1spora dominicana por su componente socializador y de integraci\u00f3n de la dominicanidad, en la sociedad y cultura alemana, junto con otras naciones. <\/span><\/p>\n<h6> 2016-04-14 18:19:24 <\/h6>\n<p><!--\n<link rel=\"stylesheet\" href=\"css\/bootstrap.min.css\">\n\n\n<ul class=\"pagination\">\n\t    \n\t\n\n<li >\n\t<a href='?page_no=13226'>Previous<\/a>\n\t<\/li>\n\n\n       \n    \n\n<li><a href='?page_no=1'>1<\/a><\/li>\n\n\n\n<li><a href='?page_no=2'>2<\/a><\/li>\n\n\n\n<li><a>...<\/a><\/li>\n\n\n\n<li><a href='?page_no=13225'>13225<\/a><\/li>\n\n\n\n<li><a href='?page_no=13226'>13226<\/a><\/li>\n\n\n\n<li class='active'><a>13227<\/a><\/li>\n\n\n\n<li><a href='?page_no=13228'>13228<\/a><\/li>\n\n\n\n<li><a href='?page_no=13229'>13229<\/a><\/li>\n\n\n\n<li><a>...<\/a><\/li>\n\n\n\n<li><a href='?page_no=56169'>56169<\/a><\/li>\n\n\n\n<li><a href='?page_no=56170'>56170<\/a><\/li>\n\n    \n\t\n\n<li >\n\t<a href='?page_no=13228'>Next<\/a>\n\t<\/li>\n\n\n    \n\n<li><a href='?page_no=56170'>Last &rsaquo;&rsaquo;<\/a><\/li>\n\n<\/ul>\n\n\n--><br \/>\n<\/body><\/p>\n","protected":false},"excerpt":{"rendered":"<p>FRANCFORT, Alemania, 14 de abril.- La Asociaci\u00f3n Cultural Dominico-Alemana (ACUDA), otorg\u00f3 un reconocimiento a la Oficina de Promoci\u00f3n Tur\u00edstica (OPT) en Alemania, y a su directora Petra Cruz, la cual se llev\u00f3 a cabo en la Iglesia \u00abInterational Church Rhein-Main\u00bb de la ciudad de R\u00fcsselsheim. ACUDA le concedi\u00f3 la investidura a Petra Cruz, como \u00abPrecursora [&hellip;]<\/p>\n","protected":false},"author":3,"featured_media":0,"comment_status":"open","ping_status":"open","sticky":false,"template":"","format":"standard","meta":{"footnotes":""},"categories":[20],"tags":[],"class_list":["post-218846","post","type-post","status-publish","format-standard","hentry","category-dominicana-hoy"],"_links":{"self":[{"href":"https:\/\/diariodominicano.com\/index.php?rest_route=\/wp\/v2\/posts\/218846","targetHints":{"allow":["GET"]}}],"collection":[{"href":"https:\/\/diariodominicano.com\/index.php?rest_route=\/wp\/v2\/posts"}],"about":[{"href":"https:\/\/diariodominicano.com\/index.php?rest_route=\/wp\/v2\/types\/post"}],"author":[{"embeddable":true,"href":"https:\/\/diariodominicano.com\/index.php?rest_route=\/wp\/v2\/users\/3"}],"replies":[{"embeddable":true,"href":"https:\/\/diariodominicano.com\/index.php?rest_route=%2Fwp%2Fv2%2Fcomments&post=218846"}],"version-history":[{"count":0,"href":"https:\/\/diariodominicano.com\/index.php?rest_route=\/wp\/v2\/posts\/218846\/revisions"}],"wp:attachment":[{"href":"https:\/\/diariodominicano.com\/index.php?rest_route=%2Fwp%2Fv2%2Fmedia&parent=218846"}],"wp:term":[{"taxonomy":"category","embeddable":true,"href":"https:\/\/diariodominicano.com\/index.php?rest_route=%2Fwp%2Fv2%2Fcategories&post=218846"},{"taxonomy":"post_tag","embeddable":true,"href":"https:\/\/diariodominicano.com\/index.php?rest_route=%2Fwp%2Fv2%2Ftags&post=218846"}],"curies":[{"name":"wp","href":"https:\/\/api.w.org\/{rel}","templated":true}]}}