{"id":218844,"date":"2016-04-15T08:06:11","date_gmt":"2016-04-15T08:06:11","guid":{"rendered":"http:\/\/diariodominicano.ddns.net\/?p=218844"},"modified":"2016-04-15T08:06:11","modified_gmt":"2016-04-15T08:06:11","slug":"inicio-dialogo-gobierno-cmd-acuerdan-agenda-ocho-temas","status":"publish","type":"post","link":"https:\/\/diariodominicano.com\/?p=218844","title":{"rendered":"Inicio di\u00e1logo Gobierno-CMD; acuerdan agenda ocho temas"},"content":{"rendered":"<p><body><\/p>\n<p><img decoding=\"async\" src=\"img3\/Medicos8.jpg\" \/>  <\/p>\n<p><span class=\"text1noticias\">Santo Domingo, R. D., 15 de abril.-  El Gobierno y los gremios del sector salud acordaron el jueves  en la Universidad Cat\u00f3lica de Santo Domingo discutir en las siguientes semanas una agenda de ocho puntos, inform\u00f3 el ministro de la Presidencia, Gustavo Montalvo, quien dijo que la primera sesi\u00f3n del di\u00e1logo concluyo con \u00e9xito.<\/span><\/p>\n<\/p>\n<p><span class=\"text1noticias\">\u00abFueron m\u00e1s de dos horas de trabajo, donde se consensuaron ocho temas como la hoja de ruta de una serie de reuniones que se realizar\u00e1n en las pr\u00f3ximas semanas\u00bb. <\/span><\/p>\n<\/p>\n<p><span class=\"text1noticias\">Montalvo dijo  que ambas partes mostraron una disposici\u00f3n abierta, constructiva y transparente, a la altura de las expectativas de la sociedad dominicana.<\/span><\/p>\n<\/p>\n<p><span class=\"text1noticias\">\u00abEn concreto, hemos logrado consensuar una agenda de ocho temas que ser\u00e1n, a partir de hoy, la hoja de ruta de este di\u00e1logo\u00bb.<\/span><\/p>\n<\/p>\n<p><span class=\"text1noticias\">De los ocho puntos a discutir, cuatro fueron propuestos por el ministro de la Presidencia, Gustavo Montalvo, en representaci\u00f3n del Gobierno, mientras que el presidente del Colegio M\u00e9dico Dominicano, Waldo Ariel Suero, en representaci\u00f3n de los gremios del sector salud, propuso los otros cuatro temas. <\/span><\/p>\n<\/p>\n<p><span class=\"text1noticias\">Los temas consensuados son pensiones y jubilaciones, consolidaci\u00f3n de la red \u00fanica de atenci\u00f3n de la salud, pol\u00edtica salarial y mejora en los servicios y condiciones de los hospitales p\u00fablicos.<\/span><\/p>\n<\/p>\n<p><span class=\"text1noticias\">Tambi\u00e9n, nombramiento de personal de salud, fortalecimiento del sistema de atenci\u00f3n primaria, p\u00fablico y privado; estudio de la propuesta de asignaci\u00f3n del 5% del PIB al sector salud y programas de financiamiento de viviendas para trabajadores del sector salud.<\/span><\/p>\n<\/p>\n<p><span class=\"text1noticias\">Montalvo inform\u00f3 que tambi\u00e9n se acord\u00f3 mantener una reuni\u00f3n semanal, donde se ir\u00e1n agotando los temas en el orden establecido en la agenda.<\/span><\/p>\n<\/p>\n<p><span class=\"text1noticias\">Para llevar a cabo estas negociaciones, las partes acordaron un protocolo que limita la representaci\u00f3n de los sectores a 10 personas. Ambos sectores se comprometieron a no ofrecer declaraciones p\u00fablicas que entorpezcan el proceso y los gremios de salud aceptaron no realizar actividades de presi\u00f3n mientras est\u00e9 vigente el di\u00e1logo.<\/span><\/p>\n<\/p>\n<p><span class=\"text1noticias\">\u00abLa sesi\u00f3n ha sido, por tanto, un excelente punto de partida para este proceso de di\u00e1logo; un proceso cuyo fin no es otro que mejorar la calidad del sector salud, tanto para el personal que trabaja en el mismo, como para el conjunto de la poblaci\u00f3n dominicana\u00bb.<\/span><\/p>\n<\/p>\n<p><span class=\"text1noticias\">Ambos sectores agradecieron la mediaci\u00f3n del rector de la Universidad Cat\u00f3lica de Santo Domingo (UCSD), sacerdote Jes\u00fas Castro, as\u00ed como la participaci\u00f3n de los m\u00e9dicos C\u00e9sar Mella, Jos\u00e9 Joaqu\u00edn Puello y Julio Casta\u00f1os, como integrantes de la comisi\u00f3n de testigos del proceso.<\/span><\/p>\n<\/p>\n<p><span class=\"text1noticias\">El  presidente del Colegio M\u00e9dico Dominicano (CMD), Waldo Ariel Suero, calific\u00f3 el encuentro de positivo, tras agregar que cada uno de los puntos de agenda fueron asumidos por ambas partes.<\/span><\/p>\n<\/p>\n<p><span class=\"text1noticias\">Inform\u00f3 que el pr\u00f3ximo jueves se producir\u00e1 un segundo encuentro para agotar puntos espec\u00edficos y buscar una salida definitiva a los temas de inter\u00e9s.<\/span><\/p>\n<\/p>\n<p><span class=\"text1noticias\">Waldo Ariel Suero llam\u00f3 a los distintos sectores para que tengan paciencia y prudencia, porque los procesos de di\u00e1logo se llevan su tiempo.<\/span><\/p>\n<\/p>\n<p><span class=\"text1noticias\">Expres\u00f3 que lo importante es que el Gobierno asumi\u00f3 las demandas de los gremios del sector y \u00abha considerado que nuestras demandas son prudentes de analizar y de buscar una salida que nos unifique\u00bb.<\/span><\/p>\n<\/p>\n<p><span class=\"text1noticias\">Durante di\u00e1logo no habr\u00e1 huelgas en los hospitales<\/span><\/p>\n<\/p>\n<p><span class=\"text1noticias\">Este proceso de di\u00e1logo pone fin a los llamados a paralizaciones que durante semanas mantuvo Waldo Ariel Suero, en representaci\u00f3n de los gremios del sector salud. El galeno dijo que mantiene una actitud positiva y llena de esperanzas por lo que entiende que no se pueden realizar huelgas durante el periodo de negociaci\u00f3n con las autoridades. Previo a este encuentro, el CMD hab\u00eda dejado sin efecto un paro de 72 horas, luego de un encuentro con la ministra de Salud, Altagracia Guzm\u00e1n Marcelino.<\/span><\/p>\n<\/p>\n<p><span class=\"text1noticias\">Los sectores estuvieron representados <\/span><\/p>\n<\/p>\n<p><span class=\"text1noticias\">El encuentro inici\u00f3 a las 5:20 de la tarde, con la presencia de los ministros de la Presidencia, Gustavo Montalvo, y de Salud, Altagracia Guzm\u00e1n Marcelino; el director Nacional de Salud, Ram\u00f3n Alvarado Mendoza; el presidente del CMD, Waldo Ariel Suero, y la presidenta de la Uni\u00f3n Nacional de Servicios de Enfermer\u00eda, Rafaela Figuereo. Igualmente, la presidenta de la Asociaci\u00f3n Nacional de Enfermer\u00eda, Francisca Peguero, y el mediador del di\u00e1logo, Jes\u00fas Castro Marte, rector de la Universidad Cat\u00f3lica de Santo Domingo, entre otros. <\/span><\/p>\n<\/p>\n<\/p>\n<p><span class=\"text1noticias\"> <\/span><\/p>\n<p><span class=\"text1noticias\">Los temas son los siguientes:<\/span><\/p>\n<p><span class=\"text1noticias\"> <\/span><\/p>\n<p><span class=\"text1noticias\">1)   Pensiones y jubilaciones<\/span><\/p>\n<p><span class=\"text1noticias\"> <\/span><\/p>\n<p><span class=\"text1noticias\">2)   Consolidaci\u00f3n de la Red \u00danica de atenci\u00f3n de salud.<\/span><\/p>\n<p><span class=\"text1noticias\"> <\/span><\/p>\n<p><span class=\"text1noticias\">3)   Pol\u00edtica Salarial.<\/span><\/p>\n<p><span class=\"text1noticias\"> <\/span><\/p>\n<p><span class=\"text1noticias\">4)   Mejora en servicios y condiciones de los hospitales p\u00fablicos.<\/span><\/p>\n<p><span class=\"text1noticias\"> <\/span><\/p>\n<p><span class=\"text1noticias\">5)   Nombramientos de personal de salud.<\/span><\/p>\n<p><span class=\"text1noticias\"> <\/span><\/p>\n<p><span class=\"text1noticias\">6)   Fortalecimiento del sistema de Atenci\u00f3n Primaria, p\u00fablico y privado.<\/span><\/p>\n<p><span class=\"text1noticias\"> <\/span><\/p>\n<p><span class=\"text1noticias\">7)   Estudio de la propuesta de asignaci\u00f3n del 5% del PIB al sector salud.<\/span><\/p>\n<p><span class=\"text1noticias\"> <\/span><\/p>\n<p><span class=\"text1noticias\">8)   Programas de financiamiento de viviendas para trabajadores del sector salud.<\/span><\/p>\n<p><span class=\"text1noticias\"> <\/span><\/p>\n<h6> 2016-04-15 08:06:11 <\/h6>\n<p><!--\n<link rel=\"stylesheet\" href=\"css\/bootstrap.min.css\">\n\n\n<ul class=\"pagination\">\n\t    \n\t\n\n<li >\n\t<a href='?page_no=13224'>Previous<\/a>\n\t<\/li>\n\n\n       \n    \n\n<li><a href='?page_no=1'>1<\/a><\/li>\n\n\n\n<li><a href='?page_no=2'>2<\/a><\/li>\n\n\n\n<li><a>...<\/a><\/li>\n\n\n\n<li><a href='?page_no=13223'>13223<\/a><\/li>\n\n\n\n<li><a href='?page_no=13224'>13224<\/a><\/li>\n\n\n\n<li class='active'><a>13225<\/a><\/li>\n\n\n\n<li><a href='?page_no=13226'>13226<\/a><\/li>\n\n\n\n<li><a href='?page_no=13227'>13227<\/a><\/li>\n\n\n\n<li><a>...<\/a><\/li>\n\n\n\n<li><a href='?page_no=56169'>56169<\/a><\/li>\n\n\n\n<li><a href='?page_no=56170'>56170<\/a><\/li>\n\n    \n\t\n\n<li >\n\t<a href='?page_no=13226'>Next<\/a>\n\t<\/li>\n\n\n    \n\n<li><a href='?page_no=56170'>Last &rsaquo;&rsaquo;<\/a><\/li>\n\n<\/ul>\n\n\n--><br \/>\n<\/body><\/p>\n","protected":false},"excerpt":{"rendered":"<p>Santo Domingo, R. D., 15 de abril.- El Gobierno y los gremios del sector salud acordaron el jueves en la Universidad Cat\u00f3lica de Santo Domingo discutir en las siguientes semanas una agenda de ocho puntos, inform\u00f3 el ministro de la Presidencia, Gustavo Montalvo, quien dijo que la primera sesi\u00f3n del di\u00e1logo concluyo con \u00e9xito. \u00abFueron [&hellip;]<\/p>\n","protected":false},"author":3,"featured_media":0,"comment_status":"open","ping_status":"open","sticky":false,"template":"","format":"standard","meta":{"footnotes":""},"categories":[20],"tags":[],"class_list":["post-218844","post","type-post","status-publish","format-standard","hentry","category-dominicana-hoy"],"_links":{"self":[{"href":"https:\/\/diariodominicano.com\/index.php?rest_route=\/wp\/v2\/posts\/218844","targetHints":{"allow":["GET"]}}],"collection":[{"href":"https:\/\/diariodominicano.com\/index.php?rest_route=\/wp\/v2\/posts"}],"about":[{"href":"https:\/\/diariodominicano.com\/index.php?rest_route=\/wp\/v2\/types\/post"}],"author":[{"embeddable":true,"href":"https:\/\/diariodominicano.com\/index.php?rest_route=\/wp\/v2\/users\/3"}],"replies":[{"embeddable":true,"href":"https:\/\/diariodominicano.com\/index.php?rest_route=%2Fwp%2Fv2%2Fcomments&post=218844"}],"version-history":[{"count":0,"href":"https:\/\/diariodominicano.com\/index.php?rest_route=\/wp\/v2\/posts\/218844\/revisions"}],"wp:attachment":[{"href":"https:\/\/diariodominicano.com\/index.php?rest_route=%2Fwp%2Fv2%2Fmedia&parent=218844"}],"wp:term":[{"taxonomy":"category","embeddable":true,"href":"https:\/\/diariodominicano.com\/index.php?rest_route=%2Fwp%2Fv2%2Fcategories&post=218844"},{"taxonomy":"post_tag","embeddable":true,"href":"https:\/\/diariodominicano.com\/index.php?rest_route=%2Fwp%2Fv2%2Ftags&post=218844"}],"curies":[{"name":"wp","href":"https:\/\/api.w.org\/{rel}","templated":true}]}}