{"id":218843,"date":"2016-04-15T12:22:29","date_gmt":"2016-04-15T12:22:29","guid":{"rendered":"http:\/\/diariodominicano.ddns.net\/?p=218843"},"modified":"2016-04-15T12:22:29","modified_gmt":"2016-04-15T12:22:29","slug":"danilo-medina-rechaza-que-la-campana-aumente-el-gasto-publico","status":"publish","type":"post","link":"https:\/\/diariodominicano.com\/?p=218843","title":{"rendered":"Danilo Medina rechaza que la campa\u00f1a aumente el gasto p\u00fablico"},"content":{"rendered":"<p><body><\/p>\n<p><img decoding=\"async\" src=\"img3\/bd7cb3b7cf13f0025eb2435cda7c1145_300x226.jpg\" \/>  <\/p>\n<p><span class=\"text1noticias\">Foto externa <\/span><\/p>\n<p><span class=\"text1noticias\">El presidente, Danilo Medina, particip\u00f3 el jueves en el desayuno del Conep. (Juan Alm\u00e1nzar)<\/span><\/p>\n<\/p>\n<p><strong><span class=\"text1noticias\">SANTO DOMINGO, RD, 15 de Abril de 2016.- <\/span><\/strong><span class=\"text1noticias\">El presidente de la Rep\u00fablica, Danilo Medina, rechaz\u00f3 el jueves que el proceso de campa\u00f1a electoral haya aumentado el gasto p\u00fablico, como denunciara la oposici\u00f3n.Medina explic\u00f3 que en el a\u00f1o 2014 el d\u00e9ficit primario fue de cero, en el 2015 fue de 0.3 y en el 2016 ser\u00e1 de 0.6%, por lo que las denuncias que se hacen acerca de que el gasto publicitario aumenta el gasto p\u00fablico, no se corresponden con la verdad.<\/span><\/p>\n<\/p>\n<p><span class=\"text1noticias\">\u00abComo he dicho, si estoy asegurando que tendr\u00edamos un balance primario de 0.6% positivo, superior en un 3% al a\u00f1o pasado, entonces no es verdad lo que dicen sobre el gasto p\u00fablico en la campa\u00f1a. Nosotros tenemos un compromiso con el Congreso Nacional de que el d\u00e9ficit no supere el 3.3 y el a\u00f1o pasado fue de 2%. As\u00ed que no hay tal gasto\u00bb, detall\u00f3 el tambi\u00e9n candidato presidencial por el Partido de la Liberaci\u00f3n Dominicana.<\/span><\/p>\n<\/p>\n<p><span class=\"text1noticias\">El Presidente entiende que la \u00fanica forma de que el pa\u00eds contin\u00fae endeud\u00e1ndose es \u00abtrabajar sobre un balance primario que supere el problema del pago de intereses y que amortice el capital de la deuda\u00bb, lo que piensa corregir con la firma del pacto fiscal.<\/span><\/p>\n<\/p>\n<p><span class=\"text1noticias\">El mandatario se mostr\u00f3 complacido por la invitaci\u00f3n que le hicieran los ejecutivos del Consejo de la Empresa Privada (Conep) y expres\u00f3 sorpresa por la supuesta similitud en los puntos de trabajo en la agenda empresarial y su propuesta de campa\u00f1a.<\/span><\/p>\n<\/p>\n<p><span class=\"text1noticias\">Resalt\u00f3 la necesidad de que el sector p\u00fablico y privado trabajen en conjunto para lograr el bienestar de los ciudadanos. \u00abAmbos tenemos el compromiso de una Rep\u00fablica Dominicana m\u00e1s pr\u00f3spera e incluyente. En eso estamos todos de acuerdo y, para que eso ocurra, tenemos que trabajar de la mano el sector privado y el sector p\u00fablico, lo cual ha sido el llamado hist\u00f3rico desde el Gobierno para establecer esa alianza que nos permita ofrecer oportunidades para la gente, para que nuestra gente pueda tener seguridad, seguro de salud, pensiones, trabajo digno y una salud de calidad\u00bb, agreg\u00f3 Medina.<\/span><\/p>\n<\/p>\n<p><span class=\"text1noticias\">Plante\u00f3 propuesta de gobierno <\/span><\/p>\n<\/p>\n<p><span class=\"text1noticias\">El candidato presidencial por el Partido de la Liberaci\u00f3n Dominicana (PLD) habl\u00f3 luego de la realizaci\u00f3n de una junta de directores ampliada en la sede del Conep, donde particip\u00f3 como invitado de cortes\u00eda para plantear a los empresarios los principales pilares de su plan de gobierno. Asimismo, pas\u00f3 balance de sus ejecutorias y respondi\u00f3 preguntas de la junta de directores de la entidad empresarial. Las preguntas que el sector privado hizo al mandatario giraron en torno a temas relacionados con el sistema de transporte, el sistema el\u00e9ctrico, el c\u00f3digo laboral, el sistema de seguridad social, el pacto fiscal, entre otras propuestas.<\/span><\/p>\n<\/p>\n<p><span class=\"text1noticias\">Medina asisti\u00f3 al encuentro acompa\u00f1ado de los ministros Jos\u00e9 Ram\u00f3n Peralta, Administrativo de la Presidencia; Jos\u00e9 Ram\u00f3n Fadul, de Interior y Polic\u00eda; Jos\u00e9 del Castillo Savi\u00f1\u00f3n, Industria y Comercio; Gustavo Montalvo, de la Presidencia; y de Hacienda, Sim\u00f3n Lizardo.<\/span><\/p>\n<\/p>\n<p><span class=\"text1noticias\">Blanco Canto present\u00f3 preocupaci\u00f3n a Medina<\/span><\/p>\n<\/p>\n<p><span class=\"text1noticias\">El presidente del Conep, Rafael Blanco Canto, asegur\u00f3 que present\u00f3 al presidente Danilo Medina su preocupaci\u00f3n sobre el endeudamiento externo y dijo que deben trabajar en conjunto para definir una nueva fiscalidad en el pa\u00eds. <\/span><\/p>\n<p><span class=\"text1noticias\">\u00abNosotros tenemos que trabajar juntos para definir una nueva fiscalidad en la Rep\u00fablica Dominicana, de manera tal, que a trav\u00e9s de la racionalizaci\u00f3n del gasto y del incremento de los ingresos del Gobierno se pueda crear un super\u00e1vit primario en la finanza gubernamental y disminuir la deuda\u00bb.<\/span><\/p>\n<p> <span class=\"text1noticias\">MAYELIN FRANCISCO\/elCaribe<\/span><\/p>\n<\/p>\n<\/p>\n<h6> 2016-04-15 12:22:29 <\/h6>\n<p><!--\n<link rel=\"stylesheet\" href=\"css\/bootstrap.min.css\">\n\n\n<ul class=\"pagination\">\n\t    \n\t\n\n<li >\n\t<a href='?page_no=13223'>Previous<\/a>\n\t<\/li>\n\n\n       \n    \n\n<li><a href='?page_no=1'>1<\/a><\/li>\n\n\n\n<li><a href='?page_no=2'>2<\/a><\/li>\n\n\n\n<li><a>...<\/a><\/li>\n\n\n\n<li><a href='?page_no=13222'>13222<\/a><\/li>\n\n\n\n<li><a href='?page_no=13223'>13223<\/a><\/li>\n\n\n\n<li class='active'><a>13224<\/a><\/li>\n\n\n\n<li><a href='?page_no=13225'>13225<\/a><\/li>\n\n\n\n<li><a href='?page_no=13226'>13226<\/a><\/li>\n\n\n\n<li><a>...<\/a><\/li>\n\n\n\n<li><a href='?page_no=56169'>56169<\/a><\/li>\n\n\n\n<li><a href='?page_no=56170'>56170<\/a><\/li>\n\n    \n\t\n\n<li >\n\t<a href='?page_no=13225'>Next<\/a>\n\t<\/li>\n\n\n    \n\n<li><a href='?page_no=56170'>Last &rsaquo;&rsaquo;<\/a><\/li>\n\n<\/ul>\n\n\n--><br \/>\n<\/body><\/p>\n","protected":false},"excerpt":{"rendered":"<p>Foto externa El presidente, Danilo Medina, particip\u00f3 el jueves en el desayuno del Conep. (Juan Alm\u00e1nzar) SANTO DOMINGO, RD, 15 de Abril de 2016.- El presidente de la Rep\u00fablica, Danilo Medina, rechaz\u00f3 el jueves que el proceso de campa\u00f1a electoral haya aumentado el gasto p\u00fablico, como denunciara la oposici\u00f3n.Medina explic\u00f3 que en el a\u00f1o 2014 [&hellip;]<\/p>\n","protected":false},"author":3,"featured_media":0,"comment_status":"open","ping_status":"open","sticky":false,"template":"","format":"standard","meta":{"footnotes":""},"categories":[20],"tags":[],"class_list":["post-218843","post","type-post","status-publish","format-standard","hentry","category-dominicana-hoy"],"_links":{"self":[{"href":"https:\/\/diariodominicano.com\/index.php?rest_route=\/wp\/v2\/posts\/218843","targetHints":{"allow":["GET"]}}],"collection":[{"href":"https:\/\/diariodominicano.com\/index.php?rest_route=\/wp\/v2\/posts"}],"about":[{"href":"https:\/\/diariodominicano.com\/index.php?rest_route=\/wp\/v2\/types\/post"}],"author":[{"embeddable":true,"href":"https:\/\/diariodominicano.com\/index.php?rest_route=\/wp\/v2\/users\/3"}],"replies":[{"embeddable":true,"href":"https:\/\/diariodominicano.com\/index.php?rest_route=%2Fwp%2Fv2%2Fcomments&post=218843"}],"version-history":[{"count":0,"href":"https:\/\/diariodominicano.com\/index.php?rest_route=\/wp\/v2\/posts\/218843\/revisions"}],"wp:attachment":[{"href":"https:\/\/diariodominicano.com\/index.php?rest_route=%2Fwp%2Fv2%2Fmedia&parent=218843"}],"wp:term":[{"taxonomy":"category","embeddable":true,"href":"https:\/\/diariodominicano.com\/index.php?rest_route=%2Fwp%2Fv2%2Fcategories&post=218843"},{"taxonomy":"post_tag","embeddable":true,"href":"https:\/\/diariodominicano.com\/index.php?rest_route=%2Fwp%2Fv2%2Ftags&post=218843"}],"curies":[{"name":"wp","href":"https:\/\/api.w.org\/{rel}","templated":true}]}}