{"id":218842,"date":"2016-04-15T13:45:40","date_gmt":"2016-04-15T13:45:40","guid":{"rendered":"http:\/\/diariodominicano.ddns.net\/?p=218842"},"modified":"2016-04-15T13:45:40","modified_gmt":"2016-04-15T13:45:40","slug":"ex-primer-ministro-haitiano-afirma-es-diaspora-que-sostiene-a-haiti","status":"publish","type":"post","link":"https:\/\/diariodominicano.com\/?p=218842","title":{"rendered":"Ex Primer Ministro haitiano afirma es Di\u00e1spora que sostiene a Hait\u00ed"},"content":{"rendered":"<p><body><\/p>\n<p><img decoding=\"async\" src=\"img3\/haiti0003.jpg\" \/>  <\/p>\n<p><strong>SANTO DOMINGO, 15 de Abril de 2016.- <\/strong>En una conferencia dirigida a universitarios haitianos en Rep\u00fablica Dominicana, el ex primer ministro Fritz Jean asegur\u00f3 que la di\u00e1spora es el principal sost\u00e9n de su pa\u00eds al se\u00f1alar que sus remesas son mucho m\u00e1s altas que las recetas fiscales y la ayuda al desarrollo a trav\u00e9s de la cooperaci\u00f3n internacional.<\/p>\n<\/p>\n<\/p>\n<p>El  economista indic\u00f3 que algunas investigaciones estiman a alrededor de dos mil millones los env\u00edos de dinero de los inmigrantes haitianos en el mundo incluyendo la Rep\u00fablica Dominicana clasificada en segunda posici\u00f3n tras los Estados Unidos tanto para las remesas como en el n\u00famero de inmigrantes.  \u00abLa Di\u00e1spora es quien sostiene realmente Hait\u00ed\u00bb.<\/p>\n<\/p>\n<\/p>\n<p>No obstante, se\u00f1al\u00f3 que buena parte de ese dinero se va o regresa a la Rep\u00fablica Dominicana en la importaci\u00f3n de bienes y servicios con una balanza altamente favorable a la econom\u00eda dominicana, destaca una nota informativa enviada a Diariodominicano.com por los organizadores de la actividad. <\/p>\n<\/p>\n<\/p>\n<p>Tambi\u00e9n abordo el tema de la veda terrestre de 23 productos dominicanos, situaci\u00f3n que a su parecer afecta a importadores y consumidores haitianos por lo cual \u00abuna alternativa equitativa debe ser buscada\u00bb.<\/p>\n<\/p>\n<\/p>\n<p>Al hacer una radiograf\u00eda de la situaci\u00f3n haitiana, tras su corto paso como jefe de gobierno, Jean manifest\u00f3 que \u00abHait\u00ed debe hacer un salto cualitativo a trav\u00e9s de la educaci\u00f3n y un nuevo modelo econ\u00f3mico\u00bb.  Indico que \u00ablas luchas internas que afectan la buena gobernabilidad son motivas por los grupos de intereses que buscan controlar el aparato estatal para fines econ\u00f3micos\u00bb.<\/p>\n<\/p>\n<\/p>\n<p>Exhort\u00f3 los j\u00f3venes haitianos que se preparan ac\u00e1, quienes  estim\u00f3 en unos 14,000 a mantener la esperanza en una ma\u00f1ana mejor donde serian los protagonistas.<\/p>\n<\/p>\n<\/p>\n<p>Su ponencia form\u00f3 parte de una serie de actividades de la semana de la di\u00e1spora organizada en el pa\u00eds por la Fundaci\u00f3n Zile, entidad binacional de promoci\u00f3n de la paz y la solidaridad entre Hait\u00ed y Rep\u00fablica Dominicana.<\/p>\n<\/p>\n<h6> 2016-04-15 13:45:40 <\/h6>\n<p><!--\n<link rel=\"stylesheet\" href=\"css\/bootstrap.min.css\">\n\n\n<ul class=\"pagination\">\n\t    \n\t\n\n<li >\n\t<a href='?page_no=13222'>Previous<\/a>\n\t<\/li>\n\n\n       \n    \n\n<li><a href='?page_no=1'>1<\/a><\/li>\n\n\n\n<li><a href='?page_no=2'>2<\/a><\/li>\n\n\n\n<li><a>...<\/a><\/li>\n\n\n\n<li><a href='?page_no=13221'>13221<\/a><\/li>\n\n\n\n<li><a href='?page_no=13222'>13222<\/a><\/li>\n\n\n\n<li class='active'><a>13223<\/a><\/li>\n\n\n\n<li><a href='?page_no=13224'>13224<\/a><\/li>\n\n\n\n<li><a href='?page_no=13225'>13225<\/a><\/li>\n\n\n\n<li><a>...<\/a><\/li>\n\n\n\n<li><a href='?page_no=56169'>56169<\/a><\/li>\n\n\n\n<li><a href='?page_no=56170'>56170<\/a><\/li>\n\n    \n\t\n\n<li >\n\t<a href='?page_no=13224'>Next<\/a>\n\t<\/li>\n\n\n    \n\n<li><a href='?page_no=56170'>Last &rsaquo;&rsaquo;<\/a><\/li>\n\n<\/ul>\n\n\n--><br \/>\n<\/body><\/p>\n","protected":false},"excerpt":{"rendered":"<p>SANTO DOMINGO, 15 de Abril de 2016.- En una conferencia dirigida a universitarios haitianos en Rep\u00fablica Dominicana, el ex primer ministro Fritz Jean asegur\u00f3 que la di\u00e1spora es el principal sost\u00e9n de su pa\u00eds al se\u00f1alar que sus remesas son mucho m\u00e1s altas que las recetas fiscales y la ayuda al desarrollo a trav\u00e9s de [&hellip;]<\/p>\n","protected":false},"author":3,"featured_media":0,"comment_status":"open","ping_status":"open","sticky":false,"template":"","format":"standard","meta":{"footnotes":""},"categories":[20],"tags":[],"class_list":["post-218842","post","type-post","status-publish","format-standard","hentry","category-dominicana-hoy"],"_links":{"self":[{"href":"https:\/\/diariodominicano.com\/index.php?rest_route=\/wp\/v2\/posts\/218842","targetHints":{"allow":["GET"]}}],"collection":[{"href":"https:\/\/diariodominicano.com\/index.php?rest_route=\/wp\/v2\/posts"}],"about":[{"href":"https:\/\/diariodominicano.com\/index.php?rest_route=\/wp\/v2\/types\/post"}],"author":[{"embeddable":true,"href":"https:\/\/diariodominicano.com\/index.php?rest_route=\/wp\/v2\/users\/3"}],"replies":[{"embeddable":true,"href":"https:\/\/diariodominicano.com\/index.php?rest_route=%2Fwp%2Fv2%2Fcomments&post=218842"}],"version-history":[{"count":0,"href":"https:\/\/diariodominicano.com\/index.php?rest_route=\/wp\/v2\/posts\/218842\/revisions"}],"wp:attachment":[{"href":"https:\/\/diariodominicano.com\/index.php?rest_route=%2Fwp%2Fv2%2Fmedia&parent=218842"}],"wp:term":[{"taxonomy":"category","embeddable":true,"href":"https:\/\/diariodominicano.com\/index.php?rest_route=%2Fwp%2Fv2%2Fcategories&post=218842"},{"taxonomy":"post_tag","embeddable":true,"href":"https:\/\/diariodominicano.com\/index.php?rest_route=%2Fwp%2Fv2%2Ftags&post=218842"}],"curies":[{"name":"wp","href":"https:\/\/api.w.org\/{rel}","templated":true}]}}