{"id":218841,"date":"2016-04-15T14:24:56","date_gmt":"2016-04-15T14:24:56","guid":{"rendered":"http:\/\/diariodominicano.ddns.net\/?p=218841"},"modified":"2016-04-15T14:24:56","modified_gmt":"2016-04-15T14:24:56","slug":"sociedad-dominicana-de-pediatria-muertes-por-guillain-barre-podrian-evitarse","status":"publish","type":"post","link":"https:\/\/diariodominicano.com\/?p=218841","title":{"rendered":"Sociedad Dominicana de Pediatr\u00eda: Muertes por Guillain Barre podr\u00edan evitarse"},"content":{"rendered":"<p><body><\/p>\n<p><img decoding=\"async\" src=\"img3\/sandra.jpg\" \/>  <\/p>\n<p><strong>SANTO DOMINGO, RD, 15 de Abril de 2016.- <\/strong>Los casos de pacientes con Guillain Barre no se pueden tratar en cualquier centro de salud, sino en los que cuentan con unidades de cuidados intensivos y con especialistas m\u00e9dicos de varias disciplinas que intervienen en el tratamiento.<\/p>\n<p>Son las consideraciones de la presidenta de la Sociedad Dominicana de Pediatr\u00eda, doctora Sandra Orsini, quien resalt\u00f3 que un paciente con ese s\u00edndrome puede presentar fallas respiratorias, circulatorias y cerebrales, y necesitan asistencia en la nutrici\u00f3n, que son todos elementos presentes en una unidad de cuidados intensivos.<\/p>\n<p>Afirm\u00f3 que el s\u00edndrome de Guillain Barre no es una condici\u00f3n exclusiva del virus del zika, sino  una condici\u00f3n secundaria a varios tipos de virus y que suele presentarse una o dos semanas despu\u00e9s de la fase aguda del virus.<\/p>\n<p>\u00abEs de esperarse que aumente el n\u00famero de casos ya que el pa\u00eds est\u00e1 en la etapa epid\u00e9mica del virus del zika\u00bb, alert\u00f3.<\/p>\n<p>Refiri\u00f3 que las gu\u00edas de manejo para ese s\u00edndrome est\u00e1n claras y si los pacientes se mueren es porque hay un fallo en alg\u00fan momento de la cadena del servicio de salud, o por tener otras enfermedades que hacen m\u00e1s vulnerables a los pacientes.<\/p>\n<p>\u00abSi se diagnostica y se da un manejo oportuno, no deber\u00edan haber muertes por el s\u00edndrome, a menos que existan comorbilidades, que aumentan el riesgo\u00bb, enfatiz\u00f3 la especialista al hablar en un desayuno conferencia de la Sociedad Dominicana de Pediatr\u00eda celebrado este martes en la capital.<\/p>\n<p>El s\u00edndrome de Guillain Barre se manifiesta con s\u00edntomas como debilidad del cuerpo que va en aumento, y existen datos que lo relacionan con mielitis y encefalitis, inflamaciones y afecciones del enc\u00e9falo y la m\u00e9dula.<\/p>\n<p>Dijo que las personas con mayor riesgo de mortalidad si les da Guillain Barre son los diab\u00e9ticos, falc\u00e9micos y cardi\u00f3patas.<\/p>\n<p>Record\u00f3 que el tratamiento de primera mano es la inmunoglobulina, medicamento disponible en el pa\u00eds, que aunque costoso, es cubierto por las Aseguradoras de Riesgo de Salud (ARS) y el Gobierno.<\/p>\n<h6> 2016-04-15 14:24:56 <\/h6>\n<p><!--\n<link rel=\"stylesheet\" href=\"css\/bootstrap.min.css\">\n\n\n<ul class=\"pagination\">\n\t    \n\t\n\n<li >\n\t<a href='?page_no=13221'>Previous<\/a>\n\t<\/li>\n\n\n       \n    \n\n<li><a href='?page_no=1'>1<\/a><\/li>\n\n\n\n<li><a href='?page_no=2'>2<\/a><\/li>\n\n\n\n<li><a>...<\/a><\/li>\n\n\n\n<li><a href='?page_no=13220'>13220<\/a><\/li>\n\n\n\n<li><a href='?page_no=13221'>13221<\/a><\/li>\n\n\n\n<li class='active'><a>13222<\/a><\/li>\n\n\n\n<li><a href='?page_no=13223'>13223<\/a><\/li>\n\n\n\n<li><a href='?page_no=13224'>13224<\/a><\/li>\n\n\n\n<li><a>...<\/a><\/li>\n\n\n\n<li><a href='?page_no=56169'>56169<\/a><\/li>\n\n\n\n<li><a href='?page_no=56170'>56170<\/a><\/li>\n\n    \n\t\n\n<li >\n\t<a href='?page_no=13223'>Next<\/a>\n\t<\/li>\n\n\n    \n\n<li><a href='?page_no=56170'>Last &rsaquo;&rsaquo;<\/a><\/li>\n\n<\/ul>\n\n\n--><br \/>\n<\/body><\/p>\n","protected":false},"excerpt":{"rendered":"<p>SANTO DOMINGO, RD, 15 de Abril de 2016.- Los casos de pacientes con Guillain Barre no se pueden tratar en cualquier centro de salud, sino en los que cuentan con unidades de cuidados intensivos y con especialistas m\u00e9dicos de varias disciplinas que intervienen en el tratamiento. Son las consideraciones de la presidenta de la Sociedad [&hellip;]<\/p>\n","protected":false},"author":3,"featured_media":0,"comment_status":"open","ping_status":"open","sticky":false,"template":"","format":"standard","meta":{"footnotes":""},"categories":[20],"tags":[],"class_list":["post-218841","post","type-post","status-publish","format-standard","hentry","category-dominicana-hoy"],"_links":{"self":[{"href":"https:\/\/diariodominicano.com\/index.php?rest_route=\/wp\/v2\/posts\/218841","targetHints":{"allow":["GET"]}}],"collection":[{"href":"https:\/\/diariodominicano.com\/index.php?rest_route=\/wp\/v2\/posts"}],"about":[{"href":"https:\/\/diariodominicano.com\/index.php?rest_route=\/wp\/v2\/types\/post"}],"author":[{"embeddable":true,"href":"https:\/\/diariodominicano.com\/index.php?rest_route=\/wp\/v2\/users\/3"}],"replies":[{"embeddable":true,"href":"https:\/\/diariodominicano.com\/index.php?rest_route=%2Fwp%2Fv2%2Fcomments&post=218841"}],"version-history":[{"count":0,"href":"https:\/\/diariodominicano.com\/index.php?rest_route=\/wp\/v2\/posts\/218841\/revisions"}],"wp:attachment":[{"href":"https:\/\/diariodominicano.com\/index.php?rest_route=%2Fwp%2Fv2%2Fmedia&parent=218841"}],"wp:term":[{"taxonomy":"category","embeddable":true,"href":"https:\/\/diariodominicano.com\/index.php?rest_route=%2Fwp%2Fv2%2Fcategories&post=218841"},{"taxonomy":"post_tag","embeddable":true,"href":"https:\/\/diariodominicano.com\/index.php?rest_route=%2Fwp%2Fv2%2Ftags&post=218841"}],"curies":[{"name":"wp","href":"https:\/\/api.w.org\/{rel}","templated":true}]}}