{"id":218839,"date":"2016-04-15T15:59:23","date_gmt":"2016-04-15T15:59:23","guid":{"rendered":"http:\/\/diariodominicano.ddns.net\/?p=218839"},"modified":"2016-04-15T15:59:23","modified_gmt":"2016-04-15T15:59:23","slug":"considera-se-debe-continuar-esfuerzos-para-reducir-tramites-burocraticos","status":"publish","type":"post","link":"https:\/\/diariodominicano.com\/?p=218839","title":{"rendered":"Considera se debe continuar esfuerzos para reducir tr\u00e1mites burocr\u00e1ticos"},"content":{"rendered":"<p><body><\/p>\n<p><img decoding=\"async\" src=\"img3\/Foto Camejo 7.jpg\" \/>  <\/p>\n<p><span class=\"text1noticias\">Santiago, R. D., 15 de abril.- El ministro de Administraci\u00f3n P\u00fablica, Ram\u00f3n Ventura Camejo, consider\u00f3 que hay que continuar con los esfuerzos para reducir los tr\u00e1mites burocr\u00e1ticos en el sector p\u00fablico y facilitarles a los ciudadanos servicios con m\u00e1s eficientes, preocupaci\u00f3n que motiv\u00f3 la creaci\u00f3n del Premio Provincial a la Calidad de Santiago, un proyecto piloto que el funcionario espera que sea asumido por otras comunidades para bien de la naci\u00f3n.<\/span><\/p>\n<p><span class=\"text1noticias\">  <\/span><\/p>\n<p><span class=\"text1noticias\">El ministro dijo que se trabaja para darle soluciones a tres problemas fundamentales, como son  el saber con cu\u00e1ntos empleados cuenta el Estado, d\u00f3nde est\u00e1n ubicados y qui\u00e9nes son. Indic\u00f3 que en eso trabaja el Sistema de Administraci\u00f3n de Servidores P\u00fablicos (SASP). Agreg\u00f3  que se trata de  una innovaci\u00f3n que todav\u00eda abarca al Gobierno Central, pero se trabaja para ser puesto en pr\u00e1ctica en las instituciones descentralizadas, aut\u00f3nomas del Estado  y los Ayuntamientos. <\/span><\/p>\n<p><span class=\"text1noticias\"> <\/span><\/p>\n<p><span class=\"text1noticias\">Tambi\u00e9n dijo que se trabaja en un programa llamado Sistema de Monitoreo de la Administraci\u00f3n P\u00fablica (SISMAP). Afirm\u00f3 que ese programa permite tener el control de c\u00f3mo marchan las instituciones del Estado  y acceso a los ciudadanos para conocer el avance de cada una de ellas. Inform\u00f3  que  se trabaja en combinaci\u00f3n con el Ministerio de la Presidencia y en coordinaci\u00f3n con las entidades municipales,  para la aplicaci\u00f3n  del SISMAP Municipal. <\/span><\/p>\n<p><span class=\"text1noticias\"> <\/span><\/p>\n<p><span class=\"text1noticias\">El ministro del Ministerio de Administraci\u00f3n P\u00fablica (MAP) habl\u00f3 en el desarrollo del Seminario Buenas Pr\u00e1cticas de Gobierno,  desarrollado en la Pontificia Universidad Cat\u00f3lica Maestra y Maestra (PUCMM), con la presencia de la viceministra de la Presidencia de la Rep\u00fablica, Soraima Cuello, el viceministro del Ministerio de Educaci\u00f3n, V\u00edctor S\u00e1nchez, y Mar\u00eda del Pilar Garc\u00eda Gonz\u00e1lez, directora de Gesti\u00f3n y Desempe\u00f1o Institucional de Colombia, seg\u00fan lo informado por el periodista Lu\u00eds C\u00e9spedes Pe\u00f1a.   <\/span><\/p>\n<p><span class=\"text1noticias\"> <\/span><\/p>\n<p><span class=\"text1noticias\">Tambi\u00e9n del secretario general del Centro Latinoamericano de Administraci\u00f3n para el Desarrollo (CLAD), Gregorio Montero, Leonardo Espinosa, subsecretario de Informaci\u00f3n de la Secretar\u00eda Nacional de Planificaci\u00f3n de Ecuador, Domingo Molina Moscoso, director de la Divisi\u00f3n Tecnolog\u00eda de la Informaci\u00f3n  y Comunicaciones  de la Secretar\u00eda de Estado de Administraciones  Publicas de Espa\u00f1a, Conrado Morillo, del MAP, y Joohny And\u00fajar, tambi\u00e9n de la misma instituci\u00f3n. <\/span><\/p>\n<p><span class=\"text1noticias\"> <\/span><\/p>\n<p><span class=\"text1noticias\">Otros expositores fueron Jos\u00e9 Mej\u00eda, del MAP,  Hilda Savi\u00f1\u00f3n,  de la misma entidad, Manuel Parra, y otros. Estuvieron presentes los viceministros Pedro Nina, Donatila Germ\u00e1n y Julio Canelo. Tambi\u00e9n estuvo el director del Hospital Jos\u00e9 Mar\u00eda Cabral y B\u00e1ez, Ernesto Rodr\u00edguez, Sa\u00fal Abr\u00e9u, presidente de la Asociaci\u00f3n para el Desarrollo Incorporada (APEDI), y otras personalidades. B\u00e9lgica Almonte, funcionaria del MAP, tuvo a cargo la organizaci\u00f3n del evento.   <\/span><\/p>\n<p><span class=\"text1noticias\">  <\/span><\/p>\n<p><span class=\"text1noticias\">El ministro Ventura Camejo dijo que hace tres a\u00f1os  el MAP firm\u00f3 algunos acuerdos con los sectores empresarial y la sociedad civil de Santiago,  con la finalidad de desarrollar la idea-fuerza para convertir la provincia  en las de los mejores servicios p\u00fablicos de Am\u00e9rica Central y el Caribe. Destac\u00f3  que esa idea les fue comunicada a los pa\u00edses que integran la regi\u00f3n. <\/span><\/p>\n<p><span class=\"text1noticias\"> <\/span><\/p>\n<p><span class=\"text1noticias\">El funcionario manifest\u00f3 que ese proyecto forma parte del esp\u00edritu competitivo de los santiagueros. Inform\u00f3 que para eso se est\u00e1 desarrollando un conjunto de acciones, como es el caso del Premio Provincial a la Calidad para el Sector P\u00fablico de Santiago, que ya entra en su tercera versi\u00f3n.<\/span><\/p>\n<p><span class=\"text1noticias\">  <\/span><\/p>\n<p><span class=\"text1noticias\">Afirm\u00f3 que la idea es la de trabajar por un modelo de excelencia, que tiene como objetivo el obtener una nueva cultura de calidad. Precis\u00f3 que eso permite hacer visibles los esfuerzos, aplicando diagn\u00f3sticos anuales sobre la base de la buena pr\u00e1ctica y hacer planes de mejoras continuas. <\/span><\/p>\n<p><span class=\"text1noticias\"> <\/span><\/p>\n<p><span class=\"text1noticias\">Tambi\u00e9n habl\u00f3 de los planes estrat\u00e9gicos para la formaci\u00f3n del personal. Dijo que con esos fines se est\u00e1n desarrollando tres maestr\u00edas con las Universidades Cat\u00f3lica Madre y Maestra, Tecnol\u00f3gica de Santiago y Aut\u00f3noma de Santo Domingo, Recinto Santiago. Dijo que se trabaja en la formaci\u00f3n de los altos directivos p\u00fablicos de la provincia. <\/span><\/p>\n<p><span class=\"text1noticias\"> <\/span><\/p>\n<p><span class=\"text1noticias\">Explic\u00f3 que la Escuela Nacional de Administraci\u00f3n (ENA), de Francia, y la PUCMM desarrollan una de esas maestr\u00edas. Con la UTESA y la Universidad de Salamanca (Espa\u00f1a), se est\u00e1 desarrollando una maestr\u00eda en Gobierno y Administraci\u00f3n P\u00fablica. Con la UASD y la Uni\u00f3n de Municipalidades Iberoamericanas, se desarrolla otra maestr\u00eda en Gesti\u00f3n Local, la cual tambi\u00e9n se comparte con la Universidad de Granada. <\/span><\/p>\n<p><span class=\"text1noticias\"> <\/span><\/p>\n<p><span class=\"text1noticias\">Explic\u00f3 que tambi\u00e9n se trabaja con la Asociaci\u00f3n para el Desarrollo (APEDI), instituci\u00f3n responsable de parte del progreso de la zona, pero que abarca el \u00e1mbito nacional con la formaci\u00f3n de una serie de instituciones. La PUCMM sali\u00f3 de los proyectos de la APEDI. Destac\u00f3 la importancia de fortalecer el liderazgo para el desarrollo de los planes estrat\u00e9gicos. <\/span><\/p>\n<p><span class=\"text1noticias\"> <\/span><\/p>\n<p><span class=\"text1noticias\">Dijo que en virtud de la gran cantidad de personas que est\u00e1 visitando la Direcci\u00f3n de Pasaportes en Santiago, que rompi\u00f3 los par\u00e1metros, se est\u00e1 buscando la forma de c\u00f3mo disminuir los tr\u00e1mites.<\/span><\/p>\n<p><span class=\"text1noticias\"> <\/span><\/p>\n<p><span class=\"text1noticias\">Asegur\u00f3 que en el Edificio de Oficinas P\u00fablicas Presidente Antonio Guzm\u00e1n Fern\u00e1ndez, se est\u00e1 desarrollando un proyecto para la instalaci\u00f3n de una Ventanilla \u00danica, con la finalidad de disminuir los tr\u00e1mites, reducir los costos y el tiempo a favor de las personas que requieran de servicios m\u00e1s eficientes. Explic\u00f3 que Santiago tiene mucho liderazgo, citando sus batallas por la Independencia Nacional, la Restauraci\u00f3n y otras. <\/span><\/p>\n<p><span class=\"text1noticias\"> <\/span><\/p>\n<p><span class=\"text1noticias\">Precis\u00f3 que se discuti\u00f3 con el ministro de la Presidencia, Gustavo Montalvo, el desarrollo de ese evento, donde tambi\u00e9n se aprob\u00f3 invitar a algunos funcionarios de Am\u00e9rica Central, Espa\u00f1a y otros pa\u00edses, con la finalidad de intercambiar sobre buenas pr\u00e1cticas de los gobiernos. En esa reuni\u00f3n tambi\u00e9n particip\u00f3 la viceministra de la Presidencia, Soraima Cuello.   <\/span><\/p>\n<p><span class=\"text1noticias\"> <\/span><\/p>\n<p><span class=\"text1noticias\">Destac\u00f3 la importancia que tienen para el pa\u00eds las visitas sorpresas del Presidente Danilo Medina, la cuales favorecen a campesinos, medianos y peque\u00f1os empresariados. Tambi\u00e9n a mujeres emprendedoras y otros sectores. Habl\u00f3 del apoyo que recibe la administraci\u00f3n p\u00fablica de parte del Presidente Medina, para que se contin\u00fae con los esfuerzos de darle al pa\u00eds servicios p\u00fablicos con calidad.   <\/span><\/p>\n<h6> 2016-04-15 15:59:23 <\/h6>\n<p><!--\n<link rel=\"stylesheet\" href=\"css\/bootstrap.min.css\">\n\n\n<ul class=\"pagination\">\n\t    \n\t\n\n<li >\n\t<a href='?page_no=13219'>Previous<\/a>\n\t<\/li>\n\n\n       \n    \n\n<li><a href='?page_no=1'>1<\/a><\/li>\n\n\n\n<li><a href='?page_no=2'>2<\/a><\/li>\n\n\n\n<li><a>...<\/a><\/li>\n\n\n\n<li><a href='?page_no=13218'>13218<\/a><\/li>\n\n\n\n<li><a href='?page_no=13219'>13219<\/a><\/li>\n\n\n\n<li class='active'><a>13220<\/a><\/li>\n\n\n\n<li><a href='?page_no=13221'>13221<\/a><\/li>\n\n\n\n<li><a href='?page_no=13222'>13222<\/a><\/li>\n\n\n\n<li><a>...<\/a><\/li>\n\n\n\n<li><a href='?page_no=56169'>56169<\/a><\/li>\n\n\n\n<li><a href='?page_no=56170'>56170<\/a><\/li>\n\n    \n\t\n\n<li >\n\t<a href='?page_no=13221'>Next<\/a>\n\t<\/li>\n\n\n    \n\n<li><a href='?page_no=56170'>Last &rsaquo;&rsaquo;<\/a><\/li>\n\n<\/ul>\n\n\n--><br \/>\n<\/body><\/p>\n","protected":false},"excerpt":{"rendered":"<p>Santiago, R. D., 15 de abril.- El ministro de Administraci\u00f3n P\u00fablica, Ram\u00f3n Ventura Camejo, consider\u00f3 que hay que continuar con los esfuerzos para reducir los tr\u00e1mites burocr\u00e1ticos en el sector p\u00fablico y facilitarles a los ciudadanos servicios con m\u00e1s eficientes, preocupaci\u00f3n que motiv\u00f3 la creaci\u00f3n del Premio Provincial a la Calidad de Santiago, un proyecto [&hellip;]<\/p>\n","protected":false},"author":3,"featured_media":0,"comment_status":"open","ping_status":"open","sticky":false,"template":"","format":"standard","meta":{"footnotes":""},"categories":[20],"tags":[],"class_list":["post-218839","post","type-post","status-publish","format-standard","hentry","category-dominicana-hoy"],"_links":{"self":[{"href":"https:\/\/diariodominicano.com\/index.php?rest_route=\/wp\/v2\/posts\/218839","targetHints":{"allow":["GET"]}}],"collection":[{"href":"https:\/\/diariodominicano.com\/index.php?rest_route=\/wp\/v2\/posts"}],"about":[{"href":"https:\/\/diariodominicano.com\/index.php?rest_route=\/wp\/v2\/types\/post"}],"author":[{"embeddable":true,"href":"https:\/\/diariodominicano.com\/index.php?rest_route=\/wp\/v2\/users\/3"}],"replies":[{"embeddable":true,"href":"https:\/\/diariodominicano.com\/index.php?rest_route=%2Fwp%2Fv2%2Fcomments&post=218839"}],"version-history":[{"count":0,"href":"https:\/\/diariodominicano.com\/index.php?rest_route=\/wp\/v2\/posts\/218839\/revisions"}],"wp:attachment":[{"href":"https:\/\/diariodominicano.com\/index.php?rest_route=%2Fwp%2Fv2%2Fmedia&parent=218839"}],"wp:term":[{"taxonomy":"category","embeddable":true,"href":"https:\/\/diariodominicano.com\/index.php?rest_route=%2Fwp%2Fv2%2Fcategories&post=218839"},{"taxonomy":"post_tag","embeddable":true,"href":"https:\/\/diariodominicano.com\/index.php?rest_route=%2Fwp%2Fv2%2Ftags&post=218839"}],"curies":[{"name":"wp","href":"https:\/\/api.w.org\/{rel}","templated":true}]}}