{"id":218837,"date":"2016-04-15T16:48:47","date_gmt":"2016-04-15T16:48:47","guid":{"rendered":"http:\/\/diariodominicano.ddns.net\/?p=218837"},"modified":"2016-04-15T16:48:47","modified_gmt":"2016-04-15T16:48:47","slug":"ampliacion-acueducto-oriental-servira-agua-potable-a-dos-millones-de-personas","status":"publish","type":"post","link":"https:\/\/diariodominicano.com\/?p=218837","title":{"rendered":"Ampliaci\u00f3n acueducto oriental servir\u00e1 agua potable a dos millones de personas"},"content":{"rendered":"<p><body><\/p>\n<p><img decoding=\"async\" src=\"img3\/DSC_4040.JPG\" \/>  <\/p>\n<p><span class=\"text1noticias\">Santo Domingo, R. D., 15 de abril.- El director general de la Corporaci\u00f3n del Acueducto y Alcantarillado de Santo Domingo (CAASD), arquitecto Alejandro Mont\u00e1s, anunci\u00f3 la ampliaci\u00f3n del Acueducto Barrera de Salinidad, con la cual se le garantizar\u00e1 el agua potable a dos millones de residentes en los municipios Norte y Este de la provincia Santo Domingo.<\/span><\/p>\n<p><span class=\"text1noticias\"> <\/span><\/p>\n<p><span class=\"text1noticias\">Al ofrecer las palabras de agradecimiento en la misa de acci\u00f3n de gracias oficiada  por el 43 aniversario de la fundaci\u00f3n de la CAASD, el funcionario dijo que la incorporaci\u00f3n de 54 millones de galones de agua adicionales al sistema le ha permitido a esa corporaci\u00f3n distribuir m\u00e1s de 400 millones  de galones diarios en \u00abplena sequ\u00eda\u00bb.<\/span><\/p>\n<p><span class=\"text1noticias\"> <\/span><\/p>\n<p><span class=\"text1noticias\">\u00abLas espantosas sequ\u00edas que afectaron al pa\u00eds en los a\u00f1os 2013, 2014 y 2015 nos dejaron las ense\u00f1anzas de que deb\u00edamos prever y prepararnos para esta \u00e9poca de estiaje, y nos dedicamos a rehabilitar 64 campos de pozos, lo que nos ha permitido tener estabilidad en el sistema de distribuci\u00f3n en tiempo de sequ\u00eda\u00bb, enfatiz\u00f3 Mont\u00e1s.<\/span><\/p>\n<p><span class=\"text1noticias\"> <\/span><\/p>\n<p><span class=\"text1noticias\">Dijo, que adem\u00e1s de la rehabilitaci\u00f3n de 64 campos de pozos en los municipios Norte y Este, se trabaja en los campos de pozos de Lecher\u00eda, en el municipio Santo Domingo Oeste, los cuales aportar\u00e1n 10 millones de galones diarios a los residentes en Los Girasoles, Pedro Brand, Los Alcarrizos y Herrera.<\/span><\/p>\n<p><span class=\"text1noticias\"> <\/span><\/p>\n<p><span class=\"text1noticias\">\u00abEl Gran Santo Domingo tiene un servicio cada d\u00eda m\u00e1s eficiente, acorde con el esfuerzo que la CAASD viene desempe\u00f1ando, para satisfacer la demanda de sus m\u00e1s de tres millones de residentes\u00bb, manifest\u00f3.<\/span><\/p>\n<p><span class=\"text1noticias\"> <\/span><\/p>\n<p><span class=\"text1noticias\">Apunt\u00f3 que los proyectos de viviendas que construye el Gobierno en La Barquita y Ciudad Juan Bosch tendr\u00e1n garantizado el servicio de agua potable 24 horas al d\u00eda.<\/span><\/p>\n<p><span class=\"text1noticias\"> <\/span><\/p>\n<p><span class=\"text1noticias\">El director de la CAASD a\u00f1adi\u00f3 que en el Gran Santo Domingo se trabaja fuertemente para estabilizar el sistema y ofrecer un sistema de agua potable 24 horas en el pr\u00f3ximo cuatrienio.<\/span><\/p>\n<p><span class=\"text1noticias\"> <\/span><\/p>\n<p><span class=\"text1noticias\">Alejandro Mont\u00e1s expres\u00f3 que en los sectores de Los Mina y Sabana Perdida se est\u00e1 trabajando en coordinaci\u00f3n con las iglesias y las juntas de vecinos, para readecuar el sistema de agua potable y hacerlo m\u00e1s eficiente.<\/span><\/p>\n<h6> 2016-04-15 16:48:47 <\/h6>\n<p><!--\n<link rel=\"stylesheet\" href=\"css\/bootstrap.min.css\">\n\n\n<ul class=\"pagination\">\n\t    \n\t\n\n<li >\n\t<a href='?page_no=13218'>Previous<\/a>\n\t<\/li>\n\n\n       \n    \n\n<li><a href='?page_no=1'>1<\/a><\/li>\n\n\n\n<li><a href='?page_no=2'>2<\/a><\/li>\n\n\n\n<li><a>...<\/a><\/li>\n\n\n\n<li><a href='?page_no=13217'>13217<\/a><\/li>\n\n\n\n<li><a href='?page_no=13218'>13218<\/a><\/li>\n\n\n\n<li class='active'><a>13219<\/a><\/li>\n\n\n\n<li><a href='?page_no=13220'>13220<\/a><\/li>\n\n\n\n<li><a href='?page_no=13221'>13221<\/a><\/li>\n\n\n\n<li><a>...<\/a><\/li>\n\n\n\n<li><a href='?page_no=56169'>56169<\/a><\/li>\n\n\n\n<li><a href='?page_no=56170'>56170<\/a><\/li>\n\n    \n\t\n\n<li >\n\t<a href='?page_no=13220'>Next<\/a>\n\t<\/li>\n\n\n    \n\n<li><a href='?page_no=56170'>Last &rsaquo;&rsaquo;<\/a><\/li>\n\n<\/ul>\n\n\n--><br \/>\n<\/body><\/p>\n","protected":false},"excerpt":{"rendered":"<p>Santo Domingo, R. D., 15 de abril.- El director general de la Corporaci\u00f3n del Acueducto y Alcantarillado de Santo Domingo (CAASD), arquitecto Alejandro Mont\u00e1s, anunci\u00f3 la ampliaci\u00f3n del Acueducto Barrera de Salinidad, con la cual se le garantizar\u00e1 el agua potable a dos millones de residentes en los municipios Norte y Este de la provincia [&hellip;]<\/p>\n","protected":false},"author":3,"featured_media":0,"comment_status":"open","ping_status":"open","sticky":false,"template":"","format":"standard","meta":{"footnotes":""},"categories":[20],"tags":[],"class_list":["post-218837","post","type-post","status-publish","format-standard","hentry","category-dominicana-hoy"],"_links":{"self":[{"href":"https:\/\/diariodominicano.com\/index.php?rest_route=\/wp\/v2\/posts\/218837","targetHints":{"allow":["GET"]}}],"collection":[{"href":"https:\/\/diariodominicano.com\/index.php?rest_route=\/wp\/v2\/posts"}],"about":[{"href":"https:\/\/diariodominicano.com\/index.php?rest_route=\/wp\/v2\/types\/post"}],"author":[{"embeddable":true,"href":"https:\/\/diariodominicano.com\/index.php?rest_route=\/wp\/v2\/users\/3"}],"replies":[{"embeddable":true,"href":"https:\/\/diariodominicano.com\/index.php?rest_route=%2Fwp%2Fv2%2Fcomments&post=218837"}],"version-history":[{"count":0,"href":"https:\/\/diariodominicano.com\/index.php?rest_route=\/wp\/v2\/posts\/218837\/revisions"}],"wp:attachment":[{"href":"https:\/\/diariodominicano.com\/index.php?rest_route=%2Fwp%2Fv2%2Fmedia&parent=218837"}],"wp:term":[{"taxonomy":"category","embeddable":true,"href":"https:\/\/diariodominicano.com\/index.php?rest_route=%2Fwp%2Fv2%2Fcategories&post=218837"},{"taxonomy":"post_tag","embeddable":true,"href":"https:\/\/diariodominicano.com\/index.php?rest_route=%2Fwp%2Fv2%2Ftags&post=218837"}],"curies":[{"name":"wp","href":"https:\/\/api.w.org\/{rel}","templated":true}]}}