{"id":218831,"date":"2016-04-17T12:00:16","date_gmt":"2016-04-17T12:00:16","guid":{"rendered":"http:\/\/diariodominicano.ddns.net\/?p=218831"},"modified":"2016-04-17T12:00:16","modified_gmt":"2016-04-17T12:00:16","slug":"pnud-resalta-avances-rd-en-lucha-contra-pobreza","status":"publish","type":"post","link":"https:\/\/diariodominicano.com\/?p=218831","title":{"rendered":"PNUD resalta avances RD en lucha contra pobreza"},"content":{"rendered":"<p><body><\/p>\n<p><img decoding=\"async\" src=\"img3\/Luciana Mermet del PNUD.JPG\" \/><br \/><img decoding=\"async\" src=\"img3\/pnud001.jpg\" \/><br \/><img decoding=\"async\" src=\"http:\/\/10.0.0.82:8080\/img3\/La%20doctora%20Margarita%20Cede%C3%83%C2%B1o%20encabeza%20la%20mesa%20%20principal.JPG\" \/>  <\/p>\n<p> <strong><span class=\"text1noticias\">La representante residente adjunta del Programa de las Naciones Unidas para el Desarrollo (PNUD) Luciana Mermet, resalt\u00f3 los avances alcanzados por la Rep\u00fablica Dominicana en la lucha contra la pobreza y la exclusi\u00f3n social, por lo que valor\u00f3 las acciones que realiza el programa Progresando con Solidaridad (Prosoli) en la lucha contra ese flagelo.<\/span><\/strong><\/p>\n<p><strong> <\/strong><\/p>\n<\/p>\n<\/p>\n<p><strong><span class=\"text1noticias\">SANTO DOMINGO, 17 de abril de 2016.-<\/span><\/strong><span class=\"text1noticias\">La representante residente adjunta del Programa de las Naciones Unidas para el Desarrollo (PNUD) Luciana Mermet, resalt\u00f3 los avances alcanzados por la Rep\u00fablica Dominicana en la lucha contra la pobreza y la exclusi\u00f3n social, por lo que valor\u00f3 las acciones que realiza el programa Progresando con Solidaridad (Prosoli) en la lucha contra ese flagelo.<\/span><\/p>\n<\/p>\n<p><span class=\"text1noticias\">Resalt\u00f3 el impacto de Prosoli en el que participan m\u00e1s de 800 mil familias, a la vez que destac\u00f3 la importancia de que el programa incluya la creaci\u00f3n de capacidades, \u00abun combo muy interesante que ya es puntero mostrando un ejemplo de c\u00f3mo podemos implementar paquetes de pol\u00edticas en el marco de la Agenda 2030, y creo que es un ejemplo a mirar cuando hablemos de pol\u00edticas integrales\u00bb.<\/span><\/p>\n<\/p>\n<p><span class=\"text1noticias\">Al dictar la conferencia Implementaci\u00f3n de la agenda 2030 y contribuci\u00f3n de las pol\u00edticas sociales a los Objetivos de Desarrollo Sustentables (ODS),en el marco del Primer Seminario Internacional de Ciencias Pol\u00edticas, Pol\u00edticas P\u00fablicas y Protecci\u00f3n Social, Mermet expres\u00f3 que desde el punto de vista del desarrollo humano, en materia de salud, educaci\u00f3n e ingresos, la Rep\u00fablica Dominicana viene experimentando un crecimiento lineal importante en la \u00faltima d\u00e9cada. La actividad cont\u00f3 con la presencia de la Vicepresidenta Margarita Cede\u00f1o, en el auditorio de la UASD. <\/span><\/p>\n<\/p>\n<p><strong><span class=\"text1noticias\">El catedr\u00e1tico de las universidades espa\u00f1olas de Salamanca y Girona, Salvador Mart\u00ed Puig, al abordar el tema Pol\u00edticas p\u00fablicas y protecci\u00f3n social desde las ciencias pol\u00edticas, sugiri\u00f3 que para la creaci\u00f3n de programas sociales es necesario redefinir las pol\u00edticas fiscales, promover la educaci\u00f3n, salud e infraestructura, crear instituciones incluyentes y mercados funcionales.<\/span><\/strong><\/p>\n<\/p>\n<\/p>\n<p><strong> En la actividad, la vicepresidenta Margarita Cede\u00f1o, dijo que los objetivos de la protecci\u00f3n social son la redistribuci\u00f3n del ingreso para crear cohesi\u00f3n social y reducir la inequidad y desigualdad, romper el c\u00edrculo de pobreza generacional y la crear capacidades.<\/strong><\/p>\n<\/p>\n<p><strong><span class=\"text1noticias\"> Luciana Mermet<\/span><\/strong><\/p>\n<\/p>\n<p><span class=\"text1noticias\">\u00abEn econom\u00eda y pobreza nosotros sabemos que desde el punto de vista macro econ\u00f3mico a Dominicana le est\u00e1 yendo muy bien; est\u00e1 creciendo de manera impresionante y liderando el crecimiento econ\u00f3mico no solo de la subregi\u00f3n, sino de la regi\u00f3n, ha venido registrando ca\u00eddas persistentes de pobreza y ha aumentado significativamente la inversi\u00f3n anual en educaci\u00f3n per c\u00e1pita\u00bb, enfatiz\u00f3 Mermet.<\/span><\/p>\n<\/p>\n<p><span class=\"text1noticias\">Dijo  que sin duda estas inversiones han tenido un efecto importante en la reducci\u00f3n de pobreza empujando los \u00cdndices de Desarrollo Humano.  <\/span><\/p>\n<\/p>\n<p><span class=\"text1noticias\">Sin embargo, agreg\u00f3 que la Rep\u00fablica Dominicana enfrenta grandes retos, entre ellos el gran n\u00famero de poblaci\u00f3n que reside en zonas que podr\u00edan resultar afectadas por los fen\u00f3menos naturales, sobretodo huracanes, lo que podr\u00edan llevar a muchas familias de nuevo a la pobreza.<\/span><\/p>\n<\/p>\n<p><span class=\"text1noticias\">Indic\u00f3  que el 32.2 por ciento de los hogares pobres est\u00e1n en zonas de alta vulnerabilidad frente al choque de los fen\u00f3menos meteorol\u00f3gicos y que hay informaci\u00f3n georreferenciada de d\u00f3nde est\u00e1n esos hogares.<\/span><\/p>\n<\/p>\n<p><strong><span class=\"text1noticias\">El  catedr\u00e1tico de las universidades espa\u00f1olas de Salamanca y Girona, Salvador Mart\u00ed Puig, al abordar el tema Pol\u00edticas p\u00fablicas y protecci\u00f3n social desde las ciencias pol\u00edticas,  sugiri\u00f3 que para la creaci\u00f3n de programas socialeses necesario redefinir las pol\u00edticas fiscales, promover la educaci\u00f3n, salud e infraestructura, crear instituciones incluyentes y mercados funcionales, as\u00ed como impulsar la transparencia, el control y la gesti\u00f3n de riesgo, entre otros.<\/span><\/strong><\/p>\n<\/p>\n<p><span class=\"text1noticias\">Asimismo, el oficial de asuntos sociales de la Comisi\u00f3n Econ\u00f3mica para Am\u00e9rica Latina y el Caribe (CEPAL), Simone Cecchini, quien abord\u00f3 el tema Pol\u00edticas p\u00fablicas y protecci\u00f3n social: avances y retos de Am\u00e9rica Latina y el Caribe, resalt\u00f3 los avances que ha tenido la Rep\u00fablica Dominicana en materia de protecci\u00f3n Social en los \u00faltimos a\u00f1os y sugiri\u00f3 promover el mercado laboral para impulsar a\u00fan m\u00e1s ese desarrollo.<\/span><\/p>\n<\/p>\n<p><span class=\"text1noticias\">Resalt\u00f3 la importancia de los programas de transferencias monetarias condicionadas como Prosoli, de los cuales dijo unos 130 millones de personas se benefician en toda Latinoam\u00e9rica. <\/span><\/p>\n<\/p>\n<p><span class=\"text1noticias\">En la actividad particip\u00f3 adem\u00e1s la directora de Investigaci\u00f3n de la Secretar\u00eda de Integraci\u00f3n Social Centroamericana (SISCA), A\u00edda Arg\u00fcello, quien al hablar sobre Sistemas de protecci\u00f3n social de Centroam\u00e9rica y el Caribe, se\u00f1al\u00f3 que de los 56 millones de personas de los ocho pa\u00edses que componen a ese organismo, unos nueve millones viven en extrema pobreza, mientras que otros 24 millones carecen de ingresos, lo cual calific\u00f3 como inadmisible.<\/span><\/p>\n<\/p>\n<p><span class=\"text1noticias\">Deplor\u00f3 que con los niveles de crecimiento que se registran en los pa\u00edses de la regi\u00f3n en promedio ocurren 90 muertes maternas por cada 100 mil nacimientos, mientras que 24 ni\u00f1os de esa misma cantidad de nacimientos mueren antes de los cinco a\u00f1os.<\/span><\/p>\n<\/p>\n<p><strong><span class=\"text1noticias\">Vicepresidenta Margarita Cede\u00f1o<\/span><\/strong><\/p>\n<\/p>\n<p><span class=\"text1noticias\">Al hablar en la actividad, la vicepresidenta Margarita Cede\u00f1o dijo que los objetivos de la protecci\u00f3n social se aglutinan en tres aspectos que son la redistribuci\u00f3n del ingreso para crear  cohesi\u00f3n social y reducir la inequidad y desigualdad; romper el c\u00edrculo de pobreza generacional y la crear capacidades.<\/span><\/p>\n<\/p>\n<p><span class=\"text1noticias\">Se\u00f1al\u00f3 que todo esto se sostiene sobre el enfoque de derechos \u00abde que todos tenemos derechos, de que todos somos iguales,de que hay unos derechos universales que hay que proteger\u00bb y la necesidad de satisfacci\u00f3n de estados de emergencia de diferentes tipos.<\/span><\/p>\n<\/p>\n<p><span class=\"text1noticias\">\u00abA eso estamos agregando a partir de los ODS (Objetivos de Desarrollo Sostenibles), un componente muy especial que es la protecci\u00f3n del medioambiente y la inserci\u00f3n en el mercado laboral\u00bb, manifest\u00f3 la Vicemandataria.<\/span><\/p>\n<\/p>\n<\/p>\n<\/p>\n<h6> 2016-04-17 12:00:16 <\/h6>\n<p><!--\n<link rel=\"stylesheet\" href=\"css\/bootstrap.min.css\">\n\n\n<ul class=\"pagination\">\n\t    \n\t\n\n<li >\n\t<a href='?page_no=13212'>Previous<\/a>\n\t<\/li>\n\n\n       \n    \n\n<li><a href='?page_no=1'>1<\/a><\/li>\n\n\n\n<li><a href='?page_no=2'>2<\/a><\/li>\n\n\n\n<li><a>...<\/a><\/li>\n\n\n\n<li><a href='?page_no=13211'>13211<\/a><\/li>\n\n\n\n<li><a href='?page_no=13212'>13212<\/a><\/li>\n\n\n\n<li class='active'><a>13213<\/a><\/li>\n\n\n\n<li><a href='?page_no=13214'>13214<\/a><\/li>\n\n\n\n<li><a href='?page_no=13215'>13215<\/a><\/li>\n\n\n\n<li><a>...<\/a><\/li>\n\n\n\n<li><a href='?page_no=56169'>56169<\/a><\/li>\n\n\n\n<li><a href='?page_no=56170'>56170<\/a><\/li>\n\n    \n\t\n\n<li >\n\t<a href='?page_no=13214'>Next<\/a>\n\t<\/li>\n\n\n    \n\n<li><a href='?page_no=56170'>Last &rsaquo;&rsaquo;<\/a><\/li>\n\n<\/ul>\n\n\n--><br \/>\n<\/body><\/p>\n","protected":false},"excerpt":{"rendered":"<p>La representante residente adjunta del Programa de las Naciones Unidas para el Desarrollo (PNUD) Luciana Mermet, resalt\u00f3 los avances alcanzados por la Rep\u00fablica Dominicana en la lucha contra la pobreza y la exclusi\u00f3n social, por lo que valor\u00f3 las acciones que realiza el programa Progresando con Solidaridad (Prosoli) en la lucha contra ese flagelo. SANTO [&hellip;]<\/p>\n","protected":false},"author":3,"featured_media":0,"comment_status":"open","ping_status":"open","sticky":false,"template":"","format":"standard","meta":{"footnotes":""},"categories":[20],"tags":[],"class_list":["post-218831","post","type-post","status-publish","format-standard","hentry","category-dominicana-hoy"],"_links":{"self":[{"href":"https:\/\/diariodominicano.com\/index.php?rest_route=\/wp\/v2\/posts\/218831","targetHints":{"allow":["GET"]}}],"collection":[{"href":"https:\/\/diariodominicano.com\/index.php?rest_route=\/wp\/v2\/posts"}],"about":[{"href":"https:\/\/diariodominicano.com\/index.php?rest_route=\/wp\/v2\/types\/post"}],"author":[{"embeddable":true,"href":"https:\/\/diariodominicano.com\/index.php?rest_route=\/wp\/v2\/users\/3"}],"replies":[{"embeddable":true,"href":"https:\/\/diariodominicano.com\/index.php?rest_route=%2Fwp%2Fv2%2Fcomments&post=218831"}],"version-history":[{"count":0,"href":"https:\/\/diariodominicano.com\/index.php?rest_route=\/wp\/v2\/posts\/218831\/revisions"}],"wp:attachment":[{"href":"https:\/\/diariodominicano.com\/index.php?rest_route=%2Fwp%2Fv2%2Fmedia&parent=218831"}],"wp:term":[{"taxonomy":"category","embeddable":true,"href":"https:\/\/diariodominicano.com\/index.php?rest_route=%2Fwp%2Fv2%2Fcategories&post=218831"},{"taxonomy":"post_tag","embeddable":true,"href":"https:\/\/diariodominicano.com\/index.php?rest_route=%2Fwp%2Fv2%2Ftags&post=218831"}],"curies":[{"name":"wp","href":"https:\/\/api.w.org\/{rel}","templated":true}]}}