{"id":218830,"date":"2016-04-17T17:25:18","date_gmt":"2016-04-17T17:25:18","guid":{"rendered":"http:\/\/diariodominicano.ddns.net\/?p=218830"},"modified":"2016-04-17T17:25:18","modified_gmt":"2016-04-17T17:25:18","slug":"presidente-danilo-medina-se-solidariza-con-ecuador","status":"publish","type":"post","link":"https:\/\/diariodominicano.com\/?p=218830","title":{"rendered":"Presidente Danilo Medina se solidariza con Ecuador"},"content":{"rendered":"<p><body><\/p>\n<p><img decoding=\"async\" src=\"img3\/canci0000.jpg\" \/><br \/><img decoding=\"async\" src=\"img3\/7c79916f035c543ee51324b1608f216c7efc438c.jpg\" \/>  <\/p>\n<p><span class=\"text1noticias\"> <\/span><\/p>\n<p><span class=\"text1noticias\"><strong> <\/strong><\/span><\/p>\n<p><span class=\"text1noticias\"><strong>SANTO DOMINGO, RD, 17 de Abril de 2016.-  <\/strong> El presidente Danilo Medina se solidariz\u00f3 con su hom\u00f3logo ecuatoriano Rafael Correa, ante la tristeza que embarga a su pa\u00eds, tras el terremoto que azot\u00f3 la zona costera de esa naci\u00f3n el s\u00e1bado.<\/span><\/p>\n<\/p>\n<p><span class=\"text1noticias\">En un primer mensaje enviado a trav\u00e9s de su cuenta de Twitter, Medina expres\u00f3: \u00abLamentamos profundamente la tragedia que viven hoy nuestros hermanos ecuatorianos y les hacemos llegar nuestra m\u00e1s sincera solidaridad\u00bb.<\/span><\/p>\n<\/p>\n<p><span class=\"text1noticias\">En sus mensajes de pesar continu\u00f3 expresando el cari\u00f1o que siente hacia los ecuatorianos, a los que puso en sus oraciones a la espera de pronto consuelo, en especial para los familiares de los fallecidos. <\/span><\/p>\n<\/p>\n<p><span class=\"text1noticias\">\u00abAnte los desaf\u00edos que nos impone la naturaleza, los pueblos de Latinoam\u00e9rica debemos permanecer unidos y ayudarnos siempre en la adversidad\u00bb, expres\u00f3 en su cuenta @DaniloMedina.<\/span><\/p>\n<\/p>\n<p><span class=\"text1noticias\">El presidente Medina  reiter\u00f3 su disposici\u00f3n al presidente Correa, ante cualquier ayuda que est\u00e9 al alcance del Gobierno dominicano. <\/span><\/p>\n<\/p>\n<p><span class=\"text1noticias\">El presidente de Ecuador, Rafael Correa, inform\u00f3 el domingo que el terremoto de 7,8 grados en la escala Richter que sacudi\u00f3 el s\u00e1bado al pa\u00eds deja hasta ahora 272 muertos y 2.068 heridos, seg\u00fan el \u00faltimo balance oficial de la tragedia.- <\/span><\/p>\n<\/p>\n<p><strong><span class=\"text1noticias\">Canciller\u00eda expresa pesar<\/span><\/strong><\/p>\n<\/p>\n<p><span class=\"text1noticias\">De igual modo, el  Ministerio de Relaciones Exteriores expres\u00f3 este domingo  su pesar por las v\u00edctimas del sismo de 7,8 grados en escala de Richter que tuvo como epicentro la costa de Ecuador, al tiempo que inform\u00f3 que se mantiene atenta a la situaci\u00f3n de los dominicanos residentes en el pa\u00eds suramericano.<\/span><\/p>\n<p><span class=\"text1noticias\"> <\/span><\/p>\n<p><span class=\"text1noticias\">El MIREX expresa su m\u00e1s profunda muestra de solidaridad con el pueblo ecuatoriano en estos momentos de dolor en que se encuentra sumido por el terremoto que azot\u00f3 el norte de la regi\u00f3n costera de ese pa\u00eds, y que caus\u00f3 m\u00faltiples da\u00f1os materiales.<\/span><\/p>\n<p><span class=\"text1noticias\"> <\/span><\/p>\n<p><span class=\"text1noticias\">\u00abNuestro pa\u00eds extiende sus m\u00e1s sinceras condolencias y solidaridad al Gobierno y al pueblo ecuatoriano por esta lamentable tragedia ocurrida este s\u00e1bado, de manera especial a las familias de esa naci\u00f3n y de otros pa\u00edses hermanos que perdieron sus seres queridos\u00bb, refiere el MIREX en su comunicado de prensa.<\/span><\/p>\n<p><span class=\"text1noticias\"> <\/span><\/p>\n<p><span class=\"text1noticias\">La Canciller\u00eda dominicana afirm\u00f3 que hasta el momento no se ha reportado ning\u00fan nacional, residente en Ecuador, que haya sido afectado por el terremoto, de acuerdo con la misi\u00f3n dominicana en Quito. Ecuador.<\/span><\/p>\n<p><span class=\"text1noticias\"> <\/span><\/p>\n<p><span class=\"text1noticias\"> <\/span><\/p>\n<p><span class=\"text1noticias\"> <\/span><\/p>\n<h6> 2016-04-17 17:25:18 <\/h6>\n<p><!--\n<link rel=\"stylesheet\" href=\"css\/bootstrap.min.css\">\n\n\n<ul class=\"pagination\">\n\t    \n\t\n\n<li >\n\t<a href='?page_no=13211'>Previous<\/a>\n\t<\/li>\n\n\n       \n    \n\n<li><a href='?page_no=1'>1<\/a><\/li>\n\n\n\n<li><a href='?page_no=2'>2<\/a><\/li>\n\n\n\n<li><a>...<\/a><\/li>\n\n\n\n<li><a href='?page_no=13210'>13210<\/a><\/li>\n\n\n\n<li><a href='?page_no=13211'>13211<\/a><\/li>\n\n\n\n<li class='active'><a>13212<\/a><\/li>\n\n\n\n<li><a href='?page_no=13213'>13213<\/a><\/li>\n\n\n\n<li><a href='?page_no=13214'>13214<\/a><\/li>\n\n\n\n<li><a>...<\/a><\/li>\n\n\n\n<li><a href='?page_no=56169'>56169<\/a><\/li>\n\n\n\n<li><a href='?page_no=56170'>56170<\/a><\/li>\n\n    \n\t\n\n<li >\n\t<a href='?page_no=13213'>Next<\/a>\n\t<\/li>\n\n\n    \n\n<li><a href='?page_no=56170'>Last &rsaquo;&rsaquo;<\/a><\/li>\n\n<\/ul>\n\n\n--><br \/>\n<\/body><\/p>\n","protected":false},"excerpt":{"rendered":"<p>SANTO DOMINGO, RD, 17 de Abril de 2016.- El presidente Danilo Medina se solidariz\u00f3 con su hom\u00f3logo ecuatoriano Rafael Correa, ante la tristeza que embarga a su pa\u00eds, tras el terremoto que azot\u00f3 la zona costera de esa naci\u00f3n el s\u00e1bado. En un primer mensaje enviado a trav\u00e9s de su cuenta de Twitter, Medina expres\u00f3: [&hellip;]<\/p>\n","protected":false},"author":3,"featured_media":0,"comment_status":"open","ping_status":"open","sticky":false,"template":"","format":"standard","meta":{"footnotes":""},"categories":[20],"tags":[],"class_list":["post-218830","post","type-post","status-publish","format-standard","hentry","category-dominicana-hoy"],"_links":{"self":[{"href":"https:\/\/diariodominicano.com\/index.php?rest_route=\/wp\/v2\/posts\/218830","targetHints":{"allow":["GET"]}}],"collection":[{"href":"https:\/\/diariodominicano.com\/index.php?rest_route=\/wp\/v2\/posts"}],"about":[{"href":"https:\/\/diariodominicano.com\/index.php?rest_route=\/wp\/v2\/types\/post"}],"author":[{"embeddable":true,"href":"https:\/\/diariodominicano.com\/index.php?rest_route=\/wp\/v2\/users\/3"}],"replies":[{"embeddable":true,"href":"https:\/\/diariodominicano.com\/index.php?rest_route=%2Fwp%2Fv2%2Fcomments&post=218830"}],"version-history":[{"count":0,"href":"https:\/\/diariodominicano.com\/index.php?rest_route=\/wp\/v2\/posts\/218830\/revisions"}],"wp:attachment":[{"href":"https:\/\/diariodominicano.com\/index.php?rest_route=%2Fwp%2Fv2%2Fmedia&parent=218830"}],"wp:term":[{"taxonomy":"category","embeddable":true,"href":"https:\/\/diariodominicano.com\/index.php?rest_route=%2Fwp%2Fv2%2Fcategories&post=218830"},{"taxonomy":"post_tag","embeddable":true,"href":"https:\/\/diariodominicano.com\/index.php?rest_route=%2Fwp%2Fv2%2Ftags&post=218830"}],"curies":[{"name":"wp","href":"https:\/\/api.w.org\/{rel}","templated":true}]}}