{"id":218829,"date":"2016-04-18T03:21:34","date_gmt":"2016-04-18T03:21:34","guid":{"rendered":"http:\/\/diariodominicano.ddns.net\/?p=218829"},"modified":"2016-04-18T03:21:34","modified_gmt":"2016-04-18T03:21:34","slug":"pleno-de-la-jce-aprueba-participacion-ciudadana-sea-observador-nacional","status":"publish","type":"post","link":"https:\/\/diariodominicano.com\/?p=218829","title":{"rendered":"Pleno de la JCE aprueba Participaci\u00f3n Ciudadana sea observador nacional"},"content":{"rendered":"<p><body><\/p>\n<p> <strong><span class=\"text1noticias\">El Pleno de la JCE tambi\u00e9n decidi\u00f3  que PC no podr\u00e1 realizar un conteo manual de los votos en el 10% de los colegios electorales, como hab\u00eda solicitado, sino que se le permitir\u00e1 estar presente en todos los momentos del proceso electoral, desde la colocaci\u00f3n del colegio electoral hasta la realizaci\u00f3n del escrutinio y el c\u00f3mputo.<\/span><\/strong><\/p>\n<\/p>\n<p><strong><span class=\"text1noticias\">SANTO DOMINGO, RD, 17 de  Abril  de 2016.- <\/span><\/strong><span class=\"text1noticias\">El pleno de la Junta Central Electoral (JCE) aprob\u00f3 este domingo emitir la acreditaci\u00f3n como observador nacional a Participaci\u00f3n Ciudadana (PC).<\/span><\/p>\n<\/p>\n<p><span class=\"text1noticias\">El proceso de acreditaci\u00f3n iniciar\u00e1 a partir de hoy, y a medida que PC remita a la JCE las informaciones de las personas que desarrollar\u00e1n el rol de observadores, para que el \u00f3rgano comicial pueda hacer las investigaciones de lugar.<\/span><\/p>\n<\/p>\n<p><span class=\"text1noticias\">El Pleno de la JCE tambi\u00e9n decidi\u00f3  que PC no podr\u00e1 realizar un conteo manual de los votos en el 10% de los colegios electorales, como hab\u00eda solicitado, sino que se le permitir\u00e1 estar presente en todos los momentos del proceso electoral, desde la colocaci\u00f3n del colegio electoral hasta la realizaci\u00f3n del escrutinio y el c\u00f3mputo.<\/span><\/p>\n<\/p>\n<p><span class=\"text1noticias\">El  presidente de la Junta, Roberto Rosario, asegur\u00f3 que la Junta Central Electoral  har\u00e1 un conteo del 15% del total de los colegios electorales, \u00abunas vez concluido el proceso de escrutinio en cada colegio electoral, el 15% de los mismos ser\u00e1 trasladado a la Junta Electoral correspondiente, y deber\u00e1n comparar y revisar los votos f\u00edsicos con la imagen digital escaneada de la boleta electoral al momento de escrutar\u00bb.<\/span><\/p>\n<\/p>\n<p><span class=\"text1noticias\">Inform\u00f3  que \u00abla Junta ha decidido no solamente hacer el conteo manual sino tambi\u00e9n auditar las im\u00e1genes que tiene cada equipo en la totalidad de electores del 15% de los colegios\u00bb.<\/span><\/p>\n<\/p>\n<p><span class=\"text1noticias\">El  conteo se har\u00e1 con la presencia de los medios de comunicaci\u00f3n, los delegados de los partidos, los invitados internacionales y los observadores internacionales junto a cada una de las juntas electorales.<\/span><\/p>\n<\/p>\n<p><span class=\"text1noticias\">El Pleno tambi\u00e9n  reiter\u00f3 que todos los embajadores acreditados en el pa\u00eds ser\u00e1n autorizados como invitados internacionales, para ellos se elaborar\u00e1 una gu\u00eda que establece los alcances y restricciones de los extranjeros pero tambi\u00e9n de los nacionales.<\/span><\/p>\n<\/p>\n<p><strong><span class=\"text1noticias\">No permitir\u00e1  uso de celulares<\/span><\/strong><\/p>\n<\/p>\n<p><span class=\"text1noticias\">De igual modo en  la sesi\u00f3n se decidi\u00f3 prohibir tanto a los electores como a los delegados y suplentes de los partidos el uso de c\u00e1maras, celulares, computadoras port\u00e1tiles o cualquier otro objeto que permita determinar a qui\u00e9n benefici\u00f3 el elector con su voto. <\/span><\/p>\n<\/p>\n<p><span class=\"text1noticias\">Asimismo, se  prohibi\u00f3 que los electores acudan a los centros de votaci\u00f3n con bolsos, mochilas o carteras. El pleno excluy\u00f3 tambi\u00e9n el uso de armas de fuego, la medida no incluye a miembros de la Polic\u00eda Militar Electoral mientras est\u00e9n en funciones. <\/span><\/p>\n<\/p>\n<p><span class=\"text1noticias\">El pleno de la Junta prohibi\u00f3 el uso de veh\u00edculos del Estado en actividades de proselitismo vinculadas a la campa\u00f1a electoral para el transporte de personas a marchas, caravanas y la utilizaci\u00f3n en unidades  de banderas, calcoman\u00edas u otros s\u00edmbolos de propaganda y publicidad electoral en beneficio de agrupaciones pol\u00edticas y candidatos. <\/span><\/p>\n<\/p>\n<p><span class=\"text1noticias\">El Pleno  activ\u00f3 a la Polic\u00eda Militar para verificar que por las v\u00edas no transiten veh\u00edculos del Estado sin placa. <\/span><\/p>\n<\/p>\n<h6> 2016-04-18 03:21:34 <\/h6>\n<p><!--\n<link rel=\"stylesheet\" href=\"css\/bootstrap.min.css\">\n\n\n<ul class=\"pagination\">\n\t    \n\t\n\n<li >\n\t<a href='?page_no=13210'>Previous<\/a>\n\t<\/li>\n\n\n       \n    \n\n<li><a href='?page_no=1'>1<\/a><\/li>\n\n\n\n<li><a href='?page_no=2'>2<\/a><\/li>\n\n\n\n<li><a>...<\/a><\/li>\n\n\n\n<li><a href='?page_no=13209'>13209<\/a><\/li>\n\n\n\n<li><a href='?page_no=13210'>13210<\/a><\/li>\n\n\n\n<li class='active'><a>13211<\/a><\/li>\n\n\n\n<li><a href='?page_no=13212'>13212<\/a><\/li>\n\n\n\n<li><a href='?page_no=13213'>13213<\/a><\/li>\n\n\n\n<li><a>...<\/a><\/li>\n\n\n\n<li><a href='?page_no=56169'>56169<\/a><\/li>\n\n\n\n<li><a href='?page_no=56170'>56170<\/a><\/li>\n\n    \n\t\n\n<li >\n\t<a href='?page_no=13212'>Next<\/a>\n\t<\/li>\n\n\n    \n\n<li><a href='?page_no=56170'>Last &rsaquo;&rsaquo;<\/a><\/li>\n\n<\/ul>\n\n\n--><br \/>\n<\/body><\/p>\n","protected":false},"excerpt":{"rendered":"<p>El Pleno de la JCE tambi\u00e9n decidi\u00f3 que PC no podr\u00e1 realizar un conteo manual de los votos en el 10% de los colegios electorales, como hab\u00eda solicitado, sino que se le permitir\u00e1 estar presente en todos los momentos del proceso electoral, desde la colocaci\u00f3n del colegio electoral hasta la realizaci\u00f3n del escrutinio y el [&hellip;]<\/p>\n","protected":false},"author":3,"featured_media":0,"comment_status":"open","ping_status":"open","sticky":false,"template":"","format":"standard","meta":{"footnotes":""},"categories":[20],"tags":[],"class_list":["post-218829","post","type-post","status-publish","format-standard","hentry","category-dominicana-hoy"],"_links":{"self":[{"href":"https:\/\/diariodominicano.com\/index.php?rest_route=\/wp\/v2\/posts\/218829","targetHints":{"allow":["GET"]}}],"collection":[{"href":"https:\/\/diariodominicano.com\/index.php?rest_route=\/wp\/v2\/posts"}],"about":[{"href":"https:\/\/diariodominicano.com\/index.php?rest_route=\/wp\/v2\/types\/post"}],"author":[{"embeddable":true,"href":"https:\/\/diariodominicano.com\/index.php?rest_route=\/wp\/v2\/users\/3"}],"replies":[{"embeddable":true,"href":"https:\/\/diariodominicano.com\/index.php?rest_route=%2Fwp%2Fv2%2Fcomments&post=218829"}],"version-history":[{"count":0,"href":"https:\/\/diariodominicano.com\/index.php?rest_route=\/wp\/v2\/posts\/218829\/revisions"}],"wp:attachment":[{"href":"https:\/\/diariodominicano.com\/index.php?rest_route=%2Fwp%2Fv2%2Fmedia&parent=218829"}],"wp:term":[{"taxonomy":"category","embeddable":true,"href":"https:\/\/diariodominicano.com\/index.php?rest_route=%2Fwp%2Fv2%2Fcategories&post=218829"},{"taxonomy":"post_tag","embeddable":true,"href":"https:\/\/diariodominicano.com\/index.php?rest_route=%2Fwp%2Fv2%2Ftags&post=218829"}],"curies":[{"name":"wp","href":"https:\/\/api.w.org\/{rel}","templated":true}]}}