{"id":218828,"date":"2016-04-18T15:08:09","date_gmt":"2016-04-18T15:08:09","guid":{"rendered":"http:\/\/diariodominicano.ddns.net\/?p=218828"},"modified":"2016-04-18T15:08:09","modified_gmt":"2016-04-18T15:08:09","slug":"directora-de-salud-llama-a-madres-a-vacunar-ninos-contra-el-polio","status":"publish","type":"post","link":"https:\/\/diariodominicano.com\/?p=218828","title":{"rendered":"Directora de salud llama a madres a vacunar ni\u00f1os contra el polio"},"content":{"rendered":"<p><body><\/p>\n<p><img decoding=\"async\" src=\"img3\/amelia.jpg\" \/>  <\/p>\n<p><span class=\"text1noticias\">BARAHONA.RD., 18 de abril.-   La  directora   provincial  de  Salud,  llam\u00f3  a  las  madres  a  vacunar  a sus    hijos  menores  de  3  a\u00f1os ,  contra  la poliomilitis,  dentro  de  la  jornada  que  desarrolla  el  Ministerio de  Salud P\u00fablica,  a trav\u00e9s  del  Programa  Ampliado  de  Inmunizaci\u00f3n (PAI), en  esta provincia.<\/span><\/p>\n<\/p>\n<p><span class=\"text1noticias\">La  doctora  Amelia  Figuereo  F\u00e9liz,  dijo  que  la  jornada   de  vacunaci\u00f3niniciado el  14  de presente  mes y concluir\u00e1 el  domingo 24 ,  busca inmunizar contra esta  enfermedad a  los  ni\u00f1os hasta los  35  meses  de  edad,  en  toda la provincia.<\/span><\/p>\n<\/p>\n<p><span class=\"text1noticias\">Manifest\u00f3 que personal  de  salud  visitan  casa  por  casa   a  fin  de  los  infantes  sean  vacunadas  contra  esta  enfermedad,  adem\u00e1s  de los  puestos  fijos  de  vacunaci\u00f3n  en  las  Unidades  de  Atenci\u00f3n Primaria ( UNAP),  hospitales y  ser\u00e1n  incluidas  las estancias infantiles.<\/span><\/p>\n<\/p>\n<p><span class=\"text1noticias\">\u00abHacemos  un  llamado  a  las  madres  de  esta  provincia  de  Barahona,  para  que  vacunen   a    sus   hijos   menores  de  35  meses   contra  la  poliomielitis,  enfermedad aguda, causada por un enterovirus que ataca la  m\u00e9dula  espinal y provoca atrofia muscular, par\u00e1lisis permanente y posiblemente la  muerte\u00bb,  refiri\u00f3 .<\/span><\/p>\n<\/p>\n<p><span class=\"text1noticias\">Figuereo  F\u00e9liz  dijo  que  con  esta  jornada se  busca  erradicar  esta  enfermedad, prevenible   por  vacuna  y  mantener  al pa\u00eds  libre  de la circulaci\u00f3n  del poliovirus  y  avanzar  en  la implementaci\u00f3n del  Plan  Estrat\u00e9gico para erradicaci\u00f3n  de la  Poliomielitis.<\/span><\/p>\n<\/p>\n<p><span class=\"text1noticias\">Los  s\u00edntomas  m\u00e1s  frecuente  de la poliomielitis son  fiebre, dolor  de  cabeza, malestar  general,  n\u00e1useas  y v\u00f3mitos, rigidez  de  la  nuca, par\u00e1lisis  de  las  extremidades,  entre otros.<\/span><\/p>\n<p><span class=\"text1noticias\">Zona de los archivos adjuntos<\/span><\/p>\n<\/p>\n<h6> 2016-04-18 15:08:09 <\/h6>\n<p><!--\n<link rel=\"stylesheet\" href=\"css\/bootstrap.min.css\">\n\n\n<ul class=\"pagination\">\n\t    \n\t\n\n<li >\n\t<a href='?page_no=13209'>Previous<\/a>\n\t<\/li>\n\n\n       \n    \n\n<li><a href='?page_no=1'>1<\/a><\/li>\n\n\n\n<li><a href='?page_no=2'>2<\/a><\/li>\n\n\n\n<li><a>...<\/a><\/li>\n\n\n\n<li><a href='?page_no=13208'>13208<\/a><\/li>\n\n\n\n<li><a href='?page_no=13209'>13209<\/a><\/li>\n\n\n\n<li class='active'><a>13210<\/a><\/li>\n\n\n\n<li><a href='?page_no=13211'>13211<\/a><\/li>\n\n\n\n<li><a href='?page_no=13212'>13212<\/a><\/li>\n\n\n\n<li><a>...<\/a><\/li>\n\n\n\n<li><a href='?page_no=56169'>56169<\/a><\/li>\n\n\n\n<li><a href='?page_no=56170'>56170<\/a><\/li>\n\n    \n\t\n\n<li >\n\t<a href='?page_no=13211'>Next<\/a>\n\t<\/li>\n\n\n    \n\n<li><a href='?page_no=56170'>Last &rsaquo;&rsaquo;<\/a><\/li>\n\n<\/ul>\n\n\n--><br \/>\n<\/body><\/p>\n","protected":false},"excerpt":{"rendered":"<p>BARAHONA.RD., 18 de abril.- La directora provincial de Salud, llam\u00f3 a las madres a vacunar a sus hijos menores de 3 a\u00f1os , contra la poliomilitis, dentro de la jornada que desarrolla el Ministerio de Salud P\u00fablica, a trav\u00e9s del Programa Ampliado de Inmunizaci\u00f3n (PAI), en esta provincia. La doctora Amelia Figuereo F\u00e9liz, dijo que [&hellip;]<\/p>\n","protected":false},"author":3,"featured_media":0,"comment_status":"open","ping_status":"open","sticky":false,"template":"","format":"standard","meta":{"footnotes":""},"categories":[20],"tags":[],"class_list":["post-218828","post","type-post","status-publish","format-standard","hentry","category-dominicana-hoy"],"_links":{"self":[{"href":"https:\/\/diariodominicano.com\/index.php?rest_route=\/wp\/v2\/posts\/218828","targetHints":{"allow":["GET"]}}],"collection":[{"href":"https:\/\/diariodominicano.com\/index.php?rest_route=\/wp\/v2\/posts"}],"about":[{"href":"https:\/\/diariodominicano.com\/index.php?rest_route=\/wp\/v2\/types\/post"}],"author":[{"embeddable":true,"href":"https:\/\/diariodominicano.com\/index.php?rest_route=\/wp\/v2\/users\/3"}],"replies":[{"embeddable":true,"href":"https:\/\/diariodominicano.com\/index.php?rest_route=%2Fwp%2Fv2%2Fcomments&post=218828"}],"version-history":[{"count":0,"href":"https:\/\/diariodominicano.com\/index.php?rest_route=\/wp\/v2\/posts\/218828\/revisions"}],"wp:attachment":[{"href":"https:\/\/diariodominicano.com\/index.php?rest_route=%2Fwp%2Fv2%2Fmedia&parent=218828"}],"wp:term":[{"taxonomy":"category","embeddable":true,"href":"https:\/\/diariodominicano.com\/index.php?rest_route=%2Fwp%2Fv2%2Fcategories&post=218828"},{"taxonomy":"post_tag","embeddable":true,"href":"https:\/\/diariodominicano.com\/index.php?rest_route=%2Fwp%2Fv2%2Ftags&post=218828"}],"curies":[{"name":"wp","href":"https:\/\/api.w.org\/{rel}","templated":true}]}}