{"id":218826,"date":"2016-04-18T15:14:01","date_gmt":"2016-04-18T15:14:01","guid":{"rendered":"http:\/\/diariodominicano.ddns.net\/?p=218826"},"modified":"2016-04-18T15:14:01","modified_gmt":"2016-04-18T15:14:01","slug":"jeremiah-knight-realiza-encuentro-con-periodistas","status":"publish","type":"post","link":"https:\/\/diariodominicano.com\/?p=218826","title":{"rendered":"Jeremiah Knight realiza encuentro con periodistas"},"content":{"rendered":"<p><body><\/p>\n<p><img decoding=\"async\" src=\"img3\/IMG_5992.JPG\" \/><br \/><img decoding=\"async\" src=\"img3\/IMG_5929.JPG\" \/>  <\/p>\n<p><span class=\"text1noticias\">Santo Domingo, R. D., 18 de abril.- El Agregado de Prensa de la Embajada de los Estados Unidos de Am\u00e9rica, Jeremiah Knight, realiz\u00f3 el pasado jueves 14 de abril,  en su residencia,  un encuentro informal con periodistas como parte de las actividades de integraci\u00f3n con los medios que organiza el Departamento de Prensa de la  Embajada de los Estados Unidos. <\/span><\/p>\n<p><span class=\"text1noticias\"> <\/span><\/p>\n<p><span class=\"text1noticias\">A la actividad asistieron reconocidos comunicadores, entre ellos: Consuelo Despradel, Yadira Morel, Osvaldo Santana, Geomar Garcia, Homero Figueroa, Angel Laureano, entre otros. <\/span><\/p>\n<p><span class=\"text1noticias\"> <\/span><\/p>\n<p><span class=\"text1noticias\">Los encuentros se realizan con bastante frecuencia e incluyen periodistas de diferentes medios de televisi\u00f3n, radio, prensa y relacionistas p\u00fablicos del sector p\u00fablico y privado.  <\/span><\/p>\n<p><span class=\"text1noticias\"> <\/span><\/p>\n<p><span class=\"text1noticias\">Durante los \u00faltimos dos a\u00f1os estos encuentros con la prensa tambi\u00e9n se han extendido a las ciudades de Puerto Plata, Santiago, Ban\u00ed, San Juan de la Maguana y La Romana. <\/span><\/p>\n<p><span class=\"text1noticias\"> <\/span><\/p>\n<\/p>\n<\/p>\n<h6> 2016-04-18 15:14:01 <\/h6>\n<p><!--\n<link rel=\"stylesheet\" href=\"css\/bootstrap.min.css\">\n\n\n<ul class=\"pagination\">\n\t    \n\t\n\n<li >\n\t<a href='?page_no=13208'>Previous<\/a>\n\t<\/li>\n\n\n       \n    \n\n<li><a href='?page_no=1'>1<\/a><\/li>\n\n\n\n<li><a href='?page_no=2'>2<\/a><\/li>\n\n\n\n<li><a>...<\/a><\/li>\n\n\n\n<li><a href='?page_no=13207'>13207<\/a><\/li>\n\n\n\n<li><a href='?page_no=13208'>13208<\/a><\/li>\n\n\n\n<li class='active'><a>13209<\/a><\/li>\n\n\n\n<li><a href='?page_no=13210'>13210<\/a><\/li>\n\n\n\n<li><a href='?page_no=13211'>13211<\/a><\/li>\n\n\n\n<li><a>...<\/a><\/li>\n\n\n\n<li><a href='?page_no=56169'>56169<\/a><\/li>\n\n\n\n<li><a href='?page_no=56170'>56170<\/a><\/li>\n\n    \n\t\n\n<li >\n\t<a href='?page_no=13210'>Next<\/a>\n\t<\/li>\n\n\n    \n\n<li><a href='?page_no=56170'>Last &rsaquo;&rsaquo;<\/a><\/li>\n\n<\/ul>\n\n\n--><br \/>\n<\/body><\/p>\n","protected":false},"excerpt":{"rendered":"<p>Santo Domingo, R. D., 18 de abril.- El Agregado de Prensa de la Embajada de los Estados Unidos de Am\u00e9rica, Jeremiah Knight, realiz\u00f3 el pasado jueves 14 de abril, en su residencia, un encuentro informal con periodistas como parte de las actividades de integraci\u00f3n con los medios que organiza el Departamento de Prensa de la [&hellip;]<\/p>\n","protected":false},"author":3,"featured_media":0,"comment_status":"open","ping_status":"open","sticky":false,"template":"","format":"standard","meta":{"footnotes":""},"categories":[20],"tags":[],"class_list":["post-218826","post","type-post","status-publish","format-standard","hentry","category-dominicana-hoy"],"_links":{"self":[{"href":"https:\/\/diariodominicano.com\/index.php?rest_route=\/wp\/v2\/posts\/218826","targetHints":{"allow":["GET"]}}],"collection":[{"href":"https:\/\/diariodominicano.com\/index.php?rest_route=\/wp\/v2\/posts"}],"about":[{"href":"https:\/\/diariodominicano.com\/index.php?rest_route=\/wp\/v2\/types\/post"}],"author":[{"embeddable":true,"href":"https:\/\/diariodominicano.com\/index.php?rest_route=\/wp\/v2\/users\/3"}],"replies":[{"embeddable":true,"href":"https:\/\/diariodominicano.com\/index.php?rest_route=%2Fwp%2Fv2%2Fcomments&post=218826"}],"version-history":[{"count":0,"href":"https:\/\/diariodominicano.com\/index.php?rest_route=\/wp\/v2\/posts\/218826\/revisions"}],"wp:attachment":[{"href":"https:\/\/diariodominicano.com\/index.php?rest_route=%2Fwp%2Fv2%2Fmedia&parent=218826"}],"wp:term":[{"taxonomy":"category","embeddable":true,"href":"https:\/\/diariodominicano.com\/index.php?rest_route=%2Fwp%2Fv2%2Fcategories&post=218826"},{"taxonomy":"post_tag","embeddable":true,"href":"https:\/\/diariodominicano.com\/index.php?rest_route=%2Fwp%2Fv2%2Ftags&post=218826"}],"curies":[{"name":"wp","href":"https:\/\/api.w.org\/{rel}","templated":true}]}}