{"id":218825,"date":"2016-04-18T15:40:41","date_gmt":"2016-04-18T15:40:41","guid":{"rendered":"http:\/\/diariodominicano.ddns.net\/?p=218825"},"modified":"2016-04-18T15:40:41","modified_gmt":"2016-04-18T15:40:41","slug":"cristina-lizardo-mezquita-felicita-reapertura-de-embajada-italiana","status":"publish","type":"post","link":"https:\/\/diariodominicano.com\/?p=218825","title":{"rendered":"Cristina Lizardo M\u00e9zquita, felicita reapertura de Embajada Italiana"},"content":{"rendered":"<p><body><\/p>\n<p><img decoding=\"async\" src=\"img3\/DSC_0274 (1).JPG\" \/>  <\/p>\n<p><span class=\"text1noticias\">Santo Domingo, R. D., 18 de abril.- La presidenta del Senado de la Rep\u00fablica, Cristina Lizardo M\u00e9zquita, felicit\u00f3 este lunes la reapertura de la Embajada de Italia en Rep\u00fablica Dominicana, ya que los residentes de ambos pa\u00edses realizar\u00e1n sus transmites con mayor facilidad.<\/span><\/p>\n<p><span class=\"text1noticias\"> <\/span><\/p>\n<p><span class=\"text1noticias\">Expres\u00f3, que los esfuerzos realizados por el Senado y el presidente de la Comisi\u00f3n Parlamentaria entre la Rep\u00fablica Dominicana e Italia, senador Charles Noel Mariotti, a favor de la reapertura de la Embajada, surtieron sus efectos positivos.<\/span><\/p>\n<p><span class=\"text1noticias\"> <\/span><\/p>\n<p><span class=\"text1noticias\">A\u00f1adi\u00f3, que a pesar de algunas dificultades que se presentaron durante los esfuerzos realizados, \u00abhoy se confirma que vali\u00f3 la pena, porque eso va a facilitar que las relaciones entre Rep\u00fablica Dominicana e Italia, un pa\u00eds que ha albergado a muchos dominicanos y dominicanas contin\u00faen fortaleci\u00e9ndose\u00bb.<\/span><\/p>\n<p><span class=\"text1noticias\"> <\/span><\/p>\n<p><span class=\"text1noticias\">Expres\u00f3 que cuando recibi\u00f3 la noticia sinti\u00f3 una gran alegr\u00eda, al comprender que los esfuerzos acompa\u00f1ados de la visita que realizara a ese pa\u00eds, acompa\u00f1ada de una misi\u00f3n integrada por legisladores, empresarios y empresarias, fue positiva para la reapertura.<\/span><\/p>\n<p><span class=\"text1noticias\"> <\/span><\/p>\n<p><span class=\"text1noticias\">\u00abEs bueno que surti\u00f3 efecto esa visita que hicimos con empresarios, empresarias y con personalidades que tienen v\u00ednculos con la Rep\u00fablica de Italia\u00bb, dijo Lizardo M\u00e9zquita.<\/span><\/p>\n<p><span class=\"text1noticias\"> <\/span><\/p>\n<p><span class=\"text1noticias\">Se recuerda que  la presidenta del Senado, Cristina Lizardo M\u00e9zquita, al momento de recibir una delegaci\u00f3n encabezada por el senador Vincenzo Cuomo, vicepresidente de la Asociaci\u00f3n Parlamentaria de Italia, quien estuvo acompa\u00f1ado de Maurizio Capozzo y Viviana Soppeno, anunci\u00f3 su apoyo y solidaridad para que se restablezcan las relaciones de amistad entre Italia y la Rep\u00fablica Dominicana, las cuales han existido por m\u00e1s de 117 a\u00f1os.<\/span><\/p>\n<p><span class=\"text1noticias\"> <\/span><\/p>\n<p><span class=\"text1noticias\">En ese entonces la presidenta de la C\u00e1mara Alta consider\u00f3 necesario que se restablezca la apertura de la embajada y el consulado italiano en la Rep\u00fablica Dominicana para que contin\u00faen los intercambios comerciales, ya que esto beneficia ambos pa<\/span>\u00edses.<\/p>\n<h6> 2016-04-18 15:40:41 <\/h6>\n<p><!--\n<link rel=\"stylesheet\" href=\"css\/bootstrap.min.css\">\n\n\n<ul class=\"pagination\">\n\t    \n\t\n\n<li >\n\t<a href='?page_no=13207'>Previous<\/a>\n\t<\/li>\n\n\n       \n    \n\n<li><a href='?page_no=1'>1<\/a><\/li>\n\n\n\n<li><a href='?page_no=2'>2<\/a><\/li>\n\n\n\n<li><a>...<\/a><\/li>\n\n\n\n<li><a href='?page_no=13206'>13206<\/a><\/li>\n\n\n\n<li><a href='?page_no=13207'>13207<\/a><\/li>\n\n\n\n<li class='active'><a>13208<\/a><\/li>\n\n\n\n<li><a href='?page_no=13209'>13209<\/a><\/li>\n\n\n\n<li><a href='?page_no=13210'>13210<\/a><\/li>\n\n\n\n<li><a>...<\/a><\/li>\n\n\n\n<li><a href='?page_no=56169'>56169<\/a><\/li>\n\n\n\n<li><a href='?page_no=56170'>56170<\/a><\/li>\n\n    \n\t\n\n<li >\n\t<a href='?page_no=13209'>Next<\/a>\n\t<\/li>\n\n\n    \n\n<li><a href='?page_no=56170'>Last &rsaquo;&rsaquo;<\/a><\/li>\n\n<\/ul>\n\n\n--><br \/>\n<\/body><\/p>\n","protected":false},"excerpt":{"rendered":"<p>Santo Domingo, R. D., 18 de abril.- La presidenta del Senado de la Rep\u00fablica, Cristina Lizardo M\u00e9zquita, felicit\u00f3 este lunes la reapertura de la Embajada de Italia en Rep\u00fablica Dominicana, ya que los residentes de ambos pa\u00edses realizar\u00e1n sus transmites con mayor facilidad. Expres\u00f3, que los esfuerzos realizados por el Senado y el presidente de [&hellip;]<\/p>\n","protected":false},"author":3,"featured_media":0,"comment_status":"open","ping_status":"open","sticky":false,"template":"","format":"standard","meta":{"footnotes":""},"categories":[20],"tags":[],"class_list":["post-218825","post","type-post","status-publish","format-standard","hentry","category-dominicana-hoy"],"_links":{"self":[{"href":"https:\/\/diariodominicano.com\/index.php?rest_route=\/wp\/v2\/posts\/218825","targetHints":{"allow":["GET"]}}],"collection":[{"href":"https:\/\/diariodominicano.com\/index.php?rest_route=\/wp\/v2\/posts"}],"about":[{"href":"https:\/\/diariodominicano.com\/index.php?rest_route=\/wp\/v2\/types\/post"}],"author":[{"embeddable":true,"href":"https:\/\/diariodominicano.com\/index.php?rest_route=\/wp\/v2\/users\/3"}],"replies":[{"embeddable":true,"href":"https:\/\/diariodominicano.com\/index.php?rest_route=%2Fwp%2Fv2%2Fcomments&post=218825"}],"version-history":[{"count":0,"href":"https:\/\/diariodominicano.com\/index.php?rest_route=\/wp\/v2\/posts\/218825\/revisions"}],"wp:attachment":[{"href":"https:\/\/diariodominicano.com\/index.php?rest_route=%2Fwp%2Fv2%2Fmedia&parent=218825"}],"wp:term":[{"taxonomy":"category","embeddable":true,"href":"https:\/\/diariodominicano.com\/index.php?rest_route=%2Fwp%2Fv2%2Fcategories&post=218825"},{"taxonomy":"post_tag","embeddable":true,"href":"https:\/\/diariodominicano.com\/index.php?rest_route=%2Fwp%2Fv2%2Ftags&post=218825"}],"curies":[{"name":"wp","href":"https:\/\/api.w.org\/{rel}","templated":true}]}}