{"id":218824,"date":"2016-04-18T15:46:50","date_gmt":"2016-04-18T15:46:50","guid":{"rendered":"http:\/\/diariodominicano.ddns.net\/?p=218824"},"modified":"2016-04-18T15:46:50","modified_gmt":"2016-04-18T15:46:50","slug":"idac-y-asca-participan-en-feria-nacional-de-voluntariado-juvenil","status":"publish","type":"post","link":"https:\/\/diariodominicano.com\/?p=218824","title":{"rendered":"IDAC y ASCA participan en Feria Nacional de Voluntariado Juvenil"},"content":{"rendered":"<p><body><\/p>\n<p><img decoding=\"async\" src=\"img3\/NI-36-16.jpg\" \/>  <\/p>\n<\/p>\n<p><span class=\"text1noticias\">Santo Domingo. RD., 18 de abril.- El Instituto Dominicano de Aviaci\u00f3n Civil (IDAC) y la Academia Superior de Ciencias Aeron\u00e1uticas (ASCA) participaron en la XIV Feria Nacional de Voluntariado, que organiz\u00f3 la Red Sirve Quisqueya con motivo del D\u00eda Global del Voluntariado Juvenil, celebrada en la biblioteca Pedro Mir de la Universidad Aut\u00f3noma de Santo Domingo (UASD).<\/span><\/p>\n<\/p>\n<p><span class=\"text1noticias\">Bajo  \u00abObjetivos de Desarrollo Sostenible\u00bb, el evento de integraci\u00f3n se desarroll\u00f3 con el prop\u00f3sito de promover oportunidades de voluntariado, para contribuir con el cumplimiento de los 17 Objetivos de Desarrollo Sostenible que buscan reducir la pobreza, proteger el planeta y asegurar la prosperidad para todos, entre otros aspectos, como parte de una nueva agenda de desarrollo.<\/span><\/p>\n<\/p>\n<p><span class=\"text1noticias\">Durante la feria, el stand del IDAC recibi\u00f3 la visita de  decenas de entidades del tercer sector (ONG&#8217;s), estudiantes de la UASD y organizaciones de voluntariados.<\/span><\/p>\n<\/p>\n<p><span class=\"text1noticias\">El  IDAC, la Defensa Civil y Progresando con Solidaridad (PROSOLI) fueron las \u00fanicas instituciones p\u00fablicas invitadas a esta importante actividad.<\/span><\/p>\n<\/p>\n<p><span class=\"text1noticias\">Los representantes de la Red  Quisqueya Sirve, organismo coordinador de la feria, entregaron un reconocimiento al director general del IDAC, doctor Alejandro Herrera, por su contribuci\u00f3n al impulso del voluntariado dentro de esta instituci\u00f3n, el cual fue recibido por Luis Abreu y Nathalie Herasme, de Responsabilidad Social del IDAC y la ASCA, respectivamente.<\/span><\/p>\n<\/p>\n<p><span class=\"text1noticias\">La XIV Feria Nacional de Voluntariado Juvenil se llev\u00f3 a cabo como parte de las actividades del proyecto Apoyo para Facilitar la Participaci\u00f3n de la Sociedad Civil, del CARIFORUM-Rep\u00fablica Dominicana, en el Proceso de Desarrollo e Integraci\u00f3n Regional, ejecutado por Alianza ONG con el apoyo de la Uni\u00f3n Europea, en el marco de un convenio de financiaci\u00f3n firmado con el CARIFORUM.<\/span><\/p>\n<\/p>\n<p><span class=\"text1noticias\">Participaron en la actividad, adem\u00e1s de las instituciones citadas, ASODIFIMO, Academia de Actuaci\u00f3n Jeam Films, y la Academia Dominicana de Bomberos.<\/span><\/p>\n<\/p>\n<p><span class=\"text1noticias\">Tambi\u00e9n formaron parte de esta iniciativa, AIESEC, Alianza ONG, Asociaci\u00f3n T\u00fa Mujer, Acci\u00f3n Voluntaria, Children International, CIMUDIS, Cruz Roja Dominicana, FUNGLODE, SERVIR-D, Dominicana Solidaria, LAZOS, Juventud Empoderada, TECHO, UNFPA, Voluntariado Juvenil de la Direcci\u00f3n General de Desarrollo Fronterizo, y Teatro M\u00f3vil, entre otras<\/span>.<\/p>\n<\/p>\n<\/p>\n<h6> 2016-04-18 15:46:50 <\/h6>\n<p><!--\n<link rel=\"stylesheet\" href=\"css\/bootstrap.min.css\">\n\n\n<ul class=\"pagination\">\n\t    \n\t\n\n<li >\n\t<a href='?page_no=13206'>Previous<\/a>\n\t<\/li>\n\n\n       \n    \n\n<li><a href='?page_no=1'>1<\/a><\/li>\n\n\n\n<li><a href='?page_no=2'>2<\/a><\/li>\n\n\n\n<li><a>...<\/a><\/li>\n\n\n\n<li><a href='?page_no=13205'>13205<\/a><\/li>\n\n\n\n<li><a href='?page_no=13206'>13206<\/a><\/li>\n\n\n\n<li class='active'><a>13207<\/a><\/li>\n\n\n\n<li><a href='?page_no=13208'>13208<\/a><\/li>\n\n\n\n<li><a href='?page_no=13209'>13209<\/a><\/li>\n\n\n\n<li><a>...<\/a><\/li>\n\n\n\n<li><a href='?page_no=56169'>56169<\/a><\/li>\n\n\n\n<li><a href='?page_no=56170'>56170<\/a><\/li>\n\n    \n\t\n\n<li >\n\t<a href='?page_no=13208'>Next<\/a>\n\t<\/li>\n\n\n    \n\n<li><a href='?page_no=56170'>Last &rsaquo;&rsaquo;<\/a><\/li>\n\n<\/ul>\n\n\n--><br \/>\n<\/body><\/p>\n","protected":false},"excerpt":{"rendered":"<p>Santo Domingo. RD., 18 de abril.- El Instituto Dominicano de Aviaci\u00f3n Civil (IDAC) y la Academia Superior de Ciencias Aeron\u00e1uticas (ASCA) participaron en la XIV Feria Nacional de Voluntariado, que organiz\u00f3 la Red Sirve Quisqueya con motivo del D\u00eda Global del Voluntariado Juvenil, celebrada en la biblioteca Pedro Mir de la Universidad Aut\u00f3noma de Santo [&hellip;]<\/p>\n","protected":false},"author":3,"featured_media":0,"comment_status":"open","ping_status":"open","sticky":false,"template":"","format":"standard","meta":{"footnotes":""},"categories":[20],"tags":[],"class_list":["post-218824","post","type-post","status-publish","format-standard","hentry","category-dominicana-hoy"],"_links":{"self":[{"href":"https:\/\/diariodominicano.com\/index.php?rest_route=\/wp\/v2\/posts\/218824","targetHints":{"allow":["GET"]}}],"collection":[{"href":"https:\/\/diariodominicano.com\/index.php?rest_route=\/wp\/v2\/posts"}],"about":[{"href":"https:\/\/diariodominicano.com\/index.php?rest_route=\/wp\/v2\/types\/post"}],"author":[{"embeddable":true,"href":"https:\/\/diariodominicano.com\/index.php?rest_route=\/wp\/v2\/users\/3"}],"replies":[{"embeddable":true,"href":"https:\/\/diariodominicano.com\/index.php?rest_route=%2Fwp%2Fv2%2Fcomments&post=218824"}],"version-history":[{"count":0,"href":"https:\/\/diariodominicano.com\/index.php?rest_route=\/wp\/v2\/posts\/218824\/revisions"}],"wp:attachment":[{"href":"https:\/\/diariodominicano.com\/index.php?rest_route=%2Fwp%2Fv2%2Fmedia&parent=218824"}],"wp:term":[{"taxonomy":"category","embeddable":true,"href":"https:\/\/diariodominicano.com\/index.php?rest_route=%2Fwp%2Fv2%2Fcategories&post=218824"},{"taxonomy":"post_tag","embeddable":true,"href":"https:\/\/diariodominicano.com\/index.php?rest_route=%2Fwp%2Fv2%2Ftags&post=218824"}],"curies":[{"name":"wp","href":"https:\/\/api.w.org\/{rel}","templated":true}]}}