{"id":218823,"date":"2016-04-18T15:54:31","date_gmt":"2016-04-18T15:54:31","guid":{"rendered":"http:\/\/diariodominicano.ddns.net\/?p=218823"},"modified":"2016-04-18T15:54:31","modified_gmt":"2016-04-18T15:54:31","slug":"anuncia-investigacion-sobre-entrega-certificados-quisqueya-aprende-contigo","status":"publish","type":"post","link":"https:\/\/diariodominicano.com\/?p=218823","title":{"rendered":"Anuncia investigaci\u00f3n sobre entrega certificados Quisqueya Aprende Contigo"},"content":{"rendered":"<p><body><\/p>\n<p><img decoding=\"async\" src=\"img3\/contigo.jpg\" \/>  <\/p>\n<p><span class=\"text1noticias\">Santo Domingo, R. D., 18 de abril.- Por indicaci\u00f3n del Presidente Danilo Medina, me dirijo a ustedes, en mi calidad de Presidente de la Junta Nacional de Alfabetizaci\u00f3n, para informarles de las decisiones tomadas hoy como consecuencia de los hechos ocurridos en el transcurso del acto de graduaci\u00f3n celebrado el s\u00e1bado en el Distrito Nacional de Santo Domingo.<\/span><\/p>\n<p><span class=\"text1noticias\"> <\/span><\/p>\n<p><span class=\"text1noticias\">1. El Plan Nacional de Alfabetizaci\u00f3n se ha caracterizado por sus altos niveles de calidad y por haber recibido el reconocimiento de diversos organismos internacionales.<\/span><\/p>\n<p><span class=\"text1noticias\"> <\/span><\/p>\n<p><span class=\"text1noticias\">En ese sentido, y para asegurar que se mantienen en todos los casos esos est\u00e1ndares, realizaremos una investigaci\u00f3n sobre las 2,500 personas que recibieron sus certificados de graduaci\u00f3n el pasado s\u00e1bado.<\/span><\/p>\n<p><span class=\"text1noticias\"> <\/span><\/p>\n<p><span class=\"text1noticias\">El objetivo de esta evaluaci\u00f3n es garantizar que cada uno de los certificados se entreg\u00f3 correctamente a las personas que han culminado exitosamente su proceso de alfabetizaci\u00f3n y que, efectivamente, han cumplido con los objetivos pedag\u00f3gicos, es decir, han aprendido a leer y escribir.<\/span><\/p>\n<p><span class=\"text1noticias\"> <\/span><\/p>\n<p><span class=\"text1noticias\">2. Asimismo, lamentamos la situaci\u00f3n ocurrida durante la graduaci\u00f3n del pasado s\u00e1bado. Entendemos que en el referido acto pudieron darse errores humanos y que deben ser aclarados. Para ello, investigaremos tambi\u00e9n los hechos ocurridos durante la organizaci\u00f3n del evento, para establecer las responsabilidades pertinentes y, en caso de que sea necesario, tomar las medidas o correctivos que se consideren.<\/span><\/p>\n<p><span class=\"text1noticias\"> <\/span><\/p>\n<p><span class=\"text1noticias\">3. Dicha evaluaci\u00f3n estar\u00e1 a cargo de una comisi\u00f3n de la Junta Nacional de Alfabetizaci\u00f3n. La junta es un espacio plural en el que se encuentran representados los diferentes sectores del pa\u00eds: la iglesia cat\u00f3lica, las iglesias evang\u00e9licas, organizaciones no gubernamentales, universidades, sectores empresariales e instituciones gubernamentales.<\/span><\/p>\n<p><span class=\"text1noticias\"> <\/span><\/p>\n<p><span class=\"text1noticias\">4. Se suspenden los actos de entrega de certificados del programa Quisqueya Aprende Contigo, hasta el pr\u00f3ximo 15 de mayo, fecha en que finaliza el proceso electoral. Tomamos esta decisi\u00f3n con el objetivo de evitar que un programa cuya caracter\u00edstica ha sido la inclusi\u00f3n y participaci\u00f3n de todos los sectores de la sociedad y que no ha tenido ninguna bander\u00eda pol\u00edtica, pueda verse afectado por el clima pol\u00edtico electoral.<\/span><\/p>\n<p><span class=\"text1noticias\"> <\/span><\/p>\n<p><span class=\"text1noticias\">Recordamos que Quisqueya Aprende Contigo es una de las iniciativas m\u00e1s exitosas que ha llevado a cabo nuestro pa\u00eds, de manera conjunta y democr\u00e1tica.<\/span><\/p>\n<p><span class=\"text1noticias\"> <\/span><\/p>\n<p><span class=\"text1noticias\">El Gobierno hace una llamado a toda la sociedad para que continuemos trabajando juntos, con rigor y solidaridad para alcanzar la meta de superar el analfabetismo en nuestro pa\u00eds.<\/span><\/p>\n<h6> 2016-04-18 15:54:31 <\/h6>\n<p><!--\n<link rel=\"stylesheet\" href=\"css\/bootstrap.min.css\">\n\n\n<ul class=\"pagination\">\n\t    \n\t\n\n<li >\n\t<a href='?page_no=13205'>Previous<\/a>\n\t<\/li>\n\n\n       \n    \n\n<li><a href='?page_no=1'>1<\/a><\/li>\n\n\n\n<li><a href='?page_no=2'>2<\/a><\/li>\n\n\n\n<li><a>...<\/a><\/li>\n\n\n\n<li><a href='?page_no=13204'>13204<\/a><\/li>\n\n\n\n<li><a href='?page_no=13205'>13205<\/a><\/li>\n\n\n\n<li class='active'><a>13206<\/a><\/li>\n\n\n\n<li><a href='?page_no=13207'>13207<\/a><\/li>\n\n\n\n<li><a href='?page_no=13208'>13208<\/a><\/li>\n\n\n\n<li><a>...<\/a><\/li>\n\n\n\n<li><a href='?page_no=56169'>56169<\/a><\/li>\n\n\n\n<li><a href='?page_no=56170'>56170<\/a><\/li>\n\n    \n\t\n\n<li >\n\t<a href='?page_no=13207'>Next<\/a>\n\t<\/li>\n\n\n    \n\n<li><a href='?page_no=56170'>Last &rsaquo;&rsaquo;<\/a><\/li>\n\n<\/ul>\n\n\n--><br \/>\n<\/body><\/p>\n","protected":false},"excerpt":{"rendered":"<p>Santo Domingo, R. D., 18 de abril.- Por indicaci\u00f3n del Presidente Danilo Medina, me dirijo a ustedes, en mi calidad de Presidente de la Junta Nacional de Alfabetizaci\u00f3n, para informarles de las decisiones tomadas hoy como consecuencia de los hechos ocurridos en el transcurso del acto de graduaci\u00f3n celebrado el s\u00e1bado en el Distrito Nacional [&hellip;]<\/p>\n","protected":false},"author":3,"featured_media":0,"comment_status":"open","ping_status":"open","sticky":false,"template":"","format":"standard","meta":{"footnotes":""},"categories":[20],"tags":[],"class_list":["post-218823","post","type-post","status-publish","format-standard","hentry","category-dominicana-hoy"],"_links":{"self":[{"href":"https:\/\/diariodominicano.com\/index.php?rest_route=\/wp\/v2\/posts\/218823","targetHints":{"allow":["GET"]}}],"collection":[{"href":"https:\/\/diariodominicano.com\/index.php?rest_route=\/wp\/v2\/posts"}],"about":[{"href":"https:\/\/diariodominicano.com\/index.php?rest_route=\/wp\/v2\/types\/post"}],"author":[{"embeddable":true,"href":"https:\/\/diariodominicano.com\/index.php?rest_route=\/wp\/v2\/users\/3"}],"replies":[{"embeddable":true,"href":"https:\/\/diariodominicano.com\/index.php?rest_route=%2Fwp%2Fv2%2Fcomments&post=218823"}],"version-history":[{"count":0,"href":"https:\/\/diariodominicano.com\/index.php?rest_route=\/wp\/v2\/posts\/218823\/revisions"}],"wp:attachment":[{"href":"https:\/\/diariodominicano.com\/index.php?rest_route=%2Fwp%2Fv2%2Fmedia&parent=218823"}],"wp:term":[{"taxonomy":"category","embeddable":true,"href":"https:\/\/diariodominicano.com\/index.php?rest_route=%2Fwp%2Fv2%2Fcategories&post=218823"},{"taxonomy":"post_tag","embeddable":true,"href":"https:\/\/diariodominicano.com\/index.php?rest_route=%2Fwp%2Fv2%2Ftags&post=218823"}],"curies":[{"name":"wp","href":"https:\/\/api.w.org\/{rel}","templated":true}]}}