{"id":218821,"date":"2016-04-18T16:31:15","date_gmt":"2016-04-18T16:31:15","guid":{"rendered":"http:\/\/diariodominicano.ddns.net\/?p=218821"},"modified":"2016-04-18T16:31:15","modified_gmt":"2016-04-18T16:31:15","slug":"discutiran-sobre-la-produccion-y-medicion-estadistica-de-las-tic","status":"publish","type":"post","link":"https:\/\/diariodominicano.com\/?p=218821","title":{"rendered":"Discutir\u00e1n sobre la producci\u00f3n y medici\u00f3n estad\u00edstica de las TIC"},"content":{"rendered":"<p><body><\/p>\n<p><span class=\"text1noticias\"> <\/span><\/p>\n<p><span class=\"text1noticias\">Santo Domingo. RD., 18 de abril.-Expertos nacionales y extranjeros discutir\u00e1n la importancia de la medici\u00f3n estad\u00edstica de las Tecnolog\u00edas de la Informaci\u00f3n y la Comunicaci\u00f3n (TIC), as\u00ed como la situaci\u00f3n de un internet asequible en la Rep\u00fablica Dominicana,  durante un seminario-taller y reuni\u00f3n de la  Coalici\u00f3n Dominicana para una Internet Asequible (A4AI-RD).<\/span><\/p>\n<\/p>\n<p><span class=\"text1noticias\">Los dos eventos  se realizar\u00e1n a partir de las 9:00 de la ma\u00f1ana los d\u00edas 20 y 21 de este mes  en el sal\u00f3n Las Am\u00e9ricas del hotel Crown Plaza, en esta capital.<\/span><\/p>\n<\/p>\n<p><span class=\"text1noticias\">El seminario-taller \u00abLa importancia de la medici\u00f3n de las TIC para el desarrollo de la Sociedad de la Informacion en el contexto de la agenda de la ONU para el Desarrollo Sostenible\u00bb es organizado por el Indotel y la Alianza para una Internet Asequible (A4AI). Cuenta con la colaboraci\u00f3n de la Oficina Nacional de Estad\u00edstica (ONE) que coordina el Plan Estad\u00edstico Nacional de las TIC.<\/span><\/p>\n<\/p>\n<p><span class=\"text1noticias\">El evento ser\u00e1 presidido por Gede\u00f3n Santos, presidente del consejo directivo del Indotel, y Sonia Jorge, directora ejecutiva de la Alianza para una Internet Asequible (A4AI). Tambi\u00e9n, Pablo Tactuk, director de la Oficina Nacional de Estad\u00edstica (ONE) y Amparo Arango, encargada de relaciones internacionales del Indotel.<\/span><\/p>\n<p><span class=\"text1noticias\"> <\/span><\/p>\n<\/p>\n<p><span class=\"text1noticias\">Tiene como objetivo principal sensibilizar sobre la importancia de la producci\u00f3n de estad\u00edsticas TIC, consideradas esenciales para el monitoreo de la sociedad de la informaci\u00f3n y un recurso fundamental para la formulaci\u00f3n de pol\u00edticas p\u00fablicas. <\/span><\/p>\n<\/p>\n<p><span class=\"text1noticias\">Tambi\u00e9n,  identificar los desaf\u00edos del pa\u00eds en materia de monitoreo de las Pol\u00edticas P\u00fablicas de TIC a partir del aprovechamiento de buenas pr\u00e1cticas seguidas en Brasil, as\u00ed como avanzar en la coordinaci\u00f3n regional e internacional para la producci\u00f3n de estad\u00edsticas comparables y confiables.<\/span><\/p>\n<\/p>\n<p><span class=\"text1noticias\">En el taller se presentar\u00e1 el trabajo del Centro Regional de Estudios para el Desarrollo de la Sociedad de la Informacion (CETIC.br)  como ejemplo de producci\u00f3n de estad\u00edsticas TIC para pol\u00edticas p\u00fablicas en Brasil y alentar\u00e1 a especialistas dominicanos a evidenciar las fallas de la medici\u00f3n en el contexto de la Rep\u00fablica Dominicana.  <\/span><\/p>\n<\/p>\n<p><span class=\"text1noticias\">Contar\u00e1 con la participaci\u00f3n de los brasile\u00f1os Alexandre Fernandes Barbosa, director del Centro Regional de Estudios para el Desarrollo de la Sociedad de la Informacion (CETIC.br), y Tatiana Jereissati, coordinadora de los Proyectos Unesco del CETIC.br, bajo los auspicios de la Unesco con sede en Sao Paulo, Brasil.<\/span><\/p>\n<p><span class=\"text1noticias\"> <\/span><\/p>\n<\/p>\n<p><span class=\"text1noticias\">La situaci\u00f3n de la medici\u00f3n de las TIC en la Rep\u00fablica Dominicana estar\u00e1 a cargo del director de Estad\u00edstica (ONE), Pablo Tactuk, y de Mirna Gonzalez, coordinadora de la Comisi\u00f3n Nacional para la Sociedad de la Informaci\u00f3n (CNSIC\/Indotel), quienes expondr\u00e1n sobre el Plan Estad\u00edstico Nacional de las TIC (PEN-TIC) y los indicadores de la Agenda Digital 2016-2020.<\/span><\/p>\n<p><span class=\"text1noticias\">  <\/span><\/p>\n<\/p>\n<p><span class=\"text1noticias\">La actividad est\u00e1 dirigida a funcionarios\/os del sector p\u00fablico, investigadores\/as, universitarios\/as, empresarios\/as y representantes de organizaciones de la sociedad civil con inter\u00e9s en el tema.   <\/span><\/p>\n<p><span class=\"text1noticias\"> <\/span><\/p>\n<\/p>\n<p><span class=\"text1noticias\">La Coalici\u00f3n de Internet<\/span><\/p>\n<p><span class=\"text1noticias\"> <\/span><\/p>\n<p><span class=\"text1noticias\">Asimismo, a partir de las 8:30 de la ma\u00f1ana del jueves 21 se realizar\u00e1 la reuni\u00f3n semestral de la Coalici\u00f3n Dominicana para una Internet Asequible (A4AI-RD), orientado a socializar los avances de cada uno de los cuatro grupos de trabajo de la Coalici\u00f3n, que incluye la Agenda Digital, Fiscalidad y financiamiento de las TIC, Datos e investigaci\u00f3n e Infraestructuras compartidas y acceso abierto.<\/span><\/p>\n<p><span class=\"text1noticias\"> <\/span><\/p>\n<\/p>\n<p><span class=\"text1noticias\">Se evaluar\u00e1n, adem\u00e1s, las necesidades de apoyo, se ajustar\u00e1n los planes de trabajo en funci\u00f3n de los resultados y compartir\u00e1n perspectivas.   <\/span><\/p>\n<p><span class=\"text1noticias\"> <\/span><\/p>\n<\/p>\n<p><span class=\"text1noticias\">Tambi\u00e9n se rendir\u00e1 el informe de los resultados del seminario-taller facilitado por el Cetic.br, adem\u00e1s de la presentaci\u00f3n de la \u00faltima versi\u00f3n  del Informe de Asequibilidad 2015, que trae nuevas recomendaciones de pol\u00edticas p\u00fablicas innovadoras y provocadoras, y la propuesta \u00ab1&#215;2\u00bb que apunta modificar el criterio de asequibilidad de la Comisi\u00f3n Banda Ancha de las Naciones Unidas. <\/span> <\/p>\n<\/p>\n<h6> 2016-04-18 16:31:15 <\/h6>\n<p><!--\n<link rel=\"stylesheet\" href=\"css\/bootstrap.min.css\">\n\n\n<ul class=\"pagination\">\n\t    \n\t\n\n<li >\n\t<a href='?page_no=13203'>Previous<\/a>\n\t<\/li>\n\n\n       \n    \n\n<li><a href='?page_no=1'>1<\/a><\/li>\n\n\n\n<li><a href='?page_no=2'>2<\/a><\/li>\n\n\n\n<li><a>...<\/a><\/li>\n\n\n\n<li><a href='?page_no=13202'>13202<\/a><\/li>\n\n\n\n<li><a href='?page_no=13203'>13203<\/a><\/li>\n\n\n\n<li class='active'><a>13204<\/a><\/li>\n\n\n\n<li><a href='?page_no=13205'>13205<\/a><\/li>\n\n\n\n<li><a href='?page_no=13206'>13206<\/a><\/li>\n\n\n\n<li><a>...<\/a><\/li>\n\n\n\n<li><a href='?page_no=56169'>56169<\/a><\/li>\n\n\n\n<li><a href='?page_no=56170'>56170<\/a><\/li>\n\n    \n\t\n\n<li >\n\t<a href='?page_no=13205'>Next<\/a>\n\t<\/li>\n\n\n    \n\n<li><a href='?page_no=56170'>Last &rsaquo;&rsaquo;<\/a><\/li>\n\n<\/ul>\n\n\n--><br \/>\n<\/body><\/p>\n","protected":false},"excerpt":{"rendered":"<p>Santo Domingo. RD., 18 de abril.-Expertos nacionales y extranjeros discutir\u00e1n la importancia de la medici\u00f3n estad\u00edstica de las Tecnolog\u00edas de la Informaci\u00f3n y la Comunicaci\u00f3n (TIC), as\u00ed como la situaci\u00f3n de un internet asequible en la Rep\u00fablica Dominicana, durante un seminario-taller y reuni\u00f3n de la Coalici\u00f3n Dominicana para una Internet Asequible (A4AI-RD). Los dos eventos [&hellip;]<\/p>\n","protected":false},"author":3,"featured_media":0,"comment_status":"open","ping_status":"open","sticky":false,"template":"","format":"standard","meta":{"footnotes":""},"categories":[20],"tags":[],"class_list":["post-218821","post","type-post","status-publish","format-standard","hentry","category-dominicana-hoy"],"_links":{"self":[{"href":"https:\/\/diariodominicano.com\/index.php?rest_route=\/wp\/v2\/posts\/218821","targetHints":{"allow":["GET"]}}],"collection":[{"href":"https:\/\/diariodominicano.com\/index.php?rest_route=\/wp\/v2\/posts"}],"about":[{"href":"https:\/\/diariodominicano.com\/index.php?rest_route=\/wp\/v2\/types\/post"}],"author":[{"embeddable":true,"href":"https:\/\/diariodominicano.com\/index.php?rest_route=\/wp\/v2\/users\/3"}],"replies":[{"embeddable":true,"href":"https:\/\/diariodominicano.com\/index.php?rest_route=%2Fwp%2Fv2%2Fcomments&post=218821"}],"version-history":[{"count":0,"href":"https:\/\/diariodominicano.com\/index.php?rest_route=\/wp\/v2\/posts\/218821\/revisions"}],"wp:attachment":[{"href":"https:\/\/diariodominicano.com\/index.php?rest_route=%2Fwp%2Fv2%2Fmedia&parent=218821"}],"wp:term":[{"taxonomy":"category","embeddable":true,"href":"https:\/\/diariodominicano.com\/index.php?rest_route=%2Fwp%2Fv2%2Fcategories&post=218821"},{"taxonomy":"post_tag","embeddable":true,"href":"https:\/\/diariodominicano.com\/index.php?rest_route=%2Fwp%2Fv2%2Ftags&post=218821"}],"curies":[{"name":"wp","href":"https:\/\/api.w.org\/{rel}","templated":true}]}}