{"id":218818,"date":"2016-04-19T14:31:28","date_gmt":"2016-04-19T14:31:28","guid":{"rendered":"http:\/\/diariodominicano.ddns.net\/?p=218818"},"modified":"2016-04-19T14:31:28","modified_gmt":"2016-04-19T14:31:28","slug":"juramentan-comision-desarrollo-sostenible-agenda-2030","status":"publish","type":"post","link":"https:\/\/diariodominicano.com\/?p=218818","title":{"rendered":"Juramentan Comisi\u00f3n Desarrollo Sostenible Agenda 2030"},"content":{"rendered":"<p><body><\/p>\n<p><img decoding=\"async\" src=\"img3\/Juramentacion.jpg\" \/>  <\/p>\n<p><strong><span class=\"text1noticias\">Santo Domingo, R. D., 19 de abril.-<\/span><\/strong><span class=\"text1noticias\"> El  presidente Danilo Medina jurament\u00f3 a la Comisi\u00f3n para el Desarrollo Sostenible de la Agenda 2030, la cual plantea que  a partir del a\u00f1o 2000,  el dise\u00f1o de las pol\u00edticas, las estrategias y los esfuerzos nacionales, regionales y globales hasta sociedades m\u00e1s pr\u00f3speras e inclusivas.<\/span><\/p>\n<p><span class=\"text1noticias\"> <\/span><\/p>\n<p><span class=\"text1noticias\">La creaci\u00f3n de este organismo est\u00e1 contenida en el decreto 23-16 y tiene como mandato trazar la ruta para una efectiva implementaci\u00f3n de la Agenda 20-30 para el desarrollo sostenible.<\/span><\/p>\n<p><span class=\"text1noticias\"> <\/span><\/p>\n<p><span class=\"text1noticias\">Designa al Ministerio de Econom\u00eda, Planificaci\u00f3n y Desarrollo para que ejerza como punto focal de la coordinaci\u00f3n y la articulaci\u00f3n interinstitucional para los prop\u00f3sitos de esa instituci\u00f3n.<\/span><\/p>\n<\/p>\n<p><span class=\"text1noticias\">De igual modo, el Ministerio de Relaciones Exteriores en coordinaci\u00f3n con Econom\u00eda, Planificaci\u00f3n y Desarrollo, har\u00e1 lo propio en lo relativo a las negociaciones internacionales, en el marco de la Agenda de Desarrollo.<\/span><\/p>\n<p><span class=\"text1noticias\"> <\/span><\/p>\n<p><span class=\"text1noticias\">Entre las funciones de la comisi\u00f3n  est\u00e1 acoger las mejores pr\u00e1cticas, definiendo los mecanismos metodol\u00f3gicos que correspondan para la implementaci\u00f3n de la Agenda 2030.<\/span><\/p>\n<\/p>\n<p><span class=\"text1noticias\">Tambi\u00e9n identificar los sectores p\u00fablicos y privados con responsabilidades intersectoriales, con fines de propiciar sinergias y contribuir al cumplimiento de las diferentes metas.<\/span><\/p>\n<p><span class=\"text1noticias\"> <\/span><\/p>\n<p><span class=\"text1noticias\"><strong>Integrantes de la Comisi\u00f3n<\/strong><\/span><\/p>\n<p><span class=\"text1noticias\"> <\/span><\/p>\n<p><span class=\"text1noticias\">Los miembros de la Comisi\u00f3n para el Desarrollo Sostenible de la Agenda 2030 juramentados por el presidente Danilo Medina, en el sal\u00f3n de Embajadores del Palacio Nacional, fueron la vicepresidenta Margarita Cede\u00f1o, del Gabinete de Coordinaci\u00f3n de Pol\u00edticas Sociales de la Presidencia.<\/span><\/p>\n<p><span class=\"text1noticias\"> <\/span><\/p>\n<p><span class=\"text1noticias\">Los ministros de la Presidencia, Gustavo Montalvo; de Econom\u00eda, Planificaci\u00f3n y Desarrollo, Juan Tem\u00edstocles Mont\u00e1s, quien coordina la Comisi\u00f3n; de Relaciones Exteriores, Andr\u00e9s Navarro; de Agricultura, \u00c1ngel Est\u00e9vez; de Medio Ambiente, Bautista Rojas; de Energ\u00eda y Minas, Antonio Isa Conde y de Educaci\u00f3n, Carlos Amarante Baret.<\/span><\/p>\n<\/p>\n<p><span class=\"text1noticias\">Los  ministerios de la Mujer, Alejandrina Germ\u00e1n y de Educaci\u00f3n Superior, Ciencia y Tecnolog\u00eda, Ligia Amada Melo. Tambi\u00e9n, el presidente de la Federaci\u00f3n Dominicana de Municipios, Rafael Hidalgo; el vicepresidente ejecutivo del Consejo Nacional para el Cambio Clim\u00e1tico, Omar Ram\u00edrez y el director de la Oficina de Estad\u00edsticas, Pablo Tactuk.<\/span><\/p>\n<p><span class=\"text1noticias\"> <\/span><\/p>\n<p><span class=\"text1noticias\">Otros integrantes juramentados por el presidente Danilo Medina son, Jos\u00e9 Joaqu\u00edn Bid\u00f3 Medina, director de la Comisi\u00f3n de \u00c9tica e Integridad Gubernamental; V\u00edctor Terrero, director del Consejo Nacional para VIH y SIDA; Nathalie Mar\u00eda Hern\u00e1ndez, directora del Consejo Nacional para Envejecientes; Osmar Ben\u00edtez, presidente ejecutivo de la Junta Agroempresarial Dominicana y Melba Segura de Grull\u00f3n, presidenta de la Fundaci\u00f3n Sur Futuro.<\/span><\/p>\n<p><span class=\"text1noticias\"> <\/span><\/p>\n<p><span class=\"text1noticias\">Tambi\u00e9n forman parte de la Comisi\u00f3n los ministerios de Industria y Comercio, Salud P\u00fablica, Trabajo, Hacienda, un representante del sector empresarial, tres representantes de la Sociedad Civil y el Consejo Econ\u00f3mico y Social.<\/span><\/p>\n<h6> 2016-04-19 14:31:28 <\/h6>\n<p><!--\n<link rel=\"stylesheet\" href=\"css\/bootstrap.min.css\">\n\n\n<ul class=\"pagination\">\n\t    \n\t\n\n<li >\n\t<a href='?page_no=13200'>Previous<\/a>\n\t<\/li>\n\n\n       \n    \n\n<li><a href='?page_no=1'>1<\/a><\/li>\n\n\n\n<li><a href='?page_no=2'>2<\/a><\/li>\n\n\n\n<li><a>...<\/a><\/li>\n\n\n\n<li><a href='?page_no=13199'>13199<\/a><\/li>\n\n\n\n<li><a href='?page_no=13200'>13200<\/a><\/li>\n\n\n\n<li class='active'><a>13201<\/a><\/li>\n\n\n\n<li><a href='?page_no=13202'>13202<\/a><\/li>\n\n\n\n<li><a href='?page_no=13203'>13203<\/a><\/li>\n\n\n\n<li><a>...<\/a><\/li>\n\n\n\n<li><a href='?page_no=56169'>56169<\/a><\/li>\n\n\n\n<li><a href='?page_no=56170'>56170<\/a><\/li>\n\n    \n\t\n\n<li >\n\t<a href='?page_no=13202'>Next<\/a>\n\t<\/li>\n\n\n    \n\n<li><a href='?page_no=56170'>Last &rsaquo;&rsaquo;<\/a><\/li>\n\n<\/ul>\n\n\n--><br \/>\n<\/body><\/p>\n","protected":false},"excerpt":{"rendered":"<p>Santo Domingo, R. D., 19 de abril.- El presidente Danilo Medina jurament\u00f3 a la Comisi\u00f3n para el Desarrollo Sostenible de la Agenda 2030, la cual plantea que a partir del a\u00f1o 2000, el dise\u00f1o de las pol\u00edticas, las estrategias y los esfuerzos nacionales, regionales y globales hasta sociedades m\u00e1s pr\u00f3speras e inclusivas. La creaci\u00f3n de [&hellip;]<\/p>\n","protected":false},"author":3,"featured_media":0,"comment_status":"open","ping_status":"open","sticky":false,"template":"","format":"standard","meta":{"footnotes":""},"categories":[20],"tags":[],"class_list":["post-218818","post","type-post","status-publish","format-standard","hentry","category-dominicana-hoy"],"_links":{"self":[{"href":"https:\/\/diariodominicano.com\/index.php?rest_route=\/wp\/v2\/posts\/218818","targetHints":{"allow":["GET"]}}],"collection":[{"href":"https:\/\/diariodominicano.com\/index.php?rest_route=\/wp\/v2\/posts"}],"about":[{"href":"https:\/\/diariodominicano.com\/index.php?rest_route=\/wp\/v2\/types\/post"}],"author":[{"embeddable":true,"href":"https:\/\/diariodominicano.com\/index.php?rest_route=\/wp\/v2\/users\/3"}],"replies":[{"embeddable":true,"href":"https:\/\/diariodominicano.com\/index.php?rest_route=%2Fwp%2Fv2%2Fcomments&post=218818"}],"version-history":[{"count":0,"href":"https:\/\/diariodominicano.com\/index.php?rest_route=\/wp\/v2\/posts\/218818\/revisions"}],"wp:attachment":[{"href":"https:\/\/diariodominicano.com\/index.php?rest_route=%2Fwp%2Fv2%2Fmedia&parent=218818"}],"wp:term":[{"taxonomy":"category","embeddable":true,"href":"https:\/\/diariodominicano.com\/index.php?rest_route=%2Fwp%2Fv2%2Fcategories&post=218818"},{"taxonomy":"post_tag","embeddable":true,"href":"https:\/\/diariodominicano.com\/index.php?rest_route=%2Fwp%2Fv2%2Ftags&post=218818"}],"curies":[{"name":"wp","href":"https:\/\/api.w.org\/{rel}","templated":true}]}}