{"id":218817,"date":"2016-04-19T15:43:03","date_gmt":"2016-04-19T15:43:03","guid":{"rendered":"http:\/\/diariodominicano.ddns.net\/?p=218817"},"modified":"2016-04-19T15:43:03","modified_gmt":"2016-04-19T15:43:03","slug":"cancilleria-confirma-muerte-de-un-dominicano-en-terremoto-de-ecuador","status":"publish","type":"post","link":"https:\/\/diariodominicano.com\/?p=218817","title":{"rendered":"Canciller\u00eda confirma muerte de un dominicano en terremoto de Ecuador"},"content":{"rendered":"<p><body><\/p>\n<p><img decoding=\"async\" src=\"img3\/CANCILLERIA INFORME.jpg\" \/>  <\/p>\n<\/p>\n<p><span class=\"text1noticias\">Santo Domingo. RD., 19 de abril.- El Ministerio de Relaciones Exteriores inform\u00f3 que dentro de las v\u00edctimas del sismo de 7,8 grados en escala de Richter que tuvo como epicentro la costa de Ecuador, falleci\u00f3 un hombre dominicano de 49 a\u00f1os de edad, oriundo de la provincia S\u00e1nchez Ram\u00edrez en la Rep\u00fablica Dominicana.<\/span><\/p>\n<\/p>\n<p><span class=\"text1noticias\">El MIREX expresa su m\u00e1s profunda muestra de solidaridad con los familiares del ciudadano dominicano Miguel Payano, quien fue identificado por la Fiscal\u00eda General del Estado, como una de las v\u00edctimas del terremoto, en la ciudad de Pedernales, Ecuador. <\/span><\/p>\n<\/p>\n<p><span class=\"text1noticias\">El vocero de la Canciller\u00eda, Miguel Medina, inform\u00f3 que el ciudadano dominicano, Miguel Payano, de 49 a\u00f1os de edad, seg\u00fan consta en su c\u00e9dula de identidad, es oriundo de la provincia S\u00e1nchez Ram\u00edrez, en la Rep\u00fablica Dominicana.<\/span><\/p>\n<\/p>\n<\/p>\n<p><span class=\"text1noticias\">Medina asegur\u00f3 que,\u00bbnuestra embajada dominicana en ese pa\u00eds, ha estado en contacto con las autoridades y los dominicanos que residen en Guayaquil, Santo Domingo, Tungurahua, Ibarra y Quito, zonas donde se sinti\u00f3 con m\u00e1s fuerza el fen\u00f3meno natural, ya que nuestra principal misi\u00f3n, es proteger y velar por el bienestar de los dominicanos en todo el mundo, y este caso espec\u00edfico, los que residen en Ecuador.<\/span><\/p>\n<\/p>\n<h6> 2016-04-19 15:43:03 <\/h6>\n<p><!--\n<link rel=\"stylesheet\" href=\"css\/bootstrap.min.css\">\n\n\n<ul class=\"pagination\">\n\t    \n\t\n\n<li >\n\t<a href='?page_no=13199'>Previous<\/a>\n\t<\/li>\n\n\n       \n    \n\n<li><a href='?page_no=1'>1<\/a><\/li>\n\n\n\n<li><a href='?page_no=2'>2<\/a><\/li>\n\n\n\n<li><a>...<\/a><\/li>\n\n\n\n<li><a href='?page_no=13198'>13198<\/a><\/li>\n\n\n\n<li><a href='?page_no=13199'>13199<\/a><\/li>\n\n\n\n<li class='active'><a>13200<\/a><\/li>\n\n\n\n<li><a href='?page_no=13201'>13201<\/a><\/li>\n\n\n\n<li><a href='?page_no=13202'>13202<\/a><\/li>\n\n\n\n<li><a>...<\/a><\/li>\n\n\n\n<li><a href='?page_no=56169'>56169<\/a><\/li>\n\n\n\n<li><a href='?page_no=56170'>56170<\/a><\/li>\n\n    \n\t\n\n<li >\n\t<a href='?page_no=13201'>Next<\/a>\n\t<\/li>\n\n\n    \n\n<li><a href='?page_no=56170'>Last &rsaquo;&rsaquo;<\/a><\/li>\n\n<\/ul>\n\n\n--><br \/>\n<\/body><\/p>\n","protected":false},"excerpt":{"rendered":"<p>Santo Domingo. RD., 19 de abril.- El Ministerio de Relaciones Exteriores inform\u00f3 que dentro de las v\u00edctimas del sismo de 7,8 grados en escala de Richter que tuvo como epicentro la costa de Ecuador, falleci\u00f3 un hombre dominicano de 49 a\u00f1os de edad, oriundo de la provincia S\u00e1nchez Ram\u00edrez en la Rep\u00fablica Dominicana. El MIREX [&hellip;]<\/p>\n","protected":false},"author":3,"featured_media":0,"comment_status":"open","ping_status":"open","sticky":false,"template":"","format":"standard","meta":{"footnotes":""},"categories":[20],"tags":[],"class_list":["post-218817","post","type-post","status-publish","format-standard","hentry","category-dominicana-hoy"],"_links":{"self":[{"href":"https:\/\/diariodominicano.com\/index.php?rest_route=\/wp\/v2\/posts\/218817","targetHints":{"allow":["GET"]}}],"collection":[{"href":"https:\/\/diariodominicano.com\/index.php?rest_route=\/wp\/v2\/posts"}],"about":[{"href":"https:\/\/diariodominicano.com\/index.php?rest_route=\/wp\/v2\/types\/post"}],"author":[{"embeddable":true,"href":"https:\/\/diariodominicano.com\/index.php?rest_route=\/wp\/v2\/users\/3"}],"replies":[{"embeddable":true,"href":"https:\/\/diariodominicano.com\/index.php?rest_route=%2Fwp%2Fv2%2Fcomments&post=218817"}],"version-history":[{"count":0,"href":"https:\/\/diariodominicano.com\/index.php?rest_route=\/wp\/v2\/posts\/218817\/revisions"}],"wp:attachment":[{"href":"https:\/\/diariodominicano.com\/index.php?rest_route=%2Fwp%2Fv2%2Fmedia&parent=218817"}],"wp:term":[{"taxonomy":"category","embeddable":true,"href":"https:\/\/diariodominicano.com\/index.php?rest_route=%2Fwp%2Fv2%2Fcategories&post=218817"},{"taxonomy":"post_tag","embeddable":true,"href":"https:\/\/diariodominicano.com\/index.php?rest_route=%2Fwp%2Fv2%2Ftags&post=218817"}],"curies":[{"name":"wp","href":"https:\/\/api.w.org\/{rel}","templated":true}]}}